{"id":241065,"date":"2019-12-11T15:15:12","date_gmt":"2019-12-11T17:15:12","guid":{"rendered":"https:\/\/jundiai.sp.gov.br\/noticias\/?p=241065"},"modified":"2019-12-11T15:16:30","modified_gmt":"2019-12-11T17:16:30","slug":"jori-na-reta-final-disputas-se-acirram-entre-as-cidades","status":"publish","type":"post","link":"https:\/\/jundiai.sp.gov.br\/noticias\/2019\/12\/11\/jori-na-reta-final-disputas-se-acirram-entre-as-cidades\/","title":{"rendered":"JORI: Na reta final, disputas se acirram entre as cidades"},"content":{"rendered":"<p>No balan\u00e7o liberado pela Secretaria de Estado de Esporte, at\u00e9 o in\u00edcio das competi\u00e7\u00f5es desta quarta-feira\u00a0 (11), a soma dos pontos conquistados\u00a0 pelas cidades na etapa Final da 23 edi\u00e7\u00e3o dos Jogos Regionais do Idoso (JORI), coloca Jundia\u00ed, com os atletas do TIME Jundia\u00ed, na segunda coloca\u00e7\u00e3o, empatado com Santo Andr\u00e9,\u00a0 com 18 pontos. No entanto,\u00a0 a competi\u00e7\u00e3o entra na reta final com disputa ponto a ponto entre as equipes. A meta dos jundiaienses \u00e9 chegar na quinta-feira (12), disputando as finas.<\/p>\n<p><img loading=\"lazy\" decoding=\"async\" class=\"aligncenter size-full wp-image-241086\" src=\"https:\/\/jundiai.sp.gov.br\/noticias\/wp-content\/uploads\/sites\/32\/2019\/12\/jori-volei-masculino_c_-28.jpg\" alt=\"\" width=\"1249\" height=\"833\" srcset=\"https:\/\/jundiai.sp.gov.br\/noticias\/wp-content\/uploads\/sites\/32\/2019\/12\/jori-volei-masculino_c_-28.jpg 1249w, https:\/\/jundiai.sp.gov.br\/noticias\/wp-content\/uploads\/sites\/32\/2019\/12\/jori-volei-masculino_c_-28-300x200.jpg 300w, https:\/\/jundiai.sp.gov.br\/noticias\/wp-content\/uploads\/sites\/32\/2019\/12\/jori-volei-masculino_c_-28-768x512.jpg 768w, https:\/\/jundiai.sp.gov.br\/noticias\/wp-content\/uploads\/sites\/32\/2019\/12\/jori-volei-masculino_c_-28-450x300.jpg 450w\" sizes=\"auto, (max-width: 1249px) 100vw, 1249px\" \/><\/p>\n<p>As equipes masculinas de V\u00f4lei Adaptado venceram as primeiras disputas, contra as cidades de Osasco e Franca.\u00a0 &#8220;A partida contra Osasco, foi definida por dois pontos de diferen\u00e7a. No per\u00edodo da tarde, as partidas ser\u00e3o semifinais com sabor de finais, j\u00e1 que no ano passado ficamos em segundo na etapa final exatamente contra as cidades que devem ser nossas advers\u00e1rias, no per\u00edodo tarde&#8221;, comentou a treinadora da equipe masculina, educadora f\u00edsica,\u00a0 Andrea Censi.<\/p>\n<p>Para o gestor da Unidade de Gest\u00e3o de Esporte e Lazer (UGEL), Luiz Trientini, a competi\u00e7\u00e3o atinge os objetivos determinados pela organiza\u00e7\u00e3o, com a estrutura para atender 2,6 mil atletas em v\u00e1rios locais com competi\u00e7\u00f5es simult\u00e2neas e atividades de entretenimento&#8221;, explica o gestor.<\/p>\n<p>Os resultados e informa\u00e7\u00f5es sobre a competi\u00e7\u00e3o podem ser acompanhados pelo site da <a href=\"http:\/\/Www.jundiai.sp.gov.br\/jori\">Prefeitura de Jundia\u00ed.<\/a><\/p>\n<p><strong>Assessoria de Imprensa<\/strong><br \/>\n<strong>Fotos: Fot\u00f3grafos PMJ<\/strong><\/p>\n","protected":false},"excerpt":{"rendered":"<p>No balan\u00e7o liberado pela Secretaria de Estado de Esporte, at\u00e9 o in\u00edcio das competi\u00e7\u00f5es desta quarta-feira\u00a0 (11), a soma dos pontos conquistados\u00a0 pelas cidades na etapa Final da 23 edi\u00e7\u00e3o dos Jogos Regionais do Idoso (JORI), coloca Jundia\u00ed, com os atletas do TIME Jundia\u00ed, na segunda coloca\u00e7\u00e3o, empatado com Santo Andr\u00e9,\u00a0 com 18 pontos. No [&hellip;]<\/p>\n","protected":false},"author":39,"featured_media":0,"comment_status":"closed","ping_status":"closed","sticky":false,"template":"","format":"standard","meta":{"footnotes":""},"categories":[2],"tags":[181],"ods":[],"class_list":["post-241065","post","type-post","status-publish","format-standard","hentry","category-noticias","tag-jogos-regionais-do-idoso-jori"],"_links":{"self":[{"href":"https:\/\/jundiai.sp.gov.br\/noticias\/wp-json\/wp\/v2\/posts\/241065","targetHints":{"allow":["GET"]}}],"collection":[{"href":"https:\/\/jundiai.sp.gov.br\/noticias\/wp-json\/wp\/v2\/posts"}],"about":[{"href":"https:\/\/jundiai.sp.gov.br\/noticias\/wp-json\/wp\/v2\/types\/post"}],"author":[{"embeddable":true,"href":"https:\/\/jundiai.sp.gov.br\/noticias\/wp-json\/wp\/v2\/users\/39"}],"replies":[{"embeddable":true,"href":"https:\/\/jundiai.sp.gov.br\/noticias\/wp-json\/wp\/v2\/comments?post=241065"}],"version-history":[{"count":6,"href":"https:\/\/jundiai.sp.gov.br\/noticias\/wp-json\/wp\/v2\/posts\/241065\/revisions"}],"predecessor-version":[{"id":241088,"href":"https:\/\/jundiai.sp.gov.br\/noticias\/wp-json\/wp\/v2\/posts\/241065\/revisions\/241088"}],"wp:attachment":[{"href":"https:\/\/jundiai.sp.gov.br\/noticias\/wp-json\/wp\/v2\/media?parent=241065"}],"wp:term":[{"taxonomy":"category","embeddable":true,"href":"https:\/\/jundiai.sp.gov.br\/noticias\/wp-json\/wp\/v2\/categories?post=241065"},{"taxonomy":"post_tag","embeddable":true,"href":"https:\/\/jundiai.sp.gov.br\/noticias\/wp-json\/wp\/v2\/tags?post=241065"},{"taxonomy":"ods","embeddable":true,"href":"https:\/\/jundiai.sp.gov.br\/noticias\/wp-json\/wp\/v2\/ods?post=241065"}],"curies":[{"name":"wp","href":"https:\/\/api.w.org\/{rel}","templated":true}]}}