{"id":241109,"date":"2019-12-11T18:25:58","date_gmt":"2019-12-11T20:25:58","guid":{"rendered":"https:\/\/jundiai.sp.gov.br\/noticias\/?p=241109"},"modified":"2019-12-12T17:22:18","modified_gmt":"2019-12-12T19:22:18","slug":"gmj-e-destaque-durante-encontro-que-reune-agentes-de-seguranca-do-estado","status":"publish","type":"post","link":"https:\/\/jundiai.sp.gov.br\/noticias\/2019\/12\/11\/gmj-e-destaque-durante-encontro-que-reune-agentes-de-seguranca-do-estado\/","title":{"rendered":"GMJ participa de integra\u00e7\u00e3o com outras Guardas do Estado"},"content":{"rendered":"<div id=\"attachment_241112\" style=\"width: 1290px\" class=\"wp-caption aligncenter\"><img loading=\"lazy\" decoding=\"async\" aria-describedby=\"caption-attachment-241112\" class=\"size-full wp-image-241112\" src=\"https:\/\/jundiai.sp.gov.br\/noticias\/wp-content\/uploads\/sites\/32\/2019\/12\/gmjfeminina-encontro-dezembro-2019-2.jpg\" alt=\"\" width=\"1280\" height=\"960\" srcset=\"https:\/\/jundiai.sp.gov.br\/noticias\/wp-content\/uploads\/sites\/32\/2019\/12\/gmjfeminina-encontro-dezembro-2019-2.jpg 1280w, https:\/\/jundiai.sp.gov.br\/noticias\/wp-content\/uploads\/sites\/32\/2019\/12\/gmjfeminina-encontro-dezembro-2019-2-300x225.jpg 300w, https:\/\/jundiai.sp.gov.br\/noticias\/wp-content\/uploads\/sites\/32\/2019\/12\/gmjfeminina-encontro-dezembro-2019-2-768x576.jpg 768w\" sizes=\"auto, (max-width: 1280px) 100vw, 1280px\" \/><p id=\"caption-attachment-241112\" class=\"wp-caption-text\">Grupo representou as demais integrantes da Corpora\u00e7\u00e3o, refor\u00e7ando o trabalho que \u00e9 realizado diuturnamente<\/p><\/div>\n<p>O 2\u00ba Encontro de Guardas Municipais Femininas do Estado de S\u00e3o Paulo, realizado nesta semana em Santana de Parna\u00edba, reuniu centenas de representantes da seguran\u00e7a p\u00fablica.\u00a0 A Guarda Municipal de Jundia\u00ed participou da atividade para troca de experi\u00eancias com agentes de outras corpora\u00e7\u00f5es paulistas.<\/p>\n<p>O \u2018feminic\u00eddio\u2019, a Lei Maria da Penha e at\u00e9 mesmo a campanha contra viol\u00eancia \u00e0s mulheres estiveram na pauta da iniciativa. A necessidade dos Equipamentos de Prote\u00e7\u00e3o Individual (EPIs), sa\u00fade de agentes de seguran\u00e7a e suic\u00eddio tamb\u00e9m estiveram na pauta.<\/p>\n<p>Se na primeira atividade organizada em 2018 Jundia\u00ed enviou apenas duas guardas municipais, agora foram mais de 16 mulheres atuantes em diferentes \u00e1reas. \u201cRefletir sobre a Lei Maria da Penha foi de grande import\u00e2ncia. Jundia\u00ed \u00e9 uma das cidades que conta com a equipe especializada em atua\u00e7\u00e3o 24 horas, em tempo real\u201d, ressaltou a GM Lorenti, integrante do Centro de Instru\u00e7\u00e3o e Forma\u00e7\u00e3o da GMJ.<\/p>\n<p>O tema \u2018mulheres no comando\u2019 e o aumento do efetivo feminino nas corpora\u00e7\u00f5es de diferentes localidades do Estado tamb\u00e9m estiveram entre os itens debatidos. \u201cFoi uma experi\u00eancia maravilhosa, n\u00e3o imaginava que havia tantas mulheres guardas. O grande aprendizado para mim tamb\u00e9m foi conhecer as pr\u00f3prias colegas de profiss\u00e3o que al\u00e9m de excelentes profissionais s\u00e3o mulheres fortes e chefes de fam\u00edlias\u201d, concluiu a GM Garbim.<\/p>\n<p>&nbsp;<\/p>\n<p><strong>Assessoria de Imprensa<\/strong><\/p>\n<p>&nbsp;<\/p>\n","protected":false},"excerpt":{"rendered":"<p>O 2\u00ba Encontro de Guardas Municipais Femininas do Estado de S\u00e3o Paulo, realizado nesta semana em Santana de Parna\u00edba, reuniu centenas de representantes da seguran\u00e7a p\u00fablica.\u00a0 A Guarda Municipal de Jundia\u00ed participou da atividade para troca de experi\u00eancias com agentes de outras corpora\u00e7\u00f5es paulistas. O \u2018feminic\u00eddio\u2019, a Lei Maria da Penha e at\u00e9 mesmo a [&hellip;]<\/p>\n","protected":false},"author":48,"featured_media":0,"comment_status":"closed","ping_status":"closed","sticky":false,"template":"","format":"standard","meta":{"footnotes":""},"categories":[2],"tags":[1446],"ods":[],"class_list":["post-241109","post","type-post","status-publish","format-standard","hentry","category-noticias","tag-lei-maria-da-penha"],"_links":{"self":[{"href":"https:\/\/jundiai.sp.gov.br\/noticias\/wp-json\/wp\/v2\/posts\/241109","targetHints":{"allow":["GET"]}}],"collection":[{"href":"https:\/\/jundiai.sp.gov.br\/noticias\/wp-json\/wp\/v2\/posts"}],"about":[{"href":"https:\/\/jundiai.sp.gov.br\/noticias\/wp-json\/wp\/v2\/types\/post"}],"author":[{"embeddable":true,"href":"https:\/\/jundiai.sp.gov.br\/noticias\/wp-json\/wp\/v2\/users\/48"}],"replies":[{"embeddable":true,"href":"https:\/\/jundiai.sp.gov.br\/noticias\/wp-json\/wp\/v2\/comments?post=241109"}],"version-history":[{"count":10,"href":"https:\/\/jundiai.sp.gov.br\/noticias\/wp-json\/wp\/v2\/posts\/241109\/revisions"}],"predecessor-version":[{"id":241268,"href":"https:\/\/jundiai.sp.gov.br\/noticias\/wp-json\/wp\/v2\/posts\/241109\/revisions\/241268"}],"wp:attachment":[{"href":"https:\/\/jundiai.sp.gov.br\/noticias\/wp-json\/wp\/v2\/media?parent=241109"}],"wp:term":[{"taxonomy":"category","embeddable":true,"href":"https:\/\/jundiai.sp.gov.br\/noticias\/wp-json\/wp\/v2\/categories?post=241109"},{"taxonomy":"post_tag","embeddable":true,"href":"https:\/\/jundiai.sp.gov.br\/noticias\/wp-json\/wp\/v2\/tags?post=241109"},{"taxonomy":"ods","embeddable":true,"href":"https:\/\/jundiai.sp.gov.br\/noticias\/wp-json\/wp\/v2\/ods?post=241109"}],"curies":[{"name":"wp","href":"https:\/\/api.w.org\/{rel}","templated":true}]}}