{"id":241247,"date":"2019-12-12T16:42:34","date_gmt":"2019-12-12T18:42:34","guid":{"rendered":"https:\/\/jundiai.sp.gov.br\/noticias\/?p=241247"},"modified":"2019-12-13T12:29:10","modified_gmt":"2019-12-13T14:29:10","slug":"sao-vicente-conclui-melhorias-em-21-quartos-para-uso-da-populacao","status":"publish","type":"post","link":"https:\/\/jundiai.sp.gov.br\/noticias\/2019\/12\/12\/sao-vicente-conclui-melhorias-em-21-quartos-para-uso-da-populacao\/","title":{"rendered":"S\u00e3o Vicente conclui melhorias em 21 quartos para uso da popula\u00e7\u00e3o"},"content":{"rendered":"<p>Mais uma etapa do projeto \u201cAcolha um Quarto, Conforte Vidas\u201d, do Hospital de Caridade S\u00e3o Vicente de Paulo (HSV), foi conclu\u00edda na manh\u00e3 desta quinta-feira, dia 12. Foram entregues mais 12 quartos revitalizados, al\u00e9m das nove unidades conclu\u00eddas em julho, totalizando 21 quartos e banheiros completamente reformados e equipados com o que h\u00e1 de melhor em hotelaria hospitalar. Ao todo o hospital possui 238 leitos, sendo que 41 deles j\u00e1 est\u00e3o conclu\u00eddos, contemplando 23 na Cl\u00ednica Feminina e 18 na Cl\u00ednica de Ortopedia. Nos pr\u00f3ximos dias os pacientes ser\u00e3o transferidos para as novas unidades. Agora a reforma segue na Ala Masculina.<\/p>\n<div id=\"attachment_241248\" style=\"width: 1034px\" class=\"wp-caption aligncenter\"><img loading=\"lazy\" decoding=\"async\" aria-describedby=\"caption-attachment-241248\" class=\"size-large wp-image-241248\" src=\"https:\/\/jundiai.sp.gov.br\/noticias\/wp-content\/uploads\/sites\/32\/2019\/12\/foto-01-quartos-da-clinica-de-ortopedia-nos-mesmos-padroes-da-clinica-feminina-entregue-em-julho-1280x485.jpg\" alt=\"\" width=\"1024\" height=\"388\" srcset=\"https:\/\/jundiai.sp.gov.br\/noticias\/wp-content\/uploads\/sites\/32\/2019\/12\/foto-01-quartos-da-clinica-de-ortopedia-nos-mesmos-padroes-da-clinica-feminina-entregue-em-julho-1280x485.jpg 1280w, https:\/\/jundiai.sp.gov.br\/noticias\/wp-content\/uploads\/sites\/32\/2019\/12\/foto-01-quartos-da-clinica-de-ortopedia-nos-mesmos-padroes-da-clinica-feminina-entregue-em-julho-300x114.jpg 300w, https:\/\/jundiai.sp.gov.br\/noticias\/wp-content\/uploads\/sites\/32\/2019\/12\/foto-01-quartos-da-clinica-de-ortopedia-nos-mesmos-padroes-da-clinica-feminina-entregue-em-julho-768x291.jpg 768w, https:\/\/jundiai.sp.gov.br\/noticias\/wp-content\/uploads\/sites\/32\/2019\/12\/foto-01-quartos-da-clinica-de-ortopedia-nos-mesmos-padroes-da-clinica-feminina-entregue-em-julho.jpg 1323w\" sizes=\"auto, (max-width: 1024px) 100vw, 1024px\" \/><p id=\"caption-attachment-241248\" class=\"wp-caption-text\">Quartos da Cl\u00ednica de Ortopedia nos mesmos padr\u00f5es da Cl\u00ednica Feminina, entregue em julho<\/p><\/div>\n<p>A iniciativa, que visa revitalizar os 72 quartos e banheiros do hospital por meio de empresas privadas e pessoas f\u00edsicas, foi lan\u00e7ada em 29 de mar\u00e7o deste ano. \u201cA ideia partiu do prefeito Luiz Fernando Machado, que ao visitar o hospital notou que os quartos n\u00e3o possu\u00edam ar condicionado. Na ocasi\u00e3o, questionou o motivo de n\u00e3o investirmos nesta melhoria e eu expliquei que devido \u00e0 falta de manuten\u00e7\u00e3o e planejamento estrutural &#8211; pr\u00e9dio tem 117 anos -, a rede el\u00e9trica n\u00e3o comportaria os equipamentos. A partir da\u00ed o prefeito sugeriu a revitaliza\u00e7\u00e3o total dos quartos, incluindo parte el\u00e9trica, hidr\u00e1ulica e de infraestrutura\u201d, explica o superintendente do HSV, Matheus Gomes, sobre o nascimento do projeto.<\/p>\n<p>Para o Prefeito Luiz Fernando Machado, o sucesso do projeto \u00e9 a confirma\u00e7\u00e3o do v\u00ednculo mantido entre a cidade e a institui\u00e7\u00e3o hospitalar, considerada patrim\u00f4nio da sa\u00fade p\u00fablica local. \u201cA parceria com a iniciativa privada foi al\u00e9m e se estendeu at\u00e9 as pessoas f\u00edsicas, que se mobilizaram individualmente ou em grupos para colaborar com essa causa nobre em favor do Hospital S\u00e3o Vicente\u201d, disse o Prefeito. \u201cPor parte da nossa gest\u00e3o, temos a sa\u00fade como prioridade na pr\u00e1tica, e o S\u00e3o Vicente \u00e9 um exemplo disso. Os custos anuais do hospital chegam a R$ 200 milh\u00f5es, dos quais R$ 160 milh\u00f5es s\u00e3o mantidos pela Prefeitura de Jundia\u00ed\u201d, afirma.<\/p>\n<div id=\"attachment_241257\" style=\"width: 1247px\" class=\"wp-caption aligncenter\"><img loading=\"lazy\" decoding=\"async\" aria-describedby=\"caption-attachment-241257\" class=\"size-full wp-image-241257\" src=\"https:\/\/jundiai.sp.gov.br\/noticias\/wp-content\/uploads\/sites\/32\/2019\/12\/foto-02-arquitetas-do-gupo-um-tijolo-por-dia-recebem-homenagem-do-prefeito-luiz-fernando-do-superintendente-do-hsv-matheus-gomes-e-do-gestor-de-saude-tiago-texera.jpg\" alt=\"\" width=\"1237\" height=\"825\" srcset=\"https:\/\/jundiai.sp.gov.br\/noticias\/wp-content\/uploads\/sites\/32\/2019\/12\/foto-02-arquitetas-do-gupo-um-tijolo-por-dia-recebem-homenagem-do-prefeito-luiz-fernando-do-superintendente-do-hsv-matheus-gomes-e-do-gestor-de-saude-tiago-texera.jpg 1237w, https:\/\/jundiai.sp.gov.br\/noticias\/wp-content\/uploads\/sites\/32\/2019\/12\/foto-02-arquitetas-do-gupo-um-tijolo-por-dia-recebem-homenagem-do-prefeito-luiz-fernando-do-superintendente-do-hsv-matheus-gomes-e-do-gestor-de-saude-tiago-texera-300x200.jpg 300w, https:\/\/jundiai.sp.gov.br\/noticias\/wp-content\/uploads\/sites\/32\/2019\/12\/foto-02-arquitetas-do-gupo-um-tijolo-por-dia-recebem-homenagem-do-prefeito-luiz-fernando-do-superintendente-do-hsv-matheus-gomes-e-do-gestor-de-saude-tiago-texera-768x512.jpg 768w, https:\/\/jundiai.sp.gov.br\/noticias\/wp-content\/uploads\/sites\/32\/2019\/12\/foto-02-arquitetas-do-gupo-um-tijolo-por-dia-recebem-homenagem-do-prefeito-luiz-fernando-do-superintendente-do-hsv-matheus-gomes-e-do-gestor-de-saude-tiago-texera-450x300.jpg 450w\" sizes=\"auto, (max-width: 1237px) 100vw, 1237px\" \/><p id=\"caption-attachment-241257\" class=\"wp-caption-text\">Arquitetas do grupo Um tijolo por dia, recebem homenagem do prefeito Luiz Fernando, do superintendente do HSV, Matheus Gomes e do gestor de Sa\u00fade, Tiago Texera<\/p><\/div>\n<p>O projeto foi desenvolvido pelas arquitetas do grupo \u201cUm tijolo por dia\u201d, que priorizaram o conforto e bem-estar dos pacientes durante o per\u00edodo de interna\u00e7\u00e3o. Desta forma, foram adotados materiais como madeira, presentes nos arm\u00e1rios e pain\u00e9is; tons de azul e branco; banheiros equipados com acess\u00f3rios que garantem maior seguran\u00e7a e outros itens. \u201cO objetivo era padronizar os quartos e por isso, t\u00ednhamos de estar atentas ao material usado para n\u00e3o encarecer muito o projeto. Deu certo. Todo mundo merece um quarto como esse\u201d, afirma a arquiteta M\u00e1rcia de Campos.<\/p>\n<p>A revitaliza\u00e7\u00e3o das unidades inclui ar condicionado, ilumina\u00e7\u00e3o e ambiente individualizado, piso laminado, janelas anti-ru\u00eddos, nichos em madeira para que os pacientes possam guardar seus pertences, camas comandadas por controle, poltronas confort\u00e1veis para os acompanhantes e muitos outros detalhes. Nos banheiros, pe\u00e7as sanit\u00e1rias de primeira qualidade e acess\u00f3rios de alto padr\u00e3o, que garantem acessibilidade e seguran\u00e7a. Paredes e piso revestidos com azulejos claros, que d\u00e3o apar\u00eancia mais agrad\u00e1vel.<\/p>\n<p>O valor total do projeto foi or\u00e7ado em R$ 7.125.000,00, sendo que R$ 1.125.000,00 foram doados em produtos por conceituadas empresas da cidade, como Roca, Deca, Astra e Duratex, bem como o projeto desenvolvido pelo grupo de arquitetas. Atualmente, 55% dos quartos est\u00e3o em fase de acolhimento e o projeto permanece necessitando do apoio da comunidade para sua completa realiza\u00e7\u00e3o. Durante a inaugura\u00e7\u00e3o dos quartos, as empresas que j\u00e1 est\u00e3o apoiando o projeto foram homenageadas com placas de agradecimento.<\/p>\n<div id=\"attachment_241260\" style=\"width: 1034px\" class=\"wp-caption aligncenter\"><img loading=\"lazy\" decoding=\"async\" aria-describedby=\"caption-attachment-241260\" class=\"size-large wp-image-241260\" src=\"https:\/\/jundiai.sp.gov.br\/noticias\/wp-content\/uploads\/sites\/32\/2019\/12\/foto-07-banheiros-equipados-com-loucas-e-acessorios-de-alta-qualidade-1280x912.jpg\" alt=\"\" width=\"1024\" height=\"730\" srcset=\"https:\/\/jundiai.sp.gov.br\/noticias\/wp-content\/uploads\/sites\/32\/2019\/12\/foto-07-banheiros-equipados-com-loucas-e-acessorios-de-alta-qualidade-1280x912.jpg 1280w, https:\/\/jundiai.sp.gov.br\/noticias\/wp-content\/uploads\/sites\/32\/2019\/12\/foto-07-banheiros-equipados-com-loucas-e-acessorios-de-alta-qualidade-300x214.jpg 300w, https:\/\/jundiai.sp.gov.br\/noticias\/wp-content\/uploads\/sites\/32\/2019\/12\/foto-07-banheiros-equipados-com-loucas-e-acessorios-de-alta-qualidade-768x547.jpg 768w, https:\/\/jundiai.sp.gov.br\/noticias\/wp-content\/uploads\/sites\/32\/2019\/12\/foto-07-banheiros-equipados-com-loucas-e-acessorios-de-alta-qualidade.jpg 1323w\" sizes=\"auto, (max-width: 1024px) 100vw, 1024px\" \/><p id=\"caption-attachment-241260\" class=\"wp-caption-text\">Banheiros equipados com lou\u00e7as e acess\u00f3rios de alta qualidade<\/p><\/div>\n<p>\u201cA entrega destes quartos representa o quanto a sociedade confia em n\u00f3s e em nossa gest\u00e3o. \u00c9 resultado de um trabalho em conjunto entre sociedade, hospital e Prefeitura, pautado na transpar\u00eancia e seriedade, que marca um novo cap\u00edtulo na hist\u00f3ria do S\u00e3o Vicente\u201d, afirma Matheus. \u201cEstamos muito agradecidos pelo grande apoio que temos recebido. Vamos seguir em frente com o objetivo de entregar 100% dos quartos revitalizados at\u00e9 o final do pr\u00f3ximo ano\u201d, diz.<\/p>\n<p><strong>Frota renovada<\/strong><br \/>\nAp\u00f3s a entrega dos novos quartos, o prefeito Luiz Fernando Machado aproveitou para oficializar a entrega do terceiro e \u00faltimo ve\u00edculo doado pela Prefeitura Municipal de Jundia\u00ed para o servi\u00e7o de interna\u00e7\u00e3o domiciliar do HSV. A compra dos carros \u00e9 resultado da gest\u00e3o eficiente dos recursos p\u00fablicos, por parte dos Poderes Executivo e Legislativo, tendo como prioridade as a\u00e7\u00f5es de sa\u00fade e garantia do atendimento humanizado para Jundia\u00ed e regi\u00e3o. A Dra. Alessandra Mattion, m\u00e9dica respons\u00e1vel pelo setor de Interna\u00e7\u00e3o Domiciliar, recebeu as chaves do novo ve\u00edculo das m\u00e3os do prefeito.<\/p>\n<div id=\"attachment_241256\" style=\"width: 1034px\" class=\"wp-caption aligncenter\"><img loading=\"lazy\" decoding=\"async\" aria-describedby=\"caption-attachment-241256\" class=\"size-large wp-image-241256\" src=\"https:\/\/jundiai.sp.gov.br\/noticias\/wp-content\/uploads\/sites\/32\/2019\/12\/foto-06-dra-alessandra-recebeu-as-chaves-das-maos-do-prefeito-luiz-fernando-machado-1280x853.jpg\" alt=\"\" width=\"1024\" height=\"682\" srcset=\"https:\/\/jundiai.sp.gov.br\/noticias\/wp-content\/uploads\/sites\/32\/2019\/12\/foto-06-dra-alessandra-recebeu-as-chaves-das-maos-do-prefeito-luiz-fernando-machado-1280x853.jpg 1280w, https:\/\/jundiai.sp.gov.br\/noticias\/wp-content\/uploads\/sites\/32\/2019\/12\/foto-06-dra-alessandra-recebeu-as-chaves-das-maos-do-prefeito-luiz-fernando-machado-300x200.jpg 300w, https:\/\/jundiai.sp.gov.br\/noticias\/wp-content\/uploads\/sites\/32\/2019\/12\/foto-06-dra-alessandra-recebeu-as-chaves-das-maos-do-prefeito-luiz-fernando-machado-768x512.jpg 768w, https:\/\/jundiai.sp.gov.br\/noticias\/wp-content\/uploads\/sites\/32\/2019\/12\/foto-06-dra-alessandra-recebeu-as-chaves-das-maos-do-prefeito-luiz-fernando-machado-450x300.jpg 450w, https:\/\/jundiai.sp.gov.br\/noticias\/wp-content\/uploads\/sites\/32\/2019\/12\/foto-06-dra-alessandra-recebeu-as-chaves-das-maos-do-prefeito-luiz-fernando-machado.jpg 1323w\" sizes=\"auto, (max-width: 1024px) 100vw, 1024px\" \/><p id=\"caption-attachment-241256\" class=\"wp-caption-text\">Dra. Alessandra recebeu as chaves das m\u00e3os do prefeito Luiz Fernando Machado<\/p><\/div>\n<p><strong>Como participar do projeto de revitaliza\u00e7\u00e3o?<\/strong><br \/>\nPessoas f\u00edsicas, grupos e empresas t\u00eam a possibilidade de adotar um quarto ou participar com cotas, com direito \u00e0 divulga\u00e7\u00e3o da marca e nome podendo tamb\u00e9m informar externamente a sua participa\u00e7\u00e3o social. As doa\u00e7\u00f5es podem ser feitas diretamente numa conta do HSV vinculada ao projeto. Todas as informa\u00e7\u00f5es podem ser consultadas no <a href=\"http:\/\/www.hsvicente.org.br\" target=\"_blank\" rel=\"noopener noreferrer\">regulamento dispon\u00edvel no site do hospital<\/a>\u00a0ou pelo telefone (11)4583-8181.<\/p>\n<p><a href=\"https:\/\/www.flickr.com\/photos\/prefeituradejundiai\/albums\/72157712173188321\">Confira as fotos<\/a><\/p>\n<p><strong>Assessoria de Imprensa &#8211; HSVP<br \/>\nFotos: Fot\u00f3grafos PMJ<\/strong><\/p>\n<p>&nbsp;<\/p>\n","protected":false},"excerpt":{"rendered":"<p>Mais uma etapa do projeto \u201cAcolha um Quarto, Conforte Vidas\u201d, do Hospital de Caridade S\u00e3o Vicente de Paulo (HSV), foi conclu\u00edda na manh\u00e3 desta quinta-feira, dia 12. Foram entregues mais 12 quartos revitalizados, al\u00e9m das nove unidades conclu\u00eddas em julho, totalizando 21 quartos e banheiros completamente reformados e equipados com o que h\u00e1 de melhor [&hellip;]<\/p>\n","protected":false},"author":53,"featured_media":241248,"comment_status":"closed","ping_status":"closed","sticky":false,"template":"","format":"standard","meta":{"footnotes":""},"categories":[2],"tags":[1155,321,981],"ods":[],"class_list":["post-241247","post","type-post","status-publish","format-standard","has-post-thumbnail","hentry","category-noticias","tag-acolha-um-quarto-conforte-vidas","tag-hospital-de-caridade-sao-vicente-de-paulo","tag-promocao-da-saude"],"_links":{"self":[{"href":"https:\/\/jundiai.sp.gov.br\/noticias\/wp-json\/wp\/v2\/posts\/241247","targetHints":{"allow":["GET"]}}],"collection":[{"href":"https:\/\/jundiai.sp.gov.br\/noticias\/wp-json\/wp\/v2\/posts"}],"about":[{"href":"https:\/\/jundiai.sp.gov.br\/noticias\/wp-json\/wp\/v2\/types\/post"}],"author":[{"embeddable":true,"href":"https:\/\/jundiai.sp.gov.br\/noticias\/wp-json\/wp\/v2\/users\/53"}],"replies":[{"embeddable":true,"href":"https:\/\/jundiai.sp.gov.br\/noticias\/wp-json\/wp\/v2\/comments?post=241247"}],"version-history":[{"count":7,"href":"https:\/\/jundiai.sp.gov.br\/noticias\/wp-json\/wp\/v2\/posts\/241247\/revisions"}],"predecessor-version":[{"id":241335,"href":"https:\/\/jundiai.sp.gov.br\/noticias\/wp-json\/wp\/v2\/posts\/241247\/revisions\/241335"}],"wp:featuredmedia":[{"embeddable":true,"href":"https:\/\/jundiai.sp.gov.br\/noticias\/wp-json\/wp\/v2\/media\/241248"}],"wp:attachment":[{"href":"https:\/\/jundiai.sp.gov.br\/noticias\/wp-json\/wp\/v2\/media?parent=241247"}],"wp:term":[{"taxonomy":"category","embeddable":true,"href":"https:\/\/jundiai.sp.gov.br\/noticias\/wp-json\/wp\/v2\/categories?post=241247"},{"taxonomy":"post_tag","embeddable":true,"href":"https:\/\/jundiai.sp.gov.br\/noticias\/wp-json\/wp\/v2\/tags?post=241247"},{"taxonomy":"ods","embeddable":true,"href":"https:\/\/jundiai.sp.gov.br\/noticias\/wp-json\/wp\/v2\/ods?post=241247"}],"curies":[{"name":"wp","href":"https:\/\/api.w.org\/{rel}","templated":true}]}}