{"id":241307,"date":"2019-12-13T13:52:07","date_gmt":"2019-12-13T15:52:07","guid":{"rendered":"https:\/\/jundiai.sp.gov.br\/noticias\/?p=241307"},"modified":"2019-12-13T13:57:58","modified_gmt":"2019-12-13T15:57:58","slug":"varejao-noturno-na-vila-rami-e-anunciado-em-prestacao-de-contas","status":"publish","type":"post","link":"https:\/\/jundiai.sp.gov.br\/noticias\/2019\/12\/13\/varejao-noturno-na-vila-rami-e-anunciado-em-prestacao-de-contas\/","title":{"rendered":"Varej\u00e3o Noturno na Vila Rami \u00e9 anunciado em Presta\u00e7\u00e3o de Contas"},"content":{"rendered":"<p>Na noite de quinta-feira (12), o prefeito Luiz Fernando Machado e a equipe de gestores das Unidades da Prefeitura de Jundia\u00ed estiveram no sal\u00e3o paroquial do Santu\u00e1rio de Nossa Senhora Aparecida, na Vila Rami, para a Presta\u00e7\u00e3o de Contas ao bairro. Durante a apresenta\u00e7\u00e3o, o Chefe do Executivo anunciou o in\u00edcio do Varej\u00e3o Noturno no espa\u00e7o do Complexo Educacional, Cultural e Esportivo (CECE) Francisco Dal Santo, no pr\u00f3ximo dia 18, a partir das 18h.<\/p>\n<div id=\"attachment_241342\" style=\"width: 1034px\" class=\"wp-caption aligncenter\"><img loading=\"lazy\" decoding=\"async\" aria-describedby=\"caption-attachment-241342\" class=\"size-large wp-image-241342\" src=\"https:\/\/jundiai.sp.gov.br\/noticias\/wp-content\/uploads\/sites\/32\/2019\/12\/prestacao_de_contas_vila_rami-306-1-1280x642.jpg\" alt=\"\" width=\"1024\" height=\"514\" srcset=\"https:\/\/jundiai.sp.gov.br\/noticias\/wp-content\/uploads\/sites\/32\/2019\/12\/prestacao_de_contas_vila_rami-306-1-1280x642.jpg 1280w, https:\/\/jundiai.sp.gov.br\/noticias\/wp-content\/uploads\/sites\/32\/2019\/12\/prestacao_de_contas_vila_rami-306-1-300x151.jpg 300w, https:\/\/jundiai.sp.gov.br\/noticias\/wp-content\/uploads\/sites\/32\/2019\/12\/prestacao_de_contas_vila_rami-306-1-768x385.jpg 768w, https:\/\/jundiai.sp.gov.br\/noticias\/wp-content\/uploads\/sites\/32\/2019\/12\/prestacao_de_contas_vila_rami-306-1.jpg 1323w\" sizes=\"auto, (max-width: 1024px) 100vw, 1024px\" \/><p id=\"caption-attachment-241342\" class=\"wp-caption-text\">Apresenta\u00e7\u00e3o dos dados de investimentos no bairro Vila Rami foram apresentados pelo prefeito Luiz Fernando Machado, na noite de quinta-feira (12), no sal\u00e3o paroquial<\/p><\/div>\n<p>Ainda durante o encontro &#8211; organizado pelo vereador Gustavo Martinelli -, foram apresentadas a\u00e7\u00f5es realizadas e em andamento al\u00e9m daquelas que ser\u00e3o feitas nos pr\u00f3ximos meses. A popula\u00e7\u00e3o participou tirando d\u00favidas e solicitaram a\u00e7\u00f5es pontuais de tr\u00e2nsito.<\/p>\n<p>&#8220;A regi\u00e3o da Vila Rami tem recebido investimentos em recapeamento pelo Programa Mais Asfalto, melhorias em escolas e avan\u00e7os na Sa\u00fade, com a retomada do processo para a constru\u00e7\u00e3o do pr\u00e9dio que seria da Unidade de Pronto Atendimento (UPA24H) &#8211; que foi paralisado em 2016 por falhas estruturais -. Na pr\u00f3xima semana, ser\u00e1 iniciado o Varej\u00e3o Noturno, no Francisco Dal Santo. Ainda teremos, nos pr\u00f3ximos meses, desassoreamento de c\u00f3rrego da 14 de Dezembro, nova interliga\u00e7\u00e3o para a via Anhanguera e prolongamento da avenida Samuel Martins, que ter\u00e1 investimento de R$ 8 milh\u00f5es para drenagem e pavimenta\u00e7\u00e3o do trecho&#8221;, explicou o prefeito.<\/p>\n<p>O vereador Gustavo Martinelli lembrou das a\u00e7\u00f5es que j\u00e1 foram realizadas pelo bairro, como as melhorias no CECE Francisco Dal Santo, com a ilumina\u00e7\u00e3o da ruas internas, a coloca\u00e7\u00e3o do piso modular na quadra e ainda as que ser\u00e3o realizadas, como a reforma da cancha de bocha. A a\u00e7\u00e3o de Presta\u00e7\u00e3o de Contas vem sendo realizada desde o in\u00edcio da gest\u00e3o, em 2017, com apresenta\u00e7\u00f5es nos bairros sobre as a\u00e7\u00f5es realizadas, em andamento e projetas para a cidade.<\/p>\n<div id=\"attachment_241343\" style=\"width: 1034px\" class=\"wp-caption aligncenter\"><img loading=\"lazy\" decoding=\"async\" aria-describedby=\"caption-attachment-241343\" class=\"size-large wp-image-241343\" src=\"https:\/\/jundiai.sp.gov.br\/noticias\/wp-content\/uploads\/sites\/32\/2019\/12\/prestacao_de_contas_vila_rami-366-1280x719.jpg\" alt=\"\" width=\"1024\" height=\"575\" srcset=\"https:\/\/jundiai.sp.gov.br\/noticias\/wp-content\/uploads\/sites\/32\/2019\/12\/prestacao_de_contas_vila_rami-366-1280x719.jpg 1280w, https:\/\/jundiai.sp.gov.br\/noticias\/wp-content\/uploads\/sites\/32\/2019\/12\/prestacao_de_contas_vila_rami-366-300x168.jpg 300w, https:\/\/jundiai.sp.gov.br\/noticias\/wp-content\/uploads\/sites\/32\/2019\/12\/prestacao_de_contas_vila_rami-366-768x431.jpg 768w, https:\/\/jundiai.sp.gov.br\/noticias\/wp-content\/uploads\/sites\/32\/2019\/12\/prestacao_de_contas_vila_rami-366.jpg 1323w\" sizes=\"auto, (max-width: 1024px) 100vw, 1024px\" \/><p id=\"caption-attachment-241343\" class=\"wp-caption-text\">Prefeito Luiz Fernando Machado e o vereador Gustavo Martinelli recebem a solicita\u00e7\u00e3o de Vera Favarin<\/p><\/div>\n<p>Os participantes do encontro, realizado no sal\u00e3o da igreja do bairro, tiraram d\u00favidas sobre interven\u00e7\u00f5es realizadas. Vera Favarin\u00a0 apontou a necessidade de modifica\u00e7\u00e3o da condi\u00e7\u00e3o de travessa Raul Tedeschi. &#8220;A rua \u00e9 estreita e, se o estacionamento for liberado, os trabalhadores do entorno ocupam todo o espa\u00e7o. \u00c9 preciso encontrar uma alternativa para a restri\u00e7\u00e3o de acesso&#8221;, argumentou a moradora, que ter\u00e1 a resposta a partir da Unidade de Gest\u00e3o de Planejamento Urbano e Meio Ambiente (UGPUMA), nos pr\u00f3ximos dias.<\/p>\n<p>A moradora no Jardim Bonfiglioli, Rosana de Oliveira Santos, solicitou \u00e0 administra\u00e7\u00e3o a coloca\u00e7\u00e3o de dispositivos que possibilitem a travessia da rua Bom Jesus de Pirapora. &#8220;Os motoristas n\u00e3o respeitam a faixa de pedestre e o bairro conta com muitos idosos, que precisam atravessar as ruas para ir ao mercado, farm\u00e1cia, padaria e lojas&#8221;, contou.<\/p>\n<p>Vale destacar que a Prefeitura de Jundia\u00ed, por meio da Unidade de Gest\u00e3o de Mobilidade e Transporte (UGMT) realiza uma campanha de conscientiza\u00e7\u00e3o de tr\u00e2nsito com o uso de personagens como a &#8216;morte&#8217; e o &#8216;anjo&#8217; para conscientizar o p\u00fablico sobre a import\u00e2ncia do cumprimento das Leis de Tr\u00e2nsito. Al\u00e9m da mensagem pela pr\u00e1tica do &#8216;tr\u00e2nsito seguro&#8217;: <\/p>\n<p><iframe loading=\"lazy\" width=\"760\" height=\"515\" src=\"https:\/\/www.youtube.com\/embed\/4r1GJuT76mo\" frameborder=\"0\" allow=\"accelerometer; autoplay; encrypted-media; gyroscope; picture-in-picture\" allowfullscreen><\/iframe><\/p>\n<p><strong>Assessoria de Imprensa<\/strong><br \/>\n<strong>Fotos: Fot\u00f3grafos PMJ<\/strong><\/p>\n","protected":false},"excerpt":{"rendered":"<p>Na noite de quinta-feira (12), o prefeito Luiz Fernando Machado e a equipe de gestores das Unidades da Prefeitura de Jundia\u00ed estiveram no sal\u00e3o paroquial do Santu\u00e1rio de Nossa Senhora Aparecida, na Vila Rami, para a Presta\u00e7\u00e3o de Contas ao bairro. Durante a apresenta\u00e7\u00e3o, o Chefe do Executivo anunciou o in\u00edcio do Varej\u00e3o Noturno no [&hellip;]<\/p>\n","protected":false},"author":39,"featured_media":241317,"comment_status":"closed","ping_status":"closed","sticky":false,"template":"","format":"standard","meta":{"footnotes":""},"categories":[2],"tags":[982,1121,1176,854],"ods":[],"class_list":["post-241307","post","type-post","status-publish","format-standard","has-post-thumbnail","hentry","category-noticias","tag-mobilidade-e-transporte","tag-mobilidade-total","tag-prefeito-luiz-fernando-machado","tag-prestacao-de-contas"],"_links":{"self":[{"href":"https:\/\/jundiai.sp.gov.br\/noticias\/wp-json\/wp\/v2\/posts\/241307","targetHints":{"allow":["GET"]}}],"collection":[{"href":"https:\/\/jundiai.sp.gov.br\/noticias\/wp-json\/wp\/v2\/posts"}],"about":[{"href":"https:\/\/jundiai.sp.gov.br\/noticias\/wp-json\/wp\/v2\/types\/post"}],"author":[{"embeddable":true,"href":"https:\/\/jundiai.sp.gov.br\/noticias\/wp-json\/wp\/v2\/users\/39"}],"replies":[{"embeddable":true,"href":"https:\/\/jundiai.sp.gov.br\/noticias\/wp-json\/wp\/v2\/comments?post=241307"}],"version-history":[{"count":18,"href":"https:\/\/jundiai.sp.gov.br\/noticias\/wp-json\/wp\/v2\/posts\/241307\/revisions"}],"predecessor-version":[{"id":241355,"href":"https:\/\/jundiai.sp.gov.br\/noticias\/wp-json\/wp\/v2\/posts\/241307\/revisions\/241355"}],"wp:featuredmedia":[{"embeddable":true,"href":"https:\/\/jundiai.sp.gov.br\/noticias\/wp-json\/wp\/v2\/media\/241317"}],"wp:attachment":[{"href":"https:\/\/jundiai.sp.gov.br\/noticias\/wp-json\/wp\/v2\/media?parent=241307"}],"wp:term":[{"taxonomy":"category","embeddable":true,"href":"https:\/\/jundiai.sp.gov.br\/noticias\/wp-json\/wp\/v2\/categories?post=241307"},{"taxonomy":"post_tag","embeddable":true,"href":"https:\/\/jundiai.sp.gov.br\/noticias\/wp-json\/wp\/v2\/tags?post=241307"},{"taxonomy":"ods","embeddable":true,"href":"https:\/\/jundiai.sp.gov.br\/noticias\/wp-json\/wp\/v2\/ods?post=241307"}],"curies":[{"name":"wp","href":"https:\/\/api.w.org\/{rel}","templated":true}]}}