{"id":241364,"date":"2019-12-13T17:06:11","date_gmt":"2019-12-13T19:06:11","guid":{"rendered":"https:\/\/jundiai.sp.gov.br\/noticias\/?p=241364"},"modified":"2019-12-13T19:30:26","modified_gmt":"2019-12-13T21:30:26","slug":"educacao-para-nao-violencia-da-gmj-conclui-ultimo-trabalho-do-ano","status":"publish","type":"post","link":"https:\/\/jundiai.sp.gov.br\/noticias\/2019\/12\/13\/educacao-para-nao-violencia-da-gmj-conclui-ultimo-trabalho-do-ano\/","title":{"rendered":"Educa\u00e7\u00e3o para N\u00e3o Viol\u00eancia da GMJ conclui \u00faltimo trabalho do ano"},"content":{"rendered":"<div id=\"attachment_241365\" style=\"width: 1290px\" class=\"wp-caption alignnone\"><img loading=\"lazy\" decoding=\"async\" aria-describedby=\"caption-attachment-241365\" class=\"wp-image-241365 size-full\" src=\"https:\/\/jundiai.sp.gov.br\/noticias\/wp-content\/uploads\/sites\/32\/2019\/12\/educavi-gepad-emeb-ivo-de-bona-novembro-2019.jpg\" alt=\"\" width=\"1280\" height=\"960\" srcset=\"https:\/\/jundiai.sp.gov.br\/noticias\/wp-content\/uploads\/sites\/32\/2019\/12\/educavi-gepad-emeb-ivo-de-bona-novembro-2019.jpg 1280w, https:\/\/jundiai.sp.gov.br\/noticias\/wp-content\/uploads\/sites\/32\/2019\/12\/educavi-gepad-emeb-ivo-de-bona-novembro-2019-300x225.jpg 300w, https:\/\/jundiai.sp.gov.br\/noticias\/wp-content\/uploads\/sites\/32\/2019\/12\/educavi-gepad-emeb-ivo-de-bona-novembro-2019-768x576.jpg 768w\" sizes=\"auto, (max-width: 1280px) 100vw, 1280px\" \/><p id=\"caption-attachment-241365\" class=\"wp-caption-text\">Alunos participaram de atividades motivacionais variadas, buscando o conhecimento sobre preven\u00e7\u00e3o \u00e0s drogas<\/p><\/div>\n<p><span style=\"font-size: 16px;\">Entre as atribui\u00e7\u00f5es e compromissos assumidos pela Guarda Municipal de Jundia\u00ed (GMJ), destaque para o projeto de levar a \u201ccultura de paz para crian\u00e7as, jovens e aos adultos\u201d. Isso \u00e9 realizado pelo programa Educa\u00e7\u00e3o para N\u00e3o Viol\u00eancia (Educavi) que, nesta semana, encerrou as a\u00e7\u00f5es de 2019 com atividade na EMEB Judith Almeida Curado Arruda, no bairro Cidade Nova I.<\/span>O Educavi \u00e9 tamb\u00e9m Grupo de Educa\u00e7\u00e3o e Preven\u00e7\u00e3o \u00e0s Drogas, realiza durante todo o ano letivo um trabalho socioeducativo junto \u00e0s escolas municipais, com os quintos anos. Somente nesta \u00faltima atividade, houve o engajamento de aproximadamente 140 alunos, com atividades durante as aulas de Artes.<\/p>\n<p>De acordo com a diretora educacional da EMEB Judith, o intuito foi promover a conscientiza\u00e7\u00e3o dos estudantes. \u201cImportante para que eles [alunos] fa\u00e7am escolhas conscientes: os resultados foram muito satisfat\u00f3rios\u201d, declarou Giuliana Trazzi Marcellino.<\/p>\n<p><strong>Efetividade<br \/>\n<\/strong>De janeiro a outubro deste ano, o programa socioeducativo da Guarda Municipal que preza pela preven\u00e7\u00e3o ao uso de drogas, dentre outros temas de import\u00e2ncia para o universo estudantil, j\u00e1 realizou mais de 90 palestras, alcan\u00e7ando 3.700 ouvintes, entre crian\u00e7as, jovens e adultos.<\/p>\n<p>A proposta teve in\u00edcio em 2009, com resultados muito significativos at\u00e9 o final de 2012, e por iniciativa do prefeito Luiz Fernando Machado, retomado e ampliado em 2017, atendendo assim as necessidades dos v\u00e1rios segmentos da comunidade, com orienta\u00e7\u00f5es precisas para garantir a seguran\u00e7a e o bem-estar de toda a comunidade: a forma\u00e7\u00e3o dos futuros cidad\u00e3os.<\/p>\n<p><strong>Assessoria de Imprensa GMJ<br \/>\n<\/strong><strong>Foto: Equipe Educavi Gepad<\/strong><\/p>\n","protected":false},"excerpt":{"rendered":"<p>Entre as atribui\u00e7\u00f5es e compromissos assumidos pela Guarda Municipal de Jundia\u00ed (GMJ), destaque para o projeto de levar a \u201ccultura de paz para crian\u00e7as, jovens e aos adultos\u201d. Isso \u00e9 realizado pelo programa Educa\u00e7\u00e3o para N\u00e3o Viol\u00eancia (Educavi) que, nesta semana, encerrou as a\u00e7\u00f5es de 2019 com atividade na EMEB Judith Almeida Curado Arruda, no [&hellip;]<\/p>\n","protected":false},"author":48,"featured_media":0,"comment_status":"closed","ping_status":"closed","sticky":false,"template":"","format":"standard","meta":{"footnotes":""},"categories":[2],"tags":[31,1279],"ods":[],"class_list":["post-241364","post","type-post","status-publish","format-standard","hentry","category-noticias","tag-guarda-municipal","tag-programa-educacao-para-nao-violencia-grupo-de-educacao-e-prevencao-as-drogas-educavi-gepad"],"_links":{"self":[{"href":"https:\/\/jundiai.sp.gov.br\/noticias\/wp-json\/wp\/v2\/posts\/241364","targetHints":{"allow":["GET"]}}],"collection":[{"href":"https:\/\/jundiai.sp.gov.br\/noticias\/wp-json\/wp\/v2\/posts"}],"about":[{"href":"https:\/\/jundiai.sp.gov.br\/noticias\/wp-json\/wp\/v2\/types\/post"}],"author":[{"embeddable":true,"href":"https:\/\/jundiai.sp.gov.br\/noticias\/wp-json\/wp\/v2\/users\/48"}],"replies":[{"embeddable":true,"href":"https:\/\/jundiai.sp.gov.br\/noticias\/wp-json\/wp\/v2\/comments?post=241364"}],"version-history":[{"count":14,"href":"https:\/\/jundiai.sp.gov.br\/noticias\/wp-json\/wp\/v2\/posts\/241364\/revisions"}],"predecessor-version":[{"id":241439,"href":"https:\/\/jundiai.sp.gov.br\/noticias\/wp-json\/wp\/v2\/posts\/241364\/revisions\/241439"}],"wp:attachment":[{"href":"https:\/\/jundiai.sp.gov.br\/noticias\/wp-json\/wp\/v2\/media?parent=241364"}],"wp:term":[{"taxonomy":"category","embeddable":true,"href":"https:\/\/jundiai.sp.gov.br\/noticias\/wp-json\/wp\/v2\/categories?post=241364"},{"taxonomy":"post_tag","embeddable":true,"href":"https:\/\/jundiai.sp.gov.br\/noticias\/wp-json\/wp\/v2\/tags?post=241364"},{"taxonomy":"ods","embeddable":true,"href":"https:\/\/jundiai.sp.gov.br\/noticias\/wp-json\/wp\/v2\/ods?post=241364"}],"curies":[{"name":"wp","href":"https:\/\/api.w.org\/{rel}","templated":true}]}}