{"id":241404,"date":"2019-12-13T16:29:38","date_gmt":"2019-12-13T18:29:38","guid":{"rendered":"https:\/\/jundiai.sp.gov.br\/noticias\/?p=241404"},"modified":"2019-12-13T16:30:16","modified_gmt":"2019-12-13T18:30:16","slug":"egp-capacita-mais-de-6-mil-pessoas-no-ano-de-2019-em-diversas-areas","status":"publish","type":"post","link":"https:\/\/jundiai.sp.gov.br\/noticias\/2019\/12\/13\/egp-capacita-mais-de-6-mil-pessoas-no-ano-de-2019-em-diversas-areas\/","title":{"rendered":"EGP capacita mais de 6 mil pessoas no ano de 2019 em diversas \u00e1reas"},"content":{"rendered":"<p>Em um ano marcado pela oferta de cursos, palestras e simp\u00f3sios aos servidores p\u00fablicos, a Escola de Gest\u00e3o P\u00fablica (EGP) divulga o \u00faltimo balan\u00e7o das a\u00e7\u00f5es de capacita\u00e7\u00e3o e treinamento desenvolvidas ao longo de 2019.<\/p>\n<div id=\"attachment_241406\" style=\"width: 1034px\" class=\"wp-caption aligncenter\"><img loading=\"lazy\" decoding=\"async\" aria-describedby=\"caption-attachment-241406\" class=\"size-large wp-image-241406\" src=\"https:\/\/jundiai.sp.gov.br\/noticias\/wp-content\/uploads\/sites\/32\/2019\/12\/mat-final-02-1280x672.jpg\" alt=\"\" width=\"1024\" height=\"538\" srcset=\"https:\/\/jundiai.sp.gov.br\/noticias\/wp-content\/uploads\/sites\/32\/2019\/12\/mat-final-02-1280x672.jpg 1280w, https:\/\/jundiai.sp.gov.br\/noticias\/wp-content\/uploads\/sites\/32\/2019\/12\/mat-final-02-300x158.jpg 300w, https:\/\/jundiai.sp.gov.br\/noticias\/wp-content\/uploads\/sites\/32\/2019\/12\/mat-final-02-768x403.jpg 768w, https:\/\/jundiai.sp.gov.br\/noticias\/wp-content\/uploads\/sites\/32\/2019\/12\/mat-final-02.jpg 1920w\" sizes=\"auto, (max-width: 1024px) 100vw, 1024px\" \/><p id=\"caption-attachment-241406\" class=\"wp-caption-text\">Mais de 6 mil pessoas, entre servidores e demais interessados, participaram dos mais de 125 cursos<\/p><\/div>\n<p>Os n\u00fameros coletados apontam a participa\u00e7\u00e3o de mais de 6000 pessoas, entre elas, servidores municipais e demais interessados, nos mais de 125 cursos oferecidos pela autarquia, que chega ao t\u00e9rmino do ano com as metas superadas.<\/p>\n<p>At\u00e9 o m\u00eas de outubro, por exemplo, o relat\u00f3rio de atividades revelou um crescimento de 26% a mais em n\u00famero de alunos em rela\u00e7\u00e3o ao mesmo per\u00edodo do ano anterior, evidenciando a amplia\u00e7\u00e3o da oferta de cursos, nas mais diversas \u00e1reas.<\/p>\n<p>De acordo com Silas Feitosa, Diretor-presidente da EGP, o trabalho \u00e9 resultado do comprometimento de um grupo de pessoas engajadas em entregar servi\u00e7os de qualidade \u00e0 sociedade. \u201cAl\u00e9m dos cursos, a Escola tem buscado profissionais renomados para ministrar palestras e oficinas, a fim de potencializar o aprimoramento e a dissemina\u00e7\u00e3o do conhecimento\u201d.<\/p>\n<p><img loading=\"lazy\" decoding=\"async\" class=\"aligncenter size-large wp-image-241405\" src=\"https:\/\/jundiai.sp.gov.br\/noticias\/wp-content\/uploads\/sites\/32\/2019\/12\/mat-final-egp-3-1280x853.jpg\" alt=\"\" width=\"1024\" height=\"682\" srcset=\"https:\/\/jundiai.sp.gov.br\/noticias\/wp-content\/uploads\/sites\/32\/2019\/12\/mat-final-egp-3-1280x853.jpg 1280w, https:\/\/jundiai.sp.gov.br\/noticias\/wp-content\/uploads\/sites\/32\/2019\/12\/mat-final-egp-3-300x200.jpg 300w, https:\/\/jundiai.sp.gov.br\/noticias\/wp-content\/uploads\/sites\/32\/2019\/12\/mat-final-egp-3-768x512.jpg 768w, https:\/\/jundiai.sp.gov.br\/noticias\/wp-content\/uploads\/sites\/32\/2019\/12\/mat-final-egp-3-450x300.jpg 450w, https:\/\/jundiai.sp.gov.br\/noticias\/wp-content\/uploads\/sites\/32\/2019\/12\/mat-final-egp-3.jpg 1920w\" sizes=\"auto, (max-width: 1024px) 100vw, 1024px\" \/><\/p>\n<p>Silas Feitosa destacou ainda que a meta para o pr\u00f3ximo ano \u00e9 garantir o crescimento desses indicadores. \u201cA Educa\u00e7\u00e3o \u00e9 uma das formas pelas quais a gest\u00e3o p\u00fabica eficaz se manifesta. Por isso, em 2020, continuaremos investindo em cursos atuais, s\u00e9rios e de credibilidade, que venham agregar ainda mais conhecimento e cultura aos servidores p\u00fablicos e demais interessados\u201d.<\/p>\n<p><strong>Assessoria de Imprensa EGP<br \/>\nFotos: EGP<\/strong><\/p>\n","protected":false},"excerpt":{"rendered":"<p>Em um ano marcado pela oferta de cursos, palestras e simp\u00f3sios aos servidores p\u00fablicos, a Escola de Gest\u00e3o P\u00fablica (EGP) divulga o \u00faltimo balan\u00e7o das a\u00e7\u00f5es de capacita\u00e7\u00e3o e treinamento desenvolvidas ao longo de 2019. Os n\u00fameros coletados apontam a participa\u00e7\u00e3o de mais de 6000 pessoas, entre elas, servidores municipais e demais interessados, nos mais [&hellip;]<\/p>\n","protected":false},"author":30,"featured_media":0,"comment_status":"closed","ping_status":"closed","sticky":false,"template":"","format":"standard","meta":{"footnotes":""},"categories":[2],"tags":[1071],"ods":[],"class_list":["post-241404","post","type-post","status-publish","format-standard","hentry","category-noticias","tag-escola-de-gestao-publica-egp"],"_links":{"self":[{"href":"https:\/\/jundiai.sp.gov.br\/noticias\/wp-json\/wp\/v2\/posts\/241404","targetHints":{"allow":["GET"]}}],"collection":[{"href":"https:\/\/jundiai.sp.gov.br\/noticias\/wp-json\/wp\/v2\/posts"}],"about":[{"href":"https:\/\/jundiai.sp.gov.br\/noticias\/wp-json\/wp\/v2\/types\/post"}],"author":[{"embeddable":true,"href":"https:\/\/jundiai.sp.gov.br\/noticias\/wp-json\/wp\/v2\/users\/30"}],"replies":[{"embeddable":true,"href":"https:\/\/jundiai.sp.gov.br\/noticias\/wp-json\/wp\/v2\/comments?post=241404"}],"version-history":[{"count":2,"href":"https:\/\/jundiai.sp.gov.br\/noticias\/wp-json\/wp\/v2\/posts\/241404\/revisions"}],"predecessor-version":[{"id":241409,"href":"https:\/\/jundiai.sp.gov.br\/noticias\/wp-json\/wp\/v2\/posts\/241404\/revisions\/241409"}],"wp:attachment":[{"href":"https:\/\/jundiai.sp.gov.br\/noticias\/wp-json\/wp\/v2\/media?parent=241404"}],"wp:term":[{"taxonomy":"category","embeddable":true,"href":"https:\/\/jundiai.sp.gov.br\/noticias\/wp-json\/wp\/v2\/categories?post=241404"},{"taxonomy":"post_tag","embeddable":true,"href":"https:\/\/jundiai.sp.gov.br\/noticias\/wp-json\/wp\/v2\/tags?post=241404"},{"taxonomy":"ods","embeddable":true,"href":"https:\/\/jundiai.sp.gov.br\/noticias\/wp-json\/wp\/v2\/ods?post=241404"}],"curies":[{"name":"wp","href":"https:\/\/api.w.org\/{rel}","templated":true}]}}