{"id":241478,"date":"2019-12-14T20:19:57","date_gmt":"2019-12-14T22:19:57","guid":{"rendered":"https:\/\/jundiai.sp.gov.br\/noticias\/?p=241478"},"modified":"2020-11-30T11:10:50","modified_gmt":"2020-11-30T14:10:50","slug":"nos-364-anos-de-jundiai-escola-inovadora-chega-a-sua-16a-unidade","status":"publish","type":"post","link":"https:\/\/jundiai.sp.gov.br\/noticias\/2019\/12\/14\/nos-364-anos-de-jundiai-escola-inovadora-chega-a-sua-16a-unidade\/","title":{"rendered":"Nos 364 anos de Jundia\u00ed, Escola Inovadora chega \u00e0 sua 16\u00aa unidade"},"content":{"rendered":"<p>Nem a chuva tirou o \u00e2nimo da crian\u00e7ada que participou da entrega de mais uma unidade do programa Escola Inovadora na tarde deste s\u00e1bado (14), dia em que Jundia\u00ed completou 364 anos. Inaugurada em 1988, a EMEB Professora Isabel Christina Marques de Oliveira passou nos \u00faltimos seis meses pela revitaliza\u00e7\u00e3o do Escola Inovadora, programa da administra\u00e7\u00e3o municipal baseado em tr\u00eas eixos principais: a melhoria na qualidade do ensino dos alunos, a moderniza\u00e7\u00e3o da ambi\u00eancia e infraestrutura escolares e os investimentos na forma\u00e7\u00e3o dos educadores. <\/p>\n<div id=\"attachment_241480\" style=\"width: 1034px\" class=\"wp-caption aligncenter\"><img loading=\"lazy\" decoding=\"async\" aria-describedby=\"caption-attachment-241480\" src=\"https:\/\/jundiai.sp.gov.br\/noticias\/wp-content\/uploads\/sites\/32\/2019\/12\/whatsapp-image-2019-12-14-at-18-38-48-1280x788.jpeg\" alt=\"\" width=\"1024\" height=\"630\" class=\"size-large wp-image-241480\" srcset=\"https:\/\/jundiai.sp.gov.br\/noticias\/wp-content\/uploads\/sites\/32\/2019\/12\/whatsapp-image-2019-12-14-at-18-38-48.jpeg 1280w, https:\/\/jundiai.sp.gov.br\/noticias\/wp-content\/uploads\/sites\/32\/2019\/12\/whatsapp-image-2019-12-14-at-18-38-48-300x185.jpeg 300w, https:\/\/jundiai.sp.gov.br\/noticias\/wp-content\/uploads\/sites\/32\/2019\/12\/whatsapp-image-2019-12-14-at-18-38-48-768x473.jpeg 768w\" sizes=\"auto, (max-width: 1024px) 100vw, 1024px\" \/><p id=\"caption-attachment-241480\" class=\"wp-caption-text\">Alunos da EMEB Isabel Christina fizeram uma apresenta\u00e7\u00e3o musical durante a entrega do espa\u00e7o como Escola Inovadora<\/p><\/div>\n<p>Para a gestora de Educa\u00e7\u00e3o, Vasti Ferrari Marques, a Escola Inovadora funciona porque h\u00e1 a participa\u00e7\u00e3o de todos. \u201cO conceito do programa est\u00e1 dentro de cada profissional da unidade escolar, porque se eles n\u00e3o acreditassem no potencial da crian\u00e7a, se n\u00e3o a ouvirem, se n\u00e3o valorizarem o espa\u00e7o que est\u00e3o recebendo e se n\u00e3o se capacitarem constantemente para cuidar de seus alunos, de nada adiantaria toda esta beleza nos ambientes\u201d, salientou, refor\u00e7ando o envolvimento da fam\u00edlia no desenvolvimento da crian\u00e7a. \u201cO estudo \u00e9 a maior heran\u00e7a que podemos deixar aos nossos filhos e o di\u00e1logo entre a escola e a fam\u00edlia tem de ser algo constante, que contribua para o desenvolvimento da crian\u00e7a\u201d.<\/p>\n<p>O prefeito Luiz Fernando Machado, que falou logo ap\u00f3s o discurso do vereador Albino, seguiu destacando que o complemento que se d\u00e1 para a crian\u00e7a em casa \u00e9 imprescind\u00edvel para que a contribui\u00e7\u00e3o oferecida pelo poder p\u00fablico atrav\u00e9s da Escola Inovadora possa realmente render frutos. \u201cNas escolas da rede municipal de ensino, oferecemos ingl\u00eas para as crian\u00e7as com idade acima de 4 anos, melhoramos a ambi\u00eancia das escolas e isto reflete no rendimento daquele aluno, mas nada acontece se a crian\u00e7a n\u00e3o puder contar, em casa, com o envolvimento familiar que lhe garanta o sentimento de pertencimento e, com isso, a responsabilidade em zelar por tudo\u201d, ressaltou o prefeito. \u201cA cada nova Escola Inovadora que entrego, repito sempre: mais importante do que construir pontes e viadutos, \u00e9 ter a certeza de passar em cima e n\u00e3o observar ningu\u00e9m morando embaixo deles\u201d.<\/p>\n<div id=\"attachment_241482\" style=\"width: 1034px\" class=\"wp-caption aligncenter\"><img loading=\"lazy\" decoding=\"async\" aria-describedby=\"caption-attachment-241482\" src=\"https:\/\/jundiai.sp.gov.br\/noticias\/wp-content\/uploads\/sites\/32\/2019\/12\/whatsapp-image-2019-12-14-at-19-09-56-1280x853.jpeg\" alt=\"\" width=\"1024\" height=\"682\" class=\"size-large wp-image-241482\" srcset=\"https:\/\/jundiai.sp.gov.br\/noticias\/wp-content\/uploads\/sites\/32\/2019\/12\/whatsapp-image-2019-12-14-at-19-09-56.jpeg 1280w, https:\/\/jundiai.sp.gov.br\/noticias\/wp-content\/uploads\/sites\/32\/2019\/12\/whatsapp-image-2019-12-14-at-19-09-56-300x200.jpeg 300w, https:\/\/jundiai.sp.gov.br\/noticias\/wp-content\/uploads\/sites\/32\/2019\/12\/whatsapp-image-2019-12-14-at-19-09-56-768x512.jpeg 768w, https:\/\/jundiai.sp.gov.br\/noticias\/wp-content\/uploads\/sites\/32\/2019\/12\/whatsapp-image-2019-12-14-at-19-09-56-450x300.jpeg 450w\" sizes=\"auto, (max-width: 1024px) 100vw, 1024px\" \/><p id=\"caption-attachment-241482\" class=\"wp-caption-text\">Prefeito Luiz Fernando Machado: &#8220;a Escola Inovadora s\u00f3 acontece de verdade quando a fam\u00edlia tamb\u00e9m se envolve e a crian\u00e7a passa ter o sentimento de pertencimento do espa\u00e7o&#8221;<\/p><\/div>\n<p>Entre as a\u00e7\u00f5es j\u00e1 contabilizadas pelo Escola Inovadora, encontram-se as reformas de creches e de Escolas Municipais de Educa\u00e7\u00e3o B\u00e1sica (Emebs); a realiza\u00e7\u00e3o de eventos, como o Startech; a inclus\u00e3o da oferta do ensino de Ingl\u00eas para as crian\u00e7as a partir dos quatro anos; a expans\u00e3o da oferta de org\u00e2nicos na merenda escolar; a implanta\u00e7\u00e3o do FAB LAB no Complexo Argos (o primeiro do Pa\u00eds entregue em parceria com uma Prefeitura e que nesta sexta (13), completou um ano de funcionamento); entre outras a\u00e7\u00f5es.<\/p>\n<p><strong>Uma escola muito mais bonita<\/strong><\/p>\n<div id=\"attachment_241481\" style=\"width: 1034px\" class=\"wp-caption aligncenter\"><img loading=\"lazy\" decoding=\"async\" aria-describedby=\"caption-attachment-241481\" src=\"https:\/\/jundiai.sp.gov.br\/noticias\/wp-content\/uploads\/sites\/32\/2019\/12\/whatsapp-image-2019-12-14-at-18-38-56-1280x853.jpeg\" alt=\"\" width=\"1024\" height=\"682\" class=\"size-large wp-image-241481\" srcset=\"https:\/\/jundiai.sp.gov.br\/noticias\/wp-content\/uploads\/sites\/32\/2019\/12\/whatsapp-image-2019-12-14-at-18-38-56.jpeg 1280w, https:\/\/jundiai.sp.gov.br\/noticias\/wp-content\/uploads\/sites\/32\/2019\/12\/whatsapp-image-2019-12-14-at-18-38-56-300x200.jpeg 300w, https:\/\/jundiai.sp.gov.br\/noticias\/wp-content\/uploads\/sites\/32\/2019\/12\/whatsapp-image-2019-12-14-at-18-38-56-768x512.jpeg 768w, https:\/\/jundiai.sp.gov.br\/noticias\/wp-content\/uploads\/sites\/32\/2019\/12\/whatsapp-image-2019-12-14-at-18-38-56-450x300.jpeg 450w\" sizes=\"auto, (max-width: 1024px) 100vw, 1024px\" \/><p id=\"caption-attachment-241481\" class=\"wp-caption-text\">A descerramento da placa inaugural da nova Escola Inovadora foi feito pelas crian\u00e7as<\/p><\/div>\n<p>\u201cA qualidade do espa\u00e7o f\u00edsico de uma escola impacta de forma positiva toda a comunidade onde esta unidade est\u00e1 inserida\u201d, destaca Rosana Maria Prates, diretora da EMEB. \u201cReceber esta revitaliza\u00e7\u00e3o \u00e9 como se n\u00f3s estiv\u00e9ssemos redescobrindo nossa escola com um olhar diferente, como se os espa\u00e7os tamb\u00e9m passassem a nos enxergar\u201d, complementou. <\/p>\n<p>A reforma e adapta\u00e7\u00e3o da EMEB, que custou R$ 316,5 mil, incluiu revis\u00e3o do telhado, da quadra e do parque, pintura geral, reforma dos banheiros e da zeladoria, adapta\u00e7\u00e3o do sanit\u00e1rio para PCD, revitaliza\u00e7\u00e3o do espa\u00e7o horta, substitui\u00e7\u00e3o dos bebedouros por bebedouros de inox, limpeza na caixa d\u00b4\u00e1gua, reparo nos arm\u00e1rios das salas, substitui\u00e7\u00e3o de claraboia, revis\u00e3o el\u00e9trica e hidr\u00e1ulica, manuten\u00e7\u00e3o nos muros de divisa. Tudo isso para atender melhor os quase 400 alunos com idade entre 6 e 10 anos. <\/p>\n<div id=\"attachment_241479\" style=\"width: 1034px\" class=\"wp-caption aligncenter\"><img loading=\"lazy\" decoding=\"async\" aria-describedby=\"caption-attachment-241479\" src=\"https:\/\/jundiai.sp.gov.br\/noticias\/wp-content\/uploads\/sites\/32\/2019\/12\/whatsapp-image-2019-12-14-at-18-51-42-1280x853.jpeg\" alt=\"\" width=\"1024\" height=\"682\" class=\"size-large wp-image-241479\" srcset=\"https:\/\/jundiai.sp.gov.br\/noticias\/wp-content\/uploads\/sites\/32\/2019\/12\/whatsapp-image-2019-12-14-at-18-51-42.jpeg 1280w, https:\/\/jundiai.sp.gov.br\/noticias\/wp-content\/uploads\/sites\/32\/2019\/12\/whatsapp-image-2019-12-14-at-18-51-42-300x200.jpeg 300w, https:\/\/jundiai.sp.gov.br\/noticias\/wp-content\/uploads\/sites\/32\/2019\/12\/whatsapp-image-2019-12-14-at-18-51-42-768x512.jpeg 768w, https:\/\/jundiai.sp.gov.br\/noticias\/wp-content\/uploads\/sites\/32\/2019\/12\/whatsapp-image-2019-12-14-at-18-51-42-450x300.jpeg 450w\" sizes=\"auto, (max-width: 1024px) 100vw, 1024px\" \/><p id=\"caption-attachment-241479\" class=\"wp-caption-text\">Dona Elisete e o neto Kauan aprovaram a nova escola e a qualidade do ensino<\/p><\/div>\n<p>A professora Sandra Tomin est\u00e1 h\u00e1 tr\u00eas anos na escola e conta que uma das coisas que as crian\u00e7as mais sentiam falta era o parque infantil e uma rede no entorno da quadra. \u201cElas pediam muito um novo parque. E a rede em volta da quadra vai evitar que as bolas se percam para fora da escola, como acontecia com frequ\u00eancia\u201d. <\/p>\n<p>Av\u00f3 de Kauan, de 9 anos, a dona-de-casa Elisete Leite da Silva se lembra de quando levava o pai dele, Jos\u00e9 \u00cdtalo, para as aulas no Isabel Christina. \u201cA reforma demorou para sair, mas estou muito feliz porque valeu a pena esperar. Deixaram a escola muito bonita e a pintura fez toda a diferen\u00e7a, assim como a qualidade do ensino, que melhorou muito.\u201d <\/p>\n<p><em><strong>Assessoria de Imprensa<br \/>\nFotos: Fot\u00f3grafos PMJ<\/strong><\/em><\/p>\n","protected":false},"excerpt":{"rendered":"<p>Nem a chuva tirou o \u00e2nimo da crian\u00e7ada que participou da entrega de mais uma unidade do programa Escola Inovadora na tarde deste s\u00e1bado (14), dia em que Jundia\u00ed completou 364 anos. Inaugurada em 1988, a EMEB Professora Isabel Christina Marques de Oliveira passou nos \u00faltimos seis meses pela revitaliza\u00e7\u00e3o do Escola Inovadora, programa da [&hellip;]<\/p>\n","protected":false},"author":40,"featured_media":241480,"comment_status":"closed","ping_status":"closed","sticky":false,"template":"","format":"standard","meta":{"footnotes":""},"categories":[2],"tags":[6,1061,1134,1415],"ods":[],"class_list":["post-241478","post","type-post","status-publish","format-standard","has-post-thumbnail","hentry","category-noticias","tag-educacao","tag-escola-inovadora","tag-fab-lab","tag-jundiai-364-anos"],"_links":{"self":[{"href":"https:\/\/jundiai.sp.gov.br\/noticias\/wp-json\/wp\/v2\/posts\/241478","targetHints":{"allow":["GET"]}}],"collection":[{"href":"https:\/\/jundiai.sp.gov.br\/noticias\/wp-json\/wp\/v2\/posts"}],"about":[{"href":"https:\/\/jundiai.sp.gov.br\/noticias\/wp-json\/wp\/v2\/types\/post"}],"author":[{"embeddable":true,"href":"https:\/\/jundiai.sp.gov.br\/noticias\/wp-json\/wp\/v2\/users\/40"}],"replies":[{"embeddable":true,"href":"https:\/\/jundiai.sp.gov.br\/noticias\/wp-json\/wp\/v2\/comments?post=241478"}],"version-history":[{"count":1,"href":"https:\/\/jundiai.sp.gov.br\/noticias\/wp-json\/wp\/v2\/posts\/241478\/revisions"}],"predecessor-version":[{"id":241483,"href":"https:\/\/jundiai.sp.gov.br\/noticias\/wp-json\/wp\/v2\/posts\/241478\/revisions\/241483"}],"wp:featuredmedia":[{"embeddable":true,"href":"https:\/\/jundiai.sp.gov.br\/noticias\/wp-json\/wp\/v2\/media\/241480"}],"wp:attachment":[{"href":"https:\/\/jundiai.sp.gov.br\/noticias\/wp-json\/wp\/v2\/media?parent=241478"}],"wp:term":[{"taxonomy":"category","embeddable":true,"href":"https:\/\/jundiai.sp.gov.br\/noticias\/wp-json\/wp\/v2\/categories?post=241478"},{"taxonomy":"post_tag","embeddable":true,"href":"https:\/\/jundiai.sp.gov.br\/noticias\/wp-json\/wp\/v2\/tags?post=241478"},{"taxonomy":"ods","embeddable":true,"href":"https:\/\/jundiai.sp.gov.br\/noticias\/wp-json\/wp\/v2\/ods?post=241478"}],"curies":[{"name":"wp","href":"https:\/\/api.w.org\/{rel}","templated":true}]}}