{"id":241614,"date":"2019-12-17T17:15:02","date_gmt":"2019-12-17T19:15:02","guid":{"rendered":"https:\/\/jundiai.sp.gov.br\/noticias\/?p=241614"},"modified":"2019-12-17T17:15:02","modified_gmt":"2019-12-17T19:15:02","slug":"jundiai-nao-tera-coleta-de-lixo-organico-nos-dias-25-12-e-1o-1","status":"publish","type":"post","link":"https:\/\/jundiai.sp.gov.br\/noticias\/2019\/12\/17\/jundiai-nao-tera-coleta-de-lixo-organico-nos-dias-25-12-e-1o-1\/","title":{"rendered":"Jundia\u00ed n\u00e3o ter\u00e1 coleta de lixo org\u00e2nico nos dias 25\/12 e 1\u00ba\/1"},"content":{"rendered":"<p>Como acontece todos os anos em Jundia\u00ed, n\u00e3o haver\u00e1 a coleta de lixo org\u00e2nico na cidade nos dias 25 de dezembro de 2019 (quarta-feira da semana que vem) e 1\u00ba de janeiro de 2020 (a primeira quarta do ano novo). Nestes dias, os funcion\u00e1rios da empresa que presta o servi\u00e7o ganhar\u00e3o merecidas folgas, mas a prefeitura informa que o servi\u00e7o ser\u00e1 feito normalmente nos dias 24, de 26 a 31 de dezembro e de 2 de janeiro em diante.<\/p>\n<p>M\u00e1rcio Moraes, diretor do Departamento de Limpeza P\u00fablica da Unidade de Gest\u00e3o de Infraestrutura e Servi\u00e7os P\u00fablicos (UGISP) de Jundia\u00ed, orienta a popula\u00e7\u00e3o para que, somente nos dias 25\/12 e 1\u00ba\/1, n\u00e3o deixe sacos de lixo org\u00e2nico nas ruas, esperando pela coleta.<\/p>\n<div id=\"attachment_241652\" style=\"width: 1034px\" class=\"wp-caption aligncenter\"><img loading=\"lazy\" decoding=\"async\" aria-describedby=\"caption-attachment-241652\" class=\"size-large wp-image-241652\" src=\"https:\/\/jundiai.sp.gov.br\/noticias\/wp-content\/uploads\/sites\/32\/2019\/12\/coleta_de_lixo-1280x853.jpg\" alt=\"Coleta de lixo org\u00e2nico ser\u00e1 feita normalmente nos dias 24 e 31 de dezembro\" width=\"1024\" height=\"682\" srcset=\"https:\/\/jundiai.sp.gov.br\/noticias\/wp-content\/uploads\/sites\/32\/2019\/12\/coleta_de_lixo-1280x853.jpg 1280w, https:\/\/jundiai.sp.gov.br\/noticias\/wp-content\/uploads\/sites\/32\/2019\/12\/coleta_de_lixo-300x200.jpg 300w, https:\/\/jundiai.sp.gov.br\/noticias\/wp-content\/uploads\/sites\/32\/2019\/12\/coleta_de_lixo-768x512.jpg 768w, https:\/\/jundiai.sp.gov.br\/noticias\/wp-content\/uploads\/sites\/32\/2019\/12\/coleta_de_lixo-450x300.jpg 450w, https:\/\/jundiai.sp.gov.br\/noticias\/wp-content\/uploads\/sites\/32\/2019\/12\/coleta_de_lixo.jpg 1323w\" sizes=\"auto, (max-width: 1024px) 100vw, 1024px\" \/><p id=\"caption-attachment-241652\" class=\"wp-caption-text\">Coleta de lixo org\u00e2nico ser\u00e1 feita normalmente nos dias 24 e 31 de dezembro<\/p><\/div>\n<p>\u201cEm lugares em que o lixo \u00e9 colocado nas cal\u00e7adas, os sacos podem ser abertos por animais, o que sujar\u00e1 as vias p\u00fablicas, atraindo ratos e insetos. Se chover, os res\u00edduos ainda chegar\u00e3o \u00e0s bocas de lobo e o entupimento das mesmas vai causar enchentes e muitos transtornos\u201d, lembra M\u00e1rcio.<\/p>\n<p>\u201cPedimos a todos os mun\u00edcipes que deixem o lixo para ser coletado apenas nos dias de trabalho dos colaboradores, contribuindo desta forma para que a cidade fique limpa nas festas de final de ano\u201d, emenda o diretor da UGISP.<\/p>\n<p>Acesse <a href=\"https:\/\/jundiai.sp.gov.br\/infraestrutura-e-servicos-publicos\/limpeza-publica\/coleta-organica-seletiva-e-cata-treco\/\">o site da Prefeitura de Jundia\u00ed e confira os dias certos em que s\u00e3o feitas as coletas seletiva, de lixo org\u00e2nico e o Cata-Treco na sua rua<\/a>.<\/p>\n<p><strong>Assessoria de Imprensa<\/strong><br \/>\n<strong>Foto: Fot\u00f3grafos PMJ<\/strong><\/p>\n","protected":false},"excerpt":{"rendered":"<p>Como acontece todos os anos em Jundia\u00ed, n\u00e3o haver\u00e1 a coleta de lixo org\u00e2nico na cidade nos dias 25 de dezembro de 2019 (quarta-feira da semana que vem) e 1\u00ba de janeiro de 2020 (a primeira quarta do ano novo). Nestes dias, os funcion\u00e1rios da empresa que presta o servi\u00e7o ganhar\u00e3o merecidas folgas, mas a [&hellip;]<\/p>\n","protected":false},"author":54,"featured_media":241652,"comment_status":"closed","ping_status":"closed","sticky":false,"template":"","format":"standard","meta":{"footnotes":""},"categories":[2],"tags":[985],"ods":[],"class_list":["post-241614","post","type-post","status-publish","format-standard","has-post-thumbnail","hentry","category-noticias","tag-infraestrutura-e-servicos-publicos"],"_links":{"self":[{"href":"https:\/\/jundiai.sp.gov.br\/noticias\/wp-json\/wp\/v2\/posts\/241614","targetHints":{"allow":["GET"]}}],"collection":[{"href":"https:\/\/jundiai.sp.gov.br\/noticias\/wp-json\/wp\/v2\/posts"}],"about":[{"href":"https:\/\/jundiai.sp.gov.br\/noticias\/wp-json\/wp\/v2\/types\/post"}],"author":[{"embeddable":true,"href":"https:\/\/jundiai.sp.gov.br\/noticias\/wp-json\/wp\/v2\/users\/54"}],"replies":[{"embeddable":true,"href":"https:\/\/jundiai.sp.gov.br\/noticias\/wp-json\/wp\/v2\/comments?post=241614"}],"version-history":[{"count":3,"href":"https:\/\/jundiai.sp.gov.br\/noticias\/wp-json\/wp\/v2\/posts\/241614\/revisions"}],"predecessor-version":[{"id":241654,"href":"https:\/\/jundiai.sp.gov.br\/noticias\/wp-json\/wp\/v2\/posts\/241614\/revisions\/241654"}],"wp:featuredmedia":[{"embeddable":true,"href":"https:\/\/jundiai.sp.gov.br\/noticias\/wp-json\/wp\/v2\/media\/241652"}],"wp:attachment":[{"href":"https:\/\/jundiai.sp.gov.br\/noticias\/wp-json\/wp\/v2\/media?parent=241614"}],"wp:term":[{"taxonomy":"category","embeddable":true,"href":"https:\/\/jundiai.sp.gov.br\/noticias\/wp-json\/wp\/v2\/categories?post=241614"},{"taxonomy":"post_tag","embeddable":true,"href":"https:\/\/jundiai.sp.gov.br\/noticias\/wp-json\/wp\/v2\/tags?post=241614"},{"taxonomy":"ods","embeddable":true,"href":"https:\/\/jundiai.sp.gov.br\/noticias\/wp-json\/wp\/v2\/ods?post=241614"}],"curies":[{"name":"wp","href":"https:\/\/api.w.org\/{rel}","templated":true}]}}