{"id":241697,"date":"2019-12-17T19:29:10","date_gmt":"2019-12-17T21:29:10","guid":{"rendered":"https:\/\/jundiai.sp.gov.br\/noticias\/?p=241697"},"modified":"2019-12-17T19:29:10","modified_gmt":"2019-12-17T21:29:10","slug":"rede-da-inicio-a-etapa-de-validacao-do-plano-decenal-municipal-de-assistencia-social","status":"publish","type":"post","link":"https:\/\/jundiai.sp.gov.br\/noticias\/2019\/12\/17\/rede-da-inicio-a-etapa-de-validacao-do-plano-decenal-municipal-de-assistencia-social\/","title":{"rendered":"Rede d\u00e1 in\u00edcio \u00e0 valida\u00e7\u00e3o do Plano Decenal de Assist\u00eancia Social"},"content":{"rendered":"<p>A Unidade de Gest\u00e3o de Assist\u00eancia e Desenvolvimento Social (UGADS) apresentou, na manh\u00e3 desta ter\u00e7a-feira (17) o diagn\u00f3stico situacional e territorial para a constru\u00e7\u00e3o do Plano Decenal de Assist\u00eancia Social. Ap\u00f3s as etapas de diagn\u00f3stico nos territ\u00f3rios, a discuss\u00e3o interna em outubro e o di\u00e1logo com os usu\u00e1rios da rede em novembro, o Plano chega \u00e0 sua etapa de apresenta\u00e7\u00e3o e valida\u00e7\u00e3o por parte da rede.<\/p>\n<p>No encontro, realizado na Escola de Gest\u00e3o P\u00fablica (EGP), deu-se in\u00edcio \u00e0 an\u00e1lise das primeiras propostas, etapa que ser\u00e1 retomada em janeiro, em data ainda a ser definida, para conclus\u00e3o total. Participaram do encontro mais de 30 pessoas, entre servidores da UGADS, integrantes dos Conselhos Municipais vinculados, dos usu\u00e1rios do Sistema \u00danico de Assist\u00eancia Social (SUAS) e representantes da Organiza\u00e7\u00f5es da Sociedade Civil (OSC) parceiras.<\/p>\n<p>A validade do Plano segue para cumprimento at\u00e9 2027, j\u00e1 que a contagem de dez anos \u00e9 feita a partir da realiza\u00e7\u00e3o da \u00faltima Confer\u00eancia Municipal de Assist\u00eancia Social e de suas delibera\u00e7\u00f5es.<\/p>\n<div id=\"attachment_241699\" style=\"width: 1034px\" class=\"wp-caption aligncenter\"><img loading=\"lazy\" decoding=\"async\" aria-describedby=\"caption-attachment-241699\" class=\"size-large wp-image-241699\" src=\"https:\/\/jundiai.sp.gov.br\/noticias\/wp-content\/uploads\/sites\/32\/2019\/12\/apresentacao_plano_decenal_ugads-46-1280x799.jpg\" alt=\"Foto de costas de pessoas sentadas em audit\u00f3rio, assistindo a uma apresenta\u00e7\u00e3o\" width=\"1024\" height=\"639\" srcset=\"https:\/\/jundiai.sp.gov.br\/noticias\/wp-content\/uploads\/sites\/32\/2019\/12\/apresentacao_plano_decenal_ugads-46-1280x799.jpg 1280w, https:\/\/jundiai.sp.gov.br\/noticias\/wp-content\/uploads\/sites\/32\/2019\/12\/apresentacao_plano_decenal_ugads-46-300x187.jpg 300w, https:\/\/jundiai.sp.gov.br\/noticias\/wp-content\/uploads\/sites\/32\/2019\/12\/apresentacao_plano_decenal_ugads-46-768x479.jpg 768w, https:\/\/jundiai.sp.gov.br\/noticias\/wp-content\/uploads\/sites\/32\/2019\/12\/apresentacao_plano_decenal_ugads-46.jpg 1323w\" sizes=\"auto, (max-width: 1024px) 100vw, 1024px\" \/><p id=\"caption-attachment-241699\" class=\"wp-caption-text\">Rede deu in\u00edcio \u00e0 an\u00e1lise das propostas do Plano<\/p><\/div>\n<p>A gestora da UGADS, N\u00e1dia Taffarello Soares, apresentou os programas e equipamentos vinculados \u00e0 Unidade de Gest\u00e3o. Tamb\u00e9m citou o aperfei\u00e7oamento do trabalho realizado nos \u00faltimos tr\u00eas anos como a ades\u00e3o ao programa Crian\u00e7a Feliz, o que rendeu a visita de representantes da Funda\u00e7\u00e3o Bernard van Leer a Jundia\u00ed e a ida do prefeito Luiz Fernando Machado \u00e0 Holanda no Festival Urban95.<\/p>\n<p>N\u00e1dia tamb\u00e9m citou a obten\u00e7\u00e3o das tr\u00eas fases do programa SP Selo Amigo do Idoso, a inaugura\u00e7\u00e3o do Centro de Conviv\u00eancia do Idoso (CCI), a Opera\u00e7\u00e3o Noites Frias, a realiza\u00e7\u00e3o da Feira Pop no Pa\u00e7o e a inaugura\u00e7\u00e3o do Banco de Alimentos, em parceria com a Funda\u00e7\u00e3o Municipal de A\u00e7\u00e3o Social (FUMAS) e com a Unidade de Gest\u00e3o de Promo\u00e7\u00e3o da Sa\u00fade.<\/p>\n<p>A gestora-adjunta da UGADS, Maria Brant, ressaltou a constru\u00e7\u00e3o participativa e democr\u00e1tica do Plano. \u201cEste \u00e9 um encontro de valida\u00e7\u00e3o de todas as propostas e discuss\u00f5es que surgiram ao longo da constru\u00e7\u00e3o deste Plano, mas tamb\u00e9m ainda \u00e9 tempo para a legitima\u00e7\u00e3o de novas propostas, sensa\u00e7\u00f5es e vulnerabilidades encontradas ao longo do processo\u201d, refletiu.<\/p>\n<p>Integrante do Conselho Municipal de Assist\u00eancia Social (CMAS), representando o segmento dos usu\u00e1rios do SUAS, Maria do Socorro Sousa, moradora do Tamoio, veio acompanhada do filho Leonardo, de 16 anos. \u201cSempre participo destas atividades, pois busco informa\u00e7\u00f5es para auxiliar a popula\u00e7\u00e3o do meu bairro, orientando sobre os encaminhamentos necess\u00e1rios. Participei de todas as fases da constru\u00e7\u00e3o do Plano e agrade\u00e7o o incentivo da gest\u00e3o pela nossa presen\u00e7a\u201d, comentou.<\/p>\n<div id=\"attachment_241701\" style=\"width: 1034px\" class=\"wp-caption aligncenter\"><img loading=\"lazy\" decoding=\"async\" aria-describedby=\"caption-attachment-241701\" class=\"size-large wp-image-241701\" src=\"https:\/\/jundiai.sp.gov.br\/noticias\/wp-content\/uploads\/sites\/32\/2019\/12\/apresentacao_plano_decenal_ugads-108-1280x889.jpg\" alt=\"Mulher e rapaz jovens sentados, em foto posada, olhando para a c\u00e2mera\" width=\"1024\" height=\"711\" srcset=\"https:\/\/jundiai.sp.gov.br\/noticias\/wp-content\/uploads\/sites\/32\/2019\/12\/apresentacao_plano_decenal_ugads-108-1280x889.jpg 1280w, https:\/\/jundiai.sp.gov.br\/noticias\/wp-content\/uploads\/sites\/32\/2019\/12\/apresentacao_plano_decenal_ugads-108-300x208.jpg 300w, https:\/\/jundiai.sp.gov.br\/noticias\/wp-content\/uploads\/sites\/32\/2019\/12\/apresentacao_plano_decenal_ugads-108-768x533.jpg 768w, https:\/\/jundiai.sp.gov.br\/noticias\/wp-content\/uploads\/sites\/32\/2019\/12\/apresentacao_plano_decenal_ugads-108.jpg 1323w\" sizes=\"auto, (max-width: 1024px) 100vw, 1024px\" \/><p id=\"caption-attachment-241701\" class=\"wp-caption-text\">Maria do Socorro e Leonardo representaram os usu\u00e1rios do SUAS e destacaram a import\u00e2ncia da participa\u00e7\u00e3o<\/p><\/div>\n<p><strong>Assessoria de Imprensa<br \/>\nFotos: Fot\u00f3grafos PMJ<\/strong><\/p>\n","protected":false},"excerpt":{"rendered":"<p>A Unidade de Gest\u00e3o de Assist\u00eancia e Desenvolvimento Social (UGADS) apresentou, na manh\u00e3 desta ter\u00e7a-feira (17) o diagn\u00f3stico situacional e territorial para a constru\u00e7\u00e3o do Plano Decenal de Assist\u00eancia Social. Ap\u00f3s as etapas de diagn\u00f3stico nos territ\u00f3rios, a discuss\u00e3o interna em outubro e o di\u00e1logo com os usu\u00e1rios da rede em novembro, o Plano chega [&hellip;]<\/p>\n","protected":false},"author":14,"featured_media":0,"comment_status":"closed","ping_status":"closed","sticky":false,"template":"","format":"standard","meta":{"footnotes":""},"categories":[2],"tags":[980,1071],"ods":[],"class_list":["post-241697","post","type-post","status-publish","format-standard","hentry","category-noticias","tag-assistencia-e-desenvolvimento-social","tag-escola-de-gestao-publica-egp"],"_links":{"self":[{"href":"https:\/\/jundiai.sp.gov.br\/noticias\/wp-json\/wp\/v2\/posts\/241697","targetHints":{"allow":["GET"]}}],"collection":[{"href":"https:\/\/jundiai.sp.gov.br\/noticias\/wp-json\/wp\/v2\/posts"}],"about":[{"href":"https:\/\/jundiai.sp.gov.br\/noticias\/wp-json\/wp\/v2\/types\/post"}],"author":[{"embeddable":true,"href":"https:\/\/jundiai.sp.gov.br\/noticias\/wp-json\/wp\/v2\/users\/14"}],"replies":[{"embeddable":true,"href":"https:\/\/jundiai.sp.gov.br\/noticias\/wp-json\/wp\/v2\/comments?post=241697"}],"version-history":[{"count":6,"href":"https:\/\/jundiai.sp.gov.br\/noticias\/wp-json\/wp\/v2\/posts\/241697\/revisions"}],"predecessor-version":[{"id":265028,"href":"https:\/\/jundiai.sp.gov.br\/noticias\/wp-json\/wp\/v2\/posts\/241697\/revisions\/265028"}],"wp:attachment":[{"href":"https:\/\/jundiai.sp.gov.br\/noticias\/wp-json\/wp\/v2\/media?parent=241697"}],"wp:term":[{"taxonomy":"category","embeddable":true,"href":"https:\/\/jundiai.sp.gov.br\/noticias\/wp-json\/wp\/v2\/categories?post=241697"},{"taxonomy":"post_tag","embeddable":true,"href":"https:\/\/jundiai.sp.gov.br\/noticias\/wp-json\/wp\/v2\/tags?post=241697"},{"taxonomy":"ods","embeddable":true,"href":"https:\/\/jundiai.sp.gov.br\/noticias\/wp-json\/wp\/v2\/ods?post=241697"}],"curies":[{"name":"wp","href":"https:\/\/api.w.org\/{rel}","templated":true}]}}