{"id":241772,"date":"2019-12-18T16:26:03","date_gmt":"2019-12-18T18:26:03","guid":{"rendered":"https:\/\/jundiai.sp.gov.br\/noticias\/?p=241772"},"modified":"2019-12-18T18:31:31","modified_gmt":"2019-12-18T20:31:31","slug":"corrida-bambini-para-criancas-em-janeiro-tem-inscricoes-esgotadas","status":"publish","type":"post","link":"https:\/\/jundiai.sp.gov.br\/noticias\/2019\/12\/18\/corrida-bambini-para-criancas-em-janeiro-tem-inscricoes-esgotadas\/","title":{"rendered":"Corrida Bambini para crian\u00e7as, em janeiro, tem inscri\u00e7\u00f5es esgotadas"},"content":{"rendered":"<p>A corrida Bambini, para crian\u00e7as de 4 a 12 anos, que ser\u00e1 realizada em janeiro no Travi\u00fa, j\u00e1 est\u00e1 com inscri\u00e7\u00f5es esgotadas. Foram 250 vagas abertas no \u00faltimo s\u00e1bado (14) que se esgotaram nesta ter\u00e7a (17).<\/p>\n<p>A corrida, que tem como objetivo divulgar a Festa da Uva 2020, \u00e9 uma iniciativa da Associa\u00e7\u00e3o Agr\u00edcola de Jundia\u00ed, com apoio da Prefeitura de Jundia\u00ed, por meio das Unidades de Gest\u00e3o de Cultura (UGC), Agroneg\u00f3cio, Abastecimento e Turismo (UGAAT) e Esporte e Lazer (UGEL). O evento, que ir\u00e1 ocorrer dentro da Adega Santa Cec\u00edlia, ter\u00e1 largada \u00e0s 8h do dia 11 de janeiro e contar\u00e1 com atra\u00e7\u00f5es para toda a fam\u00edlia, incluindo venda de uva fresquinha, colhida no local, e gastronomia t\u00edpica.<\/p>\n<div id=\"attachment_241773\" style=\"width: 1034px\" class=\"wp-caption aligncenter\"><img loading=\"lazy\" decoding=\"async\" aria-describedby=\"caption-attachment-241773\" class=\"size-large wp-image-241773\" src=\"https:\/\/jundiai.sp.gov.br\/noticias\/wp-content\/uploads\/sites\/32\/2019\/12\/uva3-1280x720.jpg\" alt=\"\" width=\"1024\" height=\"576\" srcset=\"https:\/\/jundiai.sp.gov.br\/noticias\/wp-content\/uploads\/sites\/32\/2019\/12\/uva3-1280x720.jpg 1280w, https:\/\/jundiai.sp.gov.br\/noticias\/wp-content\/uploads\/sites\/32\/2019\/12\/uva3-300x169.jpg 300w, https:\/\/jundiai.sp.gov.br\/noticias\/wp-content\/uploads\/sites\/32\/2019\/12\/uva3-768x432.jpg 768w\" sizes=\"auto, (max-width: 1024px) 100vw, 1024px\" \/><p id=\"caption-attachment-241773\" class=\"wp-caption-text\">Planta\u00e7\u00e3o de uva no Travi\u00fa: corrida ser\u00e1 realizada em plena colheita, em um ambiente cheio de hist\u00f3ria e de cen\u00e1rios \u00fanicos<\/p><\/div>\n<p>A corrida das crian\u00e7as ser\u00e1 em meio \u00e0s planta\u00e7\u00f5es de uva, em plena colheita, em um ambiente cheio de hist\u00f3ria e de cen\u00e1rios \u00fanicos. Segundo o gestor da UGAAT, Eduardo Alvarez, a a\u00e7\u00e3o est\u00e1 de acordo com uma das prioridades da administra\u00e7\u00e3o Luiz Fernando Machado: a Cidade das Crian\u00e7as. \u201cTrata-se de uma proposta l\u00fadica, repleta da hist\u00f3ria de Jundia\u00ed e em meio a planta\u00e7\u00f5es da uva Niagara Rosada, t\u00edpica de Jundia\u00ed e da coloniza\u00e7\u00e3o italiana\u201d, explica.<\/p>\n<p><strong>Corrida para adultos<\/strong><\/p>\n<p>No dia seguinte ser\u00e1 a vez dos adultos: a Corrida da Uva ser\u00e1 realizada no dia 12, domingo, com largada defronte \u00e0 Igreja do Travi\u00fa. O percurso tamb\u00e9m ser\u00e1 em meio a vinhedos, em trajetos de 4 e 8 km para corrida e 4 km para caminhada. Mais de 250 pessoas j\u00e1 confirmaram participa\u00e7\u00e3o.<\/p>\n<p>As inscri\u00e7\u00f5es, que ainda est\u00e3o abertas, custam R$ 39,90 e d\u00e3o direito a um kit, com mochila-saco e camiseta. Ser\u00e3o concedidos trof\u00e9us para os tr\u00eas primeiros colocados, categoria Masculino e Feminino, e medalha a todos os participantes. Para se inscrever,\u00a0clique <a href=\"http:\/\/www.corridadauvajundiai.com.br.\">aqui. <\/a><\/p>\n<p><strong>Assessoria de Imprensa<br \/>\nFotos: Fot\u00f3grafos PMJ<\/strong><\/p>\n","protected":false},"excerpt":{"rendered":"<p>A corrida Bambini, para crian\u00e7as de 4 a 12 anos, que ser\u00e1 realizada em janeiro no Travi\u00fa, j\u00e1 est\u00e1 com inscri\u00e7\u00f5es esgotadas. Foram 250 vagas abertas no \u00faltimo s\u00e1bado (14) que se esgotaram nesta ter\u00e7a (17). A corrida, que tem como objetivo divulgar a Festa da Uva 2020, \u00e9 uma iniciativa da Associa\u00e7\u00e3o Agr\u00edcola de [&hellip;]<\/p>\n","protected":false},"author":45,"featured_media":241773,"comment_status":"closed","ping_status":"closed","sticky":false,"template":"","format":"standard","meta":{"footnotes":""},"categories":[2],"tags":[1174,974,29],"ods":[],"class_list":["post-241772","post","type-post","status-publish","format-standard","has-post-thumbnail","hentry","category-noticias","tag-37a-festa-da-uva-e-8a-expo-vinhos","tag-agronegocio-abastecimento-e-turismo","tag-cultura"],"_links":{"self":[{"href":"https:\/\/jundiai.sp.gov.br\/noticias\/wp-json\/wp\/v2\/posts\/241772","targetHints":{"allow":["GET"]}}],"collection":[{"href":"https:\/\/jundiai.sp.gov.br\/noticias\/wp-json\/wp\/v2\/posts"}],"about":[{"href":"https:\/\/jundiai.sp.gov.br\/noticias\/wp-json\/wp\/v2\/types\/post"}],"author":[{"embeddable":true,"href":"https:\/\/jundiai.sp.gov.br\/noticias\/wp-json\/wp\/v2\/users\/45"}],"replies":[{"embeddable":true,"href":"https:\/\/jundiai.sp.gov.br\/noticias\/wp-json\/wp\/v2\/comments?post=241772"}],"version-history":[{"count":1,"href":"https:\/\/jundiai.sp.gov.br\/noticias\/wp-json\/wp\/v2\/posts\/241772\/revisions"}],"predecessor-version":[{"id":241774,"href":"https:\/\/jundiai.sp.gov.br\/noticias\/wp-json\/wp\/v2\/posts\/241772\/revisions\/241774"}],"wp:featuredmedia":[{"embeddable":true,"href":"https:\/\/jundiai.sp.gov.br\/noticias\/wp-json\/wp\/v2\/media\/241773"}],"wp:attachment":[{"href":"https:\/\/jundiai.sp.gov.br\/noticias\/wp-json\/wp\/v2\/media?parent=241772"}],"wp:term":[{"taxonomy":"category","embeddable":true,"href":"https:\/\/jundiai.sp.gov.br\/noticias\/wp-json\/wp\/v2\/categories?post=241772"},{"taxonomy":"post_tag","embeddable":true,"href":"https:\/\/jundiai.sp.gov.br\/noticias\/wp-json\/wp\/v2\/tags?post=241772"},{"taxonomy":"ods","embeddable":true,"href":"https:\/\/jundiai.sp.gov.br\/noticias\/wp-json\/wp\/v2\/ods?post=241772"}],"curies":[{"name":"wp","href":"https:\/\/api.w.org\/{rel}","templated":true}]}}