{"id":241811,"date":"2019-12-18T17:27:43","date_gmt":"2019-12-18T19:27:43","guid":{"rendered":"https:\/\/jundiai.sp.gov.br\/noticias\/?p=241811"},"modified":"2019-12-19T10:22:47","modified_gmt":"2019-12-19T12:22:47","slug":"prefeito-luiz-fernando-assina-tres-convenios-com-o-governo-de-sp","status":"publish","type":"post","link":"https:\/\/jundiai.sp.gov.br\/noticias\/2019\/12\/18\/prefeito-luiz-fernando-assina-tres-convenios-com-o-governo-de-sp\/","title":{"rendered":"Prefeito Luiz Fernando assina tr\u00eas conv\u00eanios com o Governo de SP"},"content":{"rendered":"<p>O prefeito de Jundia\u00ed, Luiz Fernando Machado, esteve em S\u00e3o Paulo na manh\u00e3 desta quarta-feira (18) para assinar tr\u00eas conv\u00eanios com o Governo do Estado, que juntos ultrapassam R$ 1,25 milh\u00e3o em investimentos para a cidade. Um dos acordos \u00e9 no setor de turismo e os outros dois envolvem verbas da Secretaria Estadual de Justi\u00e7a, atrav\u00e9s do Fundo de Interesses Difusos (FID).<\/p>\n<p>Os conv\u00eanios foram firmados durante o 2\u00ba Semin\u00e1rio de Gest\u00e3o P\u00fablica, organizado pela Secretaria de Desenvolvimento Regional do Governo do Estado e ocorrido no SP Expo, na Rodovia dos Imigrantes.<\/p>\n<div id=\"attachment_241818\" style=\"width: 1034px\" class=\"wp-caption aligncenter\"><img loading=\"lazy\" decoding=\"async\" aria-describedby=\"caption-attachment-241818\" class=\"size-large wp-image-241818\" src=\"https:\/\/jundiai.sp.gov.br\/noticias\/wp-content\/uploads\/sites\/32\/2019\/12\/assinatura_de_convenios_spexpo-46-1280x813.jpg\" alt=\"Prefeito Luiz Fernando discursou para mais de duas mil pessoas na manh\u00e3 desta quarta (18)\" width=\"1024\" height=\"650\" srcset=\"https:\/\/jundiai.sp.gov.br\/noticias\/wp-content\/uploads\/sites\/32\/2019\/12\/assinatura_de_convenios_spexpo-46-1280x813.jpg 1280w, https:\/\/jundiai.sp.gov.br\/noticias\/wp-content\/uploads\/sites\/32\/2019\/12\/assinatura_de_convenios_spexpo-46-300x190.jpg 300w, https:\/\/jundiai.sp.gov.br\/noticias\/wp-content\/uploads\/sites\/32\/2019\/12\/assinatura_de_convenios_spexpo-46-768x488.jpg 768w, https:\/\/jundiai.sp.gov.br\/noticias\/wp-content\/uploads\/sites\/32\/2019\/12\/assinatura_de_convenios_spexpo-46.jpg 1323w\" sizes=\"auto, (max-width: 1024px) 100vw, 1024px\" \/><p id=\"caption-attachment-241818\" class=\"wp-caption-text\">Luiz Fernando Machado discursou para mais de duas mil pessoas, entre elas 601 prefeitos paulistas, na manh\u00e3 desta quarta-feira (18)<\/p><\/div>\n<p>\u201cEm um dos acordos firmados, receberemos mais de R$ 278 mil para a recupera\u00e7\u00e3o da plataforma de passageiros do Complexo Fepasa. O segundo conv\u00eanio destinar\u00e1 mais de R$ 732 mil \u00e0 reforma do galp\u00e3o 25 do mesmo Complexo, hoje utilizado pelo Departamento de Tr\u00e2nsito de Jundia\u00ed\u201d, disse Luiz Fernando Machado.<\/p>\n<p>A terceira melhoria a ser feita na cidade com os recursos dos conv\u00eanios ser\u00e1 o reflorestamento da margem do Rio Jundia\u00ed. \u201cRecebemos outros R$ 248,3 mil para manter bonito e valorizado o nosso mais importante rio. Seguiremos buscando recursos estaduais para que possamos melhorar cada vez mais a qualidade de vida em nosso munic\u00edpio\u201d, emendou o chefe do Executivo.<\/p>\n<div id=\"attachment_241839\" style=\"width: 1034px\" class=\"wp-caption aligncenter\"><img loading=\"lazy\" decoding=\"async\" aria-describedby=\"caption-attachment-241839\" class=\"size-large wp-image-241839\" src=\"https:\/\/jundiai.sp.gov.br\/noticias\/wp-content\/uploads\/sites\/32\/2019\/12\/assinatura_de_convenios_spexpo-292-1280x896.jpg\" alt=\"Prefeito de Jundia\u00ed assinou tr\u00eas conv\u00eanios com o Governo de SP\" width=\"1024\" height=\"717\" srcset=\"https:\/\/jundiai.sp.gov.br\/noticias\/wp-content\/uploads\/sites\/32\/2019\/12\/assinatura_de_convenios_spexpo-292-1280x896.jpg 1280w, https:\/\/jundiai.sp.gov.br\/noticias\/wp-content\/uploads\/sites\/32\/2019\/12\/assinatura_de_convenios_spexpo-292-300x210.jpg 300w, https:\/\/jundiai.sp.gov.br\/noticias\/wp-content\/uploads\/sites\/32\/2019\/12\/assinatura_de_convenios_spexpo-292-768x538.jpg 768w, https:\/\/jundiai.sp.gov.br\/noticias\/wp-content\/uploads\/sites\/32\/2019\/12\/assinatura_de_convenios_spexpo-292.jpg 1323w\" sizes=\"auto, (max-width: 1024px) 100vw, 1024px\" \/><p id=\"caption-attachment-241839\" class=\"wp-caption-text\">Prefeito de Jundia\u00ed assinou tr\u00eas conv\u00eanios com o Governo de SP<\/p><\/div>\n<p>Tales Calegari, diretor de conv\u00eanios e parcerias da Unidade de Gest\u00e3o da Casa Civil (UGCC), acompanhou o prefeito no semin\u00e1rio. A UGCC vai fazer a gest\u00e3o dos recursos repassados para a cidade.<\/p>\n<p><strong>Parcerias Municipais<\/strong><br \/>\nJundia\u00ed tamb\u00e9m acertou nesta quarta-feira sua pactua\u00e7\u00e3o com o estado de S\u00e3o Paulo atrav\u00e9s do Programa Parcerias Municipais, com a\u00e7\u00f5es nas \u00e1reas de Sa\u00fade, Educa\u00e7\u00e3o e Seguran\u00e7a P\u00fablica. A iniciativa, renov\u00e1vel anualmente, prev\u00ea o cumprimento por parte da Prefeitura de Jundia\u00ed de sete desafios nas tr\u00eas \u00e1reas (como a erradica\u00e7\u00e3o da mortalidade infantil, por exemplo).<\/p>\n<p>Se todas as metas forem cumpridas ao final do ano que vem, a parceria ser\u00e1 renovada para 2021. Os benef\u00edcios \u00e0s cidades podem ser financeiros ou com a cess\u00e3o de especialistas do Governo do Estado de S\u00e3o Paulo para dar suporte aos t\u00e9cnicos da cidade ligados \u00e0 Sa\u00fade, Educa\u00e7\u00e3o e Seguran\u00e7a P\u00fablica.<\/p>\n<p><strong>Discurso<\/strong><br \/>\nO prefeito Luiz Fernando Machado tamb\u00e9m discursou na abertura do 2\u00ba Semin\u00e1rio de Gest\u00e3o P\u00fablica, representando os 602 prefeitos paulistas presentes ao evento. \u201cDestaco a aposta no municipalismo do governador Jo\u00e3o D\u00f3ria, al\u00e9m de seu senso de responsabilidade em prol da uni\u00e3o do povo paulista\u201d, concluiu.<\/p>\n<p><strong>Assessoria de Imprensa<\/strong><br \/>\n<strong>Fotos: Fot\u00f3grafos PMJ<\/strong><\/p>\n","protected":false},"excerpt":{"rendered":"<p>Um dos acordos firmados trar\u00e1 o aporte de mais de R$ 278 mil para a recupera\u00e7\u00e3o da plataforma de passageiros do Complexo Fepasa<\/p>\n","protected":false},"author":54,"featured_media":241818,"comment_status":"closed","ping_status":"closed","sticky":false,"template":"","format":"standard","meta":{"footnotes":""},"categories":[2],"tags":[974,62,29,449,58],"ods":[],"class_list":["post-241811","post","type-post","status-publish","format-standard","has-post-thumbnail","hentry","category-noticias","tag-agronegocio-abastecimento-e-turismo","tag-casa-civil","tag-cultura","tag-espaco-expressa","tag-prefeito"],"_links":{"self":[{"href":"https:\/\/jundiai.sp.gov.br\/noticias\/wp-json\/wp\/v2\/posts\/241811","targetHints":{"allow":["GET"]}}],"collection":[{"href":"https:\/\/jundiai.sp.gov.br\/noticias\/wp-json\/wp\/v2\/posts"}],"about":[{"href":"https:\/\/jundiai.sp.gov.br\/noticias\/wp-json\/wp\/v2\/types\/post"}],"author":[{"embeddable":true,"href":"https:\/\/jundiai.sp.gov.br\/noticias\/wp-json\/wp\/v2\/users\/54"}],"replies":[{"embeddable":true,"href":"https:\/\/jundiai.sp.gov.br\/noticias\/wp-json\/wp\/v2\/comments?post=241811"}],"version-history":[{"count":7,"href":"https:\/\/jundiai.sp.gov.br\/noticias\/wp-json\/wp\/v2\/posts\/241811\/revisions"}],"predecessor-version":[{"id":241855,"href":"https:\/\/jundiai.sp.gov.br\/noticias\/wp-json\/wp\/v2\/posts\/241811\/revisions\/241855"}],"wp:featuredmedia":[{"embeddable":true,"href":"https:\/\/jundiai.sp.gov.br\/noticias\/wp-json\/wp\/v2\/media\/241818"}],"wp:attachment":[{"href":"https:\/\/jundiai.sp.gov.br\/noticias\/wp-json\/wp\/v2\/media?parent=241811"}],"wp:term":[{"taxonomy":"category","embeddable":true,"href":"https:\/\/jundiai.sp.gov.br\/noticias\/wp-json\/wp\/v2\/categories?post=241811"},{"taxonomy":"post_tag","embeddable":true,"href":"https:\/\/jundiai.sp.gov.br\/noticias\/wp-json\/wp\/v2\/tags?post=241811"},{"taxonomy":"ods","embeddable":true,"href":"https:\/\/jundiai.sp.gov.br\/noticias\/wp-json\/wp\/v2\/ods?post=241811"}],"curies":[{"name":"wp","href":"https:\/\/api.w.org\/{rel}","templated":true}]}}