{"id":241967,"date":"2019-12-19T20:38:14","date_gmt":"2019-12-19T22:38:14","guid":{"rendered":"https:\/\/jundiai.sp.gov.br\/noticias\/?p=241967"},"modified":"2019-12-27T18:09:58","modified_gmt":"2019-12-27T20:09:58","slug":"destinacao-do-i-r-pode-auxiliar-projetos-com-criancas-e-idosos","status":"publish","type":"post","link":"https:\/\/jundiai.sp.gov.br\/noticias\/2019\/12\/19\/destinacao-do-i-r-pode-auxiliar-projetos-com-criancas-e-idosos\/","title":{"rendered":"Destina\u00e7\u00e3o do I.R. pode auxiliar projetos com crian\u00e7as e idosos"},"content":{"rendered":"<p>Pessoas jur\u00eddicas e pessoas f\u00edsicas que tiverem imposto devido na declara\u00e7\u00e3o do Imposto de Renda podem realizar, at\u00e9 o \u00faltimo dia banc\u00e1rio do ano, na pr\u00f3xima segunda-feira (30), a destina\u00e7\u00e3o aos Fundos Municipais de Direitos da Crian\u00e7a e do Adolescente (FMDCA) e dos Direitos da Pessoa Idosa (FUMDIPI).<\/p>\n<p>As iniciativas no Munic\u00edpio financiam nove projetos em Organiza\u00e7\u00f5es da Sociedade Civil (OSC), por meio dos respectivos Conselhos Municipais ligados \u00e0 Unidade de Gest\u00e3o de Assist\u00eancia e Desenvolvimento Social (UGADS).<\/p>\n<p>Segundo a gestora da UGADS, N\u00e1dia Taffarello Soares, a destina\u00e7\u00e3o dos recursos \u00e9 de decis\u00e3o dos Conselhos. \u201cOs recursos ficam em cofres p\u00fablicos, mas quem delibera pela sua destina\u00e7\u00e3o \u00e9 a plen\u00e1ria do Conselho. Quem decidir fazer estas destina\u00e7\u00f5es ajudam o Munic\u00edpio no cuidado com as crian\u00e7as, adolescentes e idosos, e refor\u00e7am a atua\u00e7\u00e3o do Munic\u00edpio, que foi o primeiro a aderir \u00e0 Rede Latino-Americana \u2013 Cidade das Crian\u00e7as e recebeu no in\u00edcio deste m\u00eas o Selo Pleno do programa SP Amigo do Idoso.\u201d<\/p>\n<p>Por meio dos editais de chamamento p\u00fablico, para as crian\u00e7as e adolescente s\u00e3o financiados projetos na Associa\u00e7\u00e3o Acolhimento Bom Pastor, Associa\u00e7\u00e3o Almater, Associa\u00e7\u00e3o de Pais e Amigos dos Excepcionais (APAE), Associa\u00e7\u00e3o Educadora e Beneficente (CESPROM), Associa\u00e7\u00e3o Terap\u00eautica de Estimula\u00e7\u00e3o Auditiva e Linguagem (ATEAL), C\u00e1ritas Diocesana de Jundia\u00ed e Casa da Crian\u00e7a Nossa Senhora do Desterro.<\/p>\n<p>J\u00e1 para idosos, h\u00e1 projetos com a Associa\u00e7\u00e3o Uni\u00e3o Beneficente das Irm\u00e3s de S\u00e3o Vicente de Paulo de Gysegem \u2013 Lar Nossa Senhora das Gra\u00e7as e o Projeto Criju Itinerante, realizado pelo Departamento de Prote\u00e7\u00e3o B\u00e1sica da UGADS.<\/p>\n<p>A presidente do Conselho Municipal dos Direitos da Crian\u00e7a e do Adolescente (CMDCA), Alda Carrara, refor\u00e7a a import\u00e2ncia da destina\u00e7\u00e3o. \u201cN\u00e3o se trata de uma doa\u00e7\u00e3o, mas de uma destina\u00e7\u00e3o dedutiva do imposto a ser pago. Os Fundos possuem comiss\u00f5es que organizam as aplica\u00e7\u00f5es e as decidem em plen\u00e1ria. No CMDCA, por exemplo, o plano de aplica\u00e7\u00f5es do Fundo respeita as seguintes propor\u00e7\u00f5es: 70% para colaborar com os projetos sociais das Organiza\u00e7\u00f5es da Sociedade Civil (OSC) registradas, 20% para acolhimentos e 10% para eventos, a\u00e7\u00f5es e campanhas\u201d, explica Alda, que refor\u00e7a que a destina\u00e7\u00e3o de pessoas f\u00edsicas pode ser realizada ainda no primeiro semestre do ano que vem.<\/p>\n<div id=\"attachment_241969\" style=\"width: 1034px\" class=\"wp-caption aligncenter\"><img loading=\"lazy\" decoding=\"async\" aria-describedby=\"caption-attachment-241969\" class=\"size-large wp-image-241969\" src=\"https:\/\/jundiai.sp.gov.br\/noticias\/wp-content\/uploads\/sites\/32\/2019\/12\/criju_itinerante_danca_cigana-6-1280x853.jpg\" alt=\"Mulheres idosas com saias longas e coloridas dan\u00e7ando em sal\u00e3o com espelho e decora\u00e7\u00e3o ao fundo\" width=\"1024\" height=\"682\" srcset=\"https:\/\/jundiai.sp.gov.br\/noticias\/wp-content\/uploads\/sites\/32\/2019\/12\/criju_itinerante_danca_cigana-6.jpg 1280w, https:\/\/jundiai.sp.gov.br\/noticias\/wp-content\/uploads\/sites\/32\/2019\/12\/criju_itinerante_danca_cigana-6-300x200.jpg 300w, https:\/\/jundiai.sp.gov.br\/noticias\/wp-content\/uploads\/sites\/32\/2019\/12\/criju_itinerante_danca_cigana-6-768x512.jpg 768w, https:\/\/jundiai.sp.gov.br\/noticias\/wp-content\/uploads\/sites\/32\/2019\/12\/criju_itinerante_danca_cigana-6-450x300.jpg 450w\" sizes=\"auto, (max-width: 1024px) 100vw, 1024px\" \/><p id=\"caption-attachment-241969\" class=\"wp-caption-text\">O Criju Itinerante \u00e9 uma das iniciativas financiadas pelas destina\u00e7\u00f5es do Fumdipi, com aprova\u00e7\u00e3o do Conselho<\/p><\/div>\n<p><strong>Como funciona:<\/strong><br \/>\nPessoas f\u00edsicas podem destinar at\u00e9 6% do imposto devido, por meio de dep\u00f3sito em conta ou transfer\u00eancia eletr\u00f4nica. J\u00e1 pessoas jur\u00eddicas optantes pelo Lucro Real podem deduzir at\u00e9 1% sobre o Imposto de Renda devido.<\/p>\n<p>Para o FMDCA, o dep\u00f3sito ou transfer\u00eancia deve ser feito para a Caixa Econ\u00f4mica Federal, CNPJ 17.498.120\/0001-63, ag\u00eancia 0316, opera\u00e7\u00e3o 006 e conta corrente 52-0. Ap\u00f3s a realiza\u00e7\u00e3o do dep\u00f3sito, \u00e9 necess\u00e1rio o encaminhamento de e-mail para cmdca@jundiai.sp.gov.br, com o comprovante de dep\u00f3sito, o nome e CPF ou raz\u00e3o social e CNPJ, e o endere\u00e7o para recibo via Correio. <a href=\"https:\/\/cmdca.jundiai.sp.gov.br\/destinacao-doacao-fmdca\/como-fazer-sua-destinacao-doacao\/\" target=\"_blank\" rel=\"noopener noreferrer\">Confira mais detalhes no site do CMDCA<\/a>.<\/p>\n<p>J\u00e1 para a destina\u00e7\u00e3o ao FUMDIPI, os dados da conta s\u00e3o Caixa Econ\u00f4mica Federal, CNPJ 17.498.053\/0001-87, ag\u00eancia 0316 e conta corrente 50-4. Para concluir a dedu\u00e7\u00e3o, tamb\u00e9m \u00e9 necess\u00e1rio o envio de e-mail para comdipi@jundiai.sp.gov.br, com o comprovante de dep\u00f3sito, o nome e CPF ou raz\u00e3o social e CNPJ, e o endere\u00e7o para recibo via Correio. <a href=\"https:\/\/comdipi.jundiai.sp.gov.br\/como-fazer-sua-destinacao-doacao\/\" target=\"_blank\" rel=\"noopener noreferrer\">Confira mais detalhes no site do Comdipi<\/a>.<\/p>\n<p>A secretaria executiva dos Conselhos fica na UGADS, na rua Senador Fonseca, 605, Centro. Mais informa\u00e7\u00f5es podem ser obtidas pelos e-mails cmdca@jundiai.sp.gov.br e comdipi@jundiai.sp.gov.br ou pelo telefone 4497-0008.<\/p>\n<p><strong>Assessoria de Imprensa<br \/>\nFoto: Arquivo PMJ<\/strong><\/p>\n<p><strong>Confira a reportagem da TVTEC:<\/strong><\/p>\n<p>https:\/\/www.youtube.com\/watch?v=9ohkEBu8O5w<\/p>\n","protected":false},"excerpt":{"rendered":"<p>Pessoas jur\u00eddicas e pessoas f\u00edsicas que tiverem imposto devido na declara\u00e7\u00e3o do Imposto de Renda podem realizar, at\u00e9 o \u00faltimo dia banc\u00e1rio do ano, na pr\u00f3xima segunda-feira (30), a destina\u00e7\u00e3o aos Fundos Municipais de Direitos da Crian\u00e7a e do Adolescente (FMDCA) e dos Direitos da Pessoa Idosa (FUMDIPI). As iniciativas no Munic\u00edpio financiam nove projetos [&hellip;]<\/p>\n","protected":false},"author":14,"featured_media":0,"comment_status":"closed","ping_status":"closed","sticky":false,"template":"","format":"standard","meta":{"footnotes":""},"categories":[2],"tags":[980,448,374],"ods":[],"class_list":["post-241967","post","type-post","status-publish","format-standard","hentry","category-noticias","tag-assistencia-e-desenvolvimento-social","tag-conselho-dos-direitos-da-crianca-e-do-adolescente-cmdca","tag-conselho-da-pessoa-idosa"],"_links":{"self":[{"href":"https:\/\/jundiai.sp.gov.br\/noticias\/wp-json\/wp\/v2\/posts\/241967","targetHints":{"allow":["GET"]}}],"collection":[{"href":"https:\/\/jundiai.sp.gov.br\/noticias\/wp-json\/wp\/v2\/posts"}],"about":[{"href":"https:\/\/jundiai.sp.gov.br\/noticias\/wp-json\/wp\/v2\/types\/post"}],"author":[{"embeddable":true,"href":"https:\/\/jundiai.sp.gov.br\/noticias\/wp-json\/wp\/v2\/users\/14"}],"replies":[{"embeddable":true,"href":"https:\/\/jundiai.sp.gov.br\/noticias\/wp-json\/wp\/v2\/comments?post=241967"}],"version-history":[{"count":6,"href":"https:\/\/jundiai.sp.gov.br\/noticias\/wp-json\/wp\/v2\/posts\/241967\/revisions"}],"predecessor-version":[{"id":242344,"href":"https:\/\/jundiai.sp.gov.br\/noticias\/wp-json\/wp\/v2\/posts\/241967\/revisions\/242344"}],"wp:attachment":[{"href":"https:\/\/jundiai.sp.gov.br\/noticias\/wp-json\/wp\/v2\/media?parent=241967"}],"wp:term":[{"taxonomy":"category","embeddable":true,"href":"https:\/\/jundiai.sp.gov.br\/noticias\/wp-json\/wp\/v2\/categories?post=241967"},{"taxonomy":"post_tag","embeddable":true,"href":"https:\/\/jundiai.sp.gov.br\/noticias\/wp-json\/wp\/v2\/tags?post=241967"},{"taxonomy":"ods","embeddable":true,"href":"https:\/\/jundiai.sp.gov.br\/noticias\/wp-json\/wp\/v2\/ods?post=241967"}],"curies":[{"name":"wp","href":"https:\/\/api.w.org\/{rel}","templated":true}]}}