{"id":242000,"date":"2019-12-20T16:37:17","date_gmt":"2019-12-20T18:37:17","guid":{"rendered":"https:\/\/jundiai.sp.gov.br\/noticias\/?p=242000"},"modified":"2019-12-20T16:48:58","modified_gmt":"2019-12-20T18:48:58","slug":"festa-da-uva-2020-rainha-e-princesas-da-corte-divulgam-a-festa-pela-cidade","status":"publish","type":"post","link":"https:\/\/jundiai.sp.gov.br\/noticias\/2019\/12\/20\/festa-da-uva-2020-rainha-e-princesas-da-corte-divulgam-a-festa-pela-cidade\/","title":{"rendered":"Festa da Uva 2020: Rainha e Princesas da Corte divulgam a festa pela cidade"},"content":{"rendered":"<p>A Corte da Uva est\u00e1 a todo vapor na divulga\u00e7\u00e3o da <a href=\"https:\/\/festadauva.jundiai.sp.gov.br\/\" target=\"_blank\" rel=\"noopener noreferrer\">37\u00aa Festa da Uva e 8\u00aa Expo Vinhos<\/a>. Respons\u00e1veis por dar as boas-vindas aos milhares de visitantes esperados no Parque da Uva em janeiro e fevereiro, a rainha e princesas j\u00e1 percorrem desde j\u00e1 os diversos pontos de Jundia\u00ed e outros munic\u00edpios da regi\u00e3o para divulgar a festa.<\/p>\n<p><a href=\"https:\/\/www.flickr.com\/photos\/prefeituradejundiai\/albums\/72157711780255392\" target=\"_blank\" rel=\"noopener noreferrer\">CONFIRA AS FOTOS DA CORTE 2020<\/a><\/p>\n<p>Nesta quinta-feira (19), o dia foi agitado para a rainha Joyce de Oliveira, a primeira princesa Tamires Fernandes e a segunda princesa Geovana Alc\u00e2ntara. Durante a tarde, as jovens atenderam a imprensa local e fizeram grava\u00e7\u00f5es para as redes sociais da Prefeitura na adega Beraldo Di Cale, no Caxambu, que faz parte da Rota Tur\u00edstica do Vinho de Jundia\u00ed.<\/p>\n<div id=\"attachment_242012\" style=\"width: 1034px\" class=\"wp-caption aligncenter\"><img loading=\"lazy\" decoding=\"async\" aria-describedby=\"caption-attachment-242012\" class=\"size-large wp-image-242012\" src=\"https:\/\/jundiai.sp.gov.br\/noticias\/wp-content\/uploads\/sites\/32\/2019\/12\/parada_centro-250-1280x853.jpg\" alt=\"Foto noturna de tr\u00eas mulheres em traje de gala sobre carro antigo, com igreja iluminada ao fundo\" width=\"1024\" height=\"682\" srcset=\"https:\/\/jundiai.sp.gov.br\/noticias\/wp-content\/uploads\/sites\/32\/2019\/12\/parada_centro-250-1280x853.jpg 1280w, https:\/\/jundiai.sp.gov.br\/noticias\/wp-content\/uploads\/sites\/32\/2019\/12\/parada_centro-250-300x200.jpg 300w, https:\/\/jundiai.sp.gov.br\/noticias\/wp-content\/uploads\/sites\/32\/2019\/12\/parada_centro-250-768x512.jpg 768w, https:\/\/jundiai.sp.gov.br\/noticias\/wp-content\/uploads\/sites\/32\/2019\/12\/parada_centro-250-450x300.jpg 450w, https:\/\/jundiai.sp.gov.br\/noticias\/wp-content\/uploads\/sites\/32\/2019\/12\/parada_centro-250.jpg 1323w\" sizes=\"auto, (max-width: 1024px) 100vw, 1024px\" \/><p id=\"caption-attachment-242012\" class=\"wp-caption-text\">Corte participou da Parada da Uva no Centro na noite dessa quinta-feira (19)<\/p><\/div>\n<p>J\u00e1 durante a noite, a Corte participou da Parada da Uva no Centro, realizada pela Prefeitura junto com a Parada de Natal da C\u00e2mara de Dirigentes Lojistas (CDL) e Sindicato Com\u00e9rcio Varejista (Sincomercio). Percorrendo as ruas do Centro, a Parada contou com a participa\u00e7\u00e3o de fanfarras, atra\u00e7\u00f5es circenses, cosplayers, rainhas e princesas de outras edi\u00e7\u00f5es da festa e a agita\u00e7\u00e3o das escolas de samba Azul e Branco e Arco \u00cdris.<\/p>\n<p><strong>A Festa <\/strong><br \/>\nA 37\u00aa Festa da Uva e 8\u00aa Expo Vinhos \u00e9 uma realiza\u00e7\u00e3o da Prefeitura, por meio das Unidades de Gest\u00e3o de Cultura (UGC) e de Agroneg\u00f3cio, Abastecimento e Turismo (UGAAT). A festa este ano ser\u00e1 realizada nos dias 16, 17, 18, 19, 24, 25, 26 e 31 de janeiro e 1 e 2 de fevereiro no Parque Comendador Ant\u00f4nio Carbonari, o Parque da Uva. No dia de abertura, dia 16 (quinta-feira), a festa come\u00e7a \u00e0s 18h. \u00c0s sextas-feiras, a festa vai das 18h \u00e0s 22h; aos s\u00e1bados, das 10h \u00e0s 22h; e aos domingos, das 10h \u00e0s 21h.<\/p>\n<div id=\"attachment_242015\" style=\"width: 1034px\" class=\"wp-caption aligncenter\"><img loading=\"lazy\" decoding=\"async\" aria-describedby=\"caption-attachment-242015\" class=\"size-large wp-image-242015\" src=\"https:\/\/jundiai.sp.gov.br\/noticias\/wp-content\/uploads\/sites\/32\/2019\/12\/corte_beraldi_di_cale-113-1280x853.jpg\" alt=\"Tr\u00eas mulheres em traje da gala sentadas em banco, com flores de diversas cores ao fundo\" width=\"1024\" height=\"682\" srcset=\"https:\/\/jundiai.sp.gov.br\/noticias\/wp-content\/uploads\/sites\/32\/2019\/12\/corte_beraldi_di_cale-113-1280x853.jpg 1280w, https:\/\/jundiai.sp.gov.br\/noticias\/wp-content\/uploads\/sites\/32\/2019\/12\/corte_beraldi_di_cale-113-300x200.jpg 300w, https:\/\/jundiai.sp.gov.br\/noticias\/wp-content\/uploads\/sites\/32\/2019\/12\/corte_beraldi_di_cale-113-768x512.jpg 768w, https:\/\/jundiai.sp.gov.br\/noticias\/wp-content\/uploads\/sites\/32\/2019\/12\/corte_beraldi_di_cale-113-450x300.jpg 450w, https:\/\/jundiai.sp.gov.br\/noticias\/wp-content\/uploads\/sites\/32\/2019\/12\/corte_beraldi_di_cale-113.jpg 1323w\" sizes=\"auto, (max-width: 1024px) 100vw, 1024px\" \/><p id=\"caption-attachment-242015\" class=\"wp-caption-text\">Tamires, Joyce e Geovana formam a Corte da Uva 2020<\/p><\/div>\n<p><strong>Assessoria de Imprensa<br \/>\nFotos: Fot\u00f3grafos PMJ<\/strong><\/p>\n","protected":false},"excerpt":{"rendered":"<p>A 37\u00aa Festa da Uva e 8\u00aa Expo Vinhos ser\u00e1 realizada nos dias 16, 17, 18, 19, 24, 25, 26 e 31 de janeiro e 1 e 2 de fevereiro no Parque Comendador Ant\u00f4nio Carbonari, o Parque da Uva<\/p>\n","protected":false},"author":14,"featured_media":242012,"comment_status":"closed","ping_status":"closed","sticky":false,"template":"","format":"standard","meta":{"footnotes":""},"categories":[2],"tags":[1174,1353,1375,29,276],"ods":[],"class_list":["post-242000","post","type-post","status-publish","format-standard","has-post-thumbnail","hentry","category-noticias","tag-37a-festa-da-uva-e-8a-expo-vinhos","tag-8a-expo-vinhos","tag-corte-da-uva-2020","tag-cultura","tag-parque-da-uva"],"_links":{"self":[{"href":"https:\/\/jundiai.sp.gov.br\/noticias\/wp-json\/wp\/v2\/posts\/242000","targetHints":{"allow":["GET"]}}],"collection":[{"href":"https:\/\/jundiai.sp.gov.br\/noticias\/wp-json\/wp\/v2\/posts"}],"about":[{"href":"https:\/\/jundiai.sp.gov.br\/noticias\/wp-json\/wp\/v2\/types\/post"}],"author":[{"embeddable":true,"href":"https:\/\/jundiai.sp.gov.br\/noticias\/wp-json\/wp\/v2\/users\/14"}],"replies":[{"embeddable":true,"href":"https:\/\/jundiai.sp.gov.br\/noticias\/wp-json\/wp\/v2\/comments?post=242000"}],"version-history":[{"count":9,"href":"https:\/\/jundiai.sp.gov.br\/noticias\/wp-json\/wp\/v2\/posts\/242000\/revisions"}],"predecessor-version":[{"id":242026,"href":"https:\/\/jundiai.sp.gov.br\/noticias\/wp-json\/wp\/v2\/posts\/242000\/revisions\/242026"}],"wp:featuredmedia":[{"embeddable":true,"href":"https:\/\/jundiai.sp.gov.br\/noticias\/wp-json\/wp\/v2\/media\/242012"}],"wp:attachment":[{"href":"https:\/\/jundiai.sp.gov.br\/noticias\/wp-json\/wp\/v2\/media?parent=242000"}],"wp:term":[{"taxonomy":"category","embeddable":true,"href":"https:\/\/jundiai.sp.gov.br\/noticias\/wp-json\/wp\/v2\/categories?post=242000"},{"taxonomy":"post_tag","embeddable":true,"href":"https:\/\/jundiai.sp.gov.br\/noticias\/wp-json\/wp\/v2\/tags?post=242000"},{"taxonomy":"ods","embeddable":true,"href":"https:\/\/jundiai.sp.gov.br\/noticias\/wp-json\/wp\/v2\/ods?post=242000"}],"curies":[{"name":"wp","href":"https:\/\/api.w.org\/{rel}","templated":true}]}}