{"id":242429,"date":"2020-01-06T19:01:12","date_gmt":"2020-01-06T21:01:12","guid":{"rendered":"https:\/\/jundiai.sp.gov.br\/noticias\/?p=242429"},"modified":"2020-01-06T19:01:12","modified_gmt":"2020-01-06T21:01:12","slug":"feira-de-organicos-sera-aos-sabados-na-praca-civica","status":"publish","type":"post","link":"https:\/\/jundiai.sp.gov.br\/noticias\/2020\/01\/06\/feira-de-organicos-sera-aos-sabados-na-praca-civica\/","title":{"rendered":"Feira de org\u00e2nicos ser\u00e1 aos s\u00e1bados na Pra\u00e7a C\u00edvica"},"content":{"rendered":"<p style=\"font-weight: 400;\">A partir de fevereiro, a tradicional Feira de Org\u00e2nicos passar\u00e1 a ser realizada aos s\u00e1bados, a partir das 7h30, na Pra\u00e7a Monsenhor Doutor Arthur Ricci \u2013\u00a0Espa\u00e7o C\u00edvico MMDC, na\u00a0esquina entre as Avenidas Nove de Julho e Prefeito Luiz Latorre. N\u00e3o haver\u00e1 feira org\u00e2nica aos domingos na mesma pra\u00e7a e aos s\u00e1bados no Jardim Bot\u00e2nico.<\/p>\n<p style=\"font-weight: 400;\">A mudan\u00e7a ocorre a pedido dos pr\u00f3prios feirantes, que em muitas ocasi\u00f5es tinham as vendas prejudicadas devido aos eventos realizados na Nove de Julho aos domingos e que prejudicavam a chegada dos consumidores. \u201cQuando h\u00e1 realiza\u00e7\u00e3o de corridas, por exemplo, a procura cai muito. A transfer\u00eancia da feira para o s\u00e1bado evita esse problema\u201d, explica a diretora do Departamento de Abastecimento de Jundia\u00ed,\u00a0Ver\u00f4nica Pavan.<\/p>\n<div id=\"attachment_242444\" style=\"width: 1270px\" class=\"wp-caption aligncenter\"><img loading=\"lazy\" decoding=\"async\" aria-describedby=\"caption-attachment-242444\" class=\"size-full wp-image-242444\" src=\"https:\/\/jundiai.sp.gov.br\/noticias\/wp-content\/uploads\/sites\/32\/2020\/01\/feira1.jpg\" alt=\"\" width=\"1260\" height=\"777\" srcset=\"https:\/\/jundiai.sp.gov.br\/noticias\/wp-content\/uploads\/sites\/32\/2020\/01\/feira1.jpg 1260w, https:\/\/jundiai.sp.gov.br\/noticias\/wp-content\/uploads\/sites\/32\/2020\/01\/feira1-300x185.jpg 300w, https:\/\/jundiai.sp.gov.br\/noticias\/wp-content\/uploads\/sites\/32\/2020\/01\/feira1-768x474.jpg 768w\" sizes=\"auto, (max-width: 1260px) 100vw, 1260px\" \/><p id=\"caption-attachment-242444\" class=\"wp-caption-text\">Barracas vendem legumes e hortali\u00e7as em geral, frutas, temperos, feij\u00e3o, p\u00e3es, mudas, ovos caipiras, mel e PANCs (Plantas Aliment\u00edcias N\u00e3o Convencionais)<\/p><\/div>\n<p style=\"font-weight: 400;\">A feira de org\u00e2nicos tamb\u00e9m ir\u00e1 terminar cerca de uma hora mais tarde, tamb\u00e9m a pedido dos feirantes. \u201cAtualmente o encerramento \u00e9 \u00e0s 11h30, e a partir de fevereiro ser\u00e1 \u00e0s 12h30. Dessa forma, o consumidor tamb\u00e9m ter\u00e1 mais tempo para fazer suas compras\u201d, diz a diretora.<\/p>\n<p style=\"font-weight: 400;\">A\u00a0feira org\u00e2nica conta com barracas que vendem legumes e hortali\u00e7as em geral, frutas, temperos, feij\u00e3o, milho verde, p\u00e3es, mudas, ovos caipiras, mel e PANCs &#8211;\u00a0Plantas Aliment\u00edcias N\u00e3o Convencionais.<\/p>\n<p><strong>Assessoria de Imprensa<\/strong><br \/>\n<strong>Fotos: Fot\u00f3grafos PMJ<\/strong><\/p>\n","protected":false},"excerpt":{"rendered":"<p>A partir de fevereiro, a tradicional Feira de Org\u00e2nicos passar\u00e1 a ser realizada aos s\u00e1bados, a partir das 7h30, na Pra\u00e7a Monsenhor Doutor Arthur Ricci \u2013\u00a0Espa\u00e7o C\u00edvico MMDC, na\u00a0esquina entre as Avenidas Nove de Julho e Prefeito Luiz Latorre. N\u00e3o haver\u00e1 feira org\u00e2nica aos domingos na mesma pra\u00e7a e aos s\u00e1bados no Jardim Bot\u00e2nico. A [&hellip;]<\/p>\n","protected":false},"author":45,"featured_media":0,"comment_status":"closed","ping_status":"closed","sticky":false,"template":"","format":"standard","meta":{"footnotes":""},"categories":[2],"tags":[974,723],"ods":[],"class_list":["post-242429","post","type-post","status-publish","format-standard","hentry","category-noticias","tag-agronegocio-abastecimento-e-turismo","tag-feira-organica"],"_links":{"self":[{"href":"https:\/\/jundiai.sp.gov.br\/noticias\/wp-json\/wp\/v2\/posts\/242429","targetHints":{"allow":["GET"]}}],"collection":[{"href":"https:\/\/jundiai.sp.gov.br\/noticias\/wp-json\/wp\/v2\/posts"}],"about":[{"href":"https:\/\/jundiai.sp.gov.br\/noticias\/wp-json\/wp\/v2\/types\/post"}],"author":[{"embeddable":true,"href":"https:\/\/jundiai.sp.gov.br\/noticias\/wp-json\/wp\/v2\/users\/45"}],"replies":[{"embeddable":true,"href":"https:\/\/jundiai.sp.gov.br\/noticias\/wp-json\/wp\/v2\/comments?post=242429"}],"version-history":[{"count":2,"href":"https:\/\/jundiai.sp.gov.br\/noticias\/wp-json\/wp\/v2\/posts\/242429\/revisions"}],"predecessor-version":[{"id":242445,"href":"https:\/\/jundiai.sp.gov.br\/noticias\/wp-json\/wp\/v2\/posts\/242429\/revisions\/242445"}],"wp:attachment":[{"href":"https:\/\/jundiai.sp.gov.br\/noticias\/wp-json\/wp\/v2\/media?parent=242429"}],"wp:term":[{"taxonomy":"category","embeddable":true,"href":"https:\/\/jundiai.sp.gov.br\/noticias\/wp-json\/wp\/v2\/categories?post=242429"},{"taxonomy":"post_tag","embeddable":true,"href":"https:\/\/jundiai.sp.gov.br\/noticias\/wp-json\/wp\/v2\/tags?post=242429"},{"taxonomy":"ods","embeddable":true,"href":"https:\/\/jundiai.sp.gov.br\/noticias\/wp-json\/wp\/v2\/ods?post=242429"}],"curies":[{"name":"wp","href":"https:\/\/api.w.org\/{rel}","templated":true}]}}