{"id":242494,"date":"2020-01-07T13:46:41","date_gmt":"2020-01-07T15:46:41","guid":{"rendered":"https:\/\/jundiai.sp.gov.br\/noticias\/?p=242494"},"modified":"2020-01-07T13:48:10","modified_gmt":"2020-01-07T15:48:10","slug":"ferias-na-pinacoteca-atraem-criancas-para-atividades-em-artes-visuais","status":"publish","type":"post","link":"https:\/\/jundiai.sp.gov.br\/noticias\/2020\/01\/07\/ferias-na-pinacoteca-atraem-criancas-para-atividades-em-artes-visuais\/","title":{"rendered":"F\u00e9rias na Pinacoteca atraem crian\u00e7as para atividades em artes visuais"},"content":{"rendered":"<p>Janeiro \u00e9 m\u00eas de f\u00e9rias e a Pinacoteca Municipal Di\u00f3genes Duarte Paes oferece atividades gratuitas para entreter, agregar conhecimento sobre artes visuais \u00e0s crian\u00e7as entre 7 anos a 12 anos e, ainda, conhecer o espa\u00e7o permanente de exposi\u00e7\u00f5es da cidade, mantido pela Prefeitura de Jundia\u00ed, por meio da Unidade de Gest\u00e3o de Cultura (UGC).<\/p>\n<p>A pequena Beatriz Dantas Cangussu foi pela primeira vez ao espa\u00e7o da Pinacoteca, na manh\u00e3 de ter\u00e7a-feira (7), para participar da primeira aula do minicurso de &#8216;Modelagem e Escultura&#8217;. Animada, ficou encantada com as apresenta\u00e7\u00f5es feitas pelo oficineiro Ede Galileu, respons\u00e1vel pela atividade, que durar\u00e1 o m\u00eas de janeiro. &#8220;\u00c9 bom aprender at\u00e9 nas f\u00e9rias&#8221;, comenta a menina. Sua m\u00e3e, Kelly Dantas Cangussu, aprovou a atividade. &#8220;Al\u00e9m de oferecer atividade para as crian\u00e7as \u00e9 poss\u00edvel conhecer um espa\u00e7o de arte, aproximando a popula\u00e7\u00e3o da arte, em suas v\u00e1rias formas e apresenta\u00e7\u00f5es&#8221;, explica.<\/p>\n<p><a href=\"https:\/\/cultura.jundiai.sp.gov.br\/ferias-na-pinacoteca\/\" target=\"_blank\" rel=\"noopener noreferrer\">FA\u00c7A SUA INSCRI\u00c7\u00c3O<\/a><\/p>\n<div id=\"attachment_242512\" style=\"width: 1034px\" class=\"wp-caption aligncenter\"><img loading=\"lazy\" decoding=\"async\" aria-describedby=\"caption-attachment-242512\" class=\"size-large wp-image-242512\" src=\"https:\/\/jundiai.sp.gov.br\/noticias\/wp-content\/uploads\/sites\/32\/2020\/01\/minicurso_modelagem_escultura_day_pinacoteca-34-1280x859.jpg\" alt=\"\" width=\"1024\" height=\"687\" srcset=\"https:\/\/jundiai.sp.gov.br\/noticias\/wp-content\/uploads\/sites\/32\/2020\/01\/minicurso_modelagem_escultura_day_pinacoteca-34-1280x859.jpg 1280w, https:\/\/jundiai.sp.gov.br\/noticias\/wp-content\/uploads\/sites\/32\/2020\/01\/minicurso_modelagem_escultura_day_pinacoteca-34-300x201.jpg 300w, https:\/\/jundiai.sp.gov.br\/noticias\/wp-content\/uploads\/sites\/32\/2020\/01\/minicurso_modelagem_escultura_day_pinacoteca-34-768x515.jpg 768w, https:\/\/jundiai.sp.gov.br\/noticias\/wp-content\/uploads\/sites\/32\/2020\/01\/minicurso_modelagem_escultura_day_pinacoteca-34.jpg 1323w\" sizes=\"auto, (max-width: 1024px) 100vw, 1024px\" \/><p id=\"caption-attachment-242512\" class=\"wp-caption-text\">Beatriz Dantas Cangussu, ao centro, se encantou com a atividade das f\u00e9rias<\/p><\/div>\n<p>De acordo com o gestor da UGC, Marcelo Peroni, ainda restam vagas para algumas atividades. &#8220;O projeto F\u00e9rias na Pinacoteca foi iniciado em 2018 e \u00e9 um grande sucesso. A participa\u00e7\u00e3o da popula\u00e7\u00e3o \u00e9 grande j\u00e1 que s\u00e3o atividades gratuitas, diversificadas e atrativas. Ainda restam vagas em algumas atividades, que podem ser acessadas pelo site da Prefeitura de Jundia\u00ed&#8221;, orienta.<\/p>\n<p>Ao todo foram oferecidas 560 vagas, com programa\u00e7\u00e3o entre ter\u00e7a e sexta-feira do m\u00eas de janeiro, no per\u00edodo da manh\u00e3 e tarde.<\/p>\n<p>A Pinacoteca integra o Centro Jundiaiense de Cultura Josefina Rodrigues da Silva (Jorosil), que fica na rua Bar\u00e3o de Jundia\u00ed, 109, Centro, e funciona de ter\u00e7a a sexta-feira, das 10h \u00e0s 17h, e aos s\u00e1bados, domingos e feriados, das 9h \u00e0s 16h.<\/p>\n<p><strong>Assessoria de Imprensa<\/strong><br \/>\n<strong>Fotos: Fot\u00f3grafos PMJ<\/strong><\/p>\n","protected":false},"excerpt":{"rendered":"<p>Janeiro \u00e9 m\u00eas de f\u00e9rias e a Pinacoteca e oferece atividades gratuitas para entreter, agregar conhecimento \u00e0s crian\u00e7as entre 7 anos a 12 anos e, ainda, conhecer o espa\u00e7o<\/p>\n","protected":false},"author":39,"featured_media":242510,"comment_status":"closed","ping_status":"closed","sticky":false,"template":"","format":"standard","meta":{"footnotes":""},"categories":[2],"tags":[29,1455,370],"ods":[],"class_list":["post-242494","post","type-post","status-publish","format-standard","has-post-thumbnail","hentry","category-noticias","tag-cultura","tag-ferias-na-pinacoteca","tag-pinacoteca-municipal-diogenes-duarte-paes"],"_links":{"self":[{"href":"https:\/\/jundiai.sp.gov.br\/noticias\/wp-json\/wp\/v2\/posts\/242494","targetHints":{"allow":["GET"]}}],"collection":[{"href":"https:\/\/jundiai.sp.gov.br\/noticias\/wp-json\/wp\/v2\/posts"}],"about":[{"href":"https:\/\/jundiai.sp.gov.br\/noticias\/wp-json\/wp\/v2\/types\/post"}],"author":[{"embeddable":true,"href":"https:\/\/jundiai.sp.gov.br\/noticias\/wp-json\/wp\/v2\/users\/39"}],"replies":[{"embeddable":true,"href":"https:\/\/jundiai.sp.gov.br\/noticias\/wp-json\/wp\/v2\/comments?post=242494"}],"version-history":[{"count":10,"href":"https:\/\/jundiai.sp.gov.br\/noticias\/wp-json\/wp\/v2\/posts\/242494\/revisions"}],"predecessor-version":[{"id":242521,"href":"https:\/\/jundiai.sp.gov.br\/noticias\/wp-json\/wp\/v2\/posts\/242494\/revisions\/242521"}],"wp:featuredmedia":[{"embeddable":true,"href":"https:\/\/jundiai.sp.gov.br\/noticias\/wp-json\/wp\/v2\/media\/242510"}],"wp:attachment":[{"href":"https:\/\/jundiai.sp.gov.br\/noticias\/wp-json\/wp\/v2\/media?parent=242494"}],"wp:term":[{"taxonomy":"category","embeddable":true,"href":"https:\/\/jundiai.sp.gov.br\/noticias\/wp-json\/wp\/v2\/categories?post=242494"},{"taxonomy":"post_tag","embeddable":true,"href":"https:\/\/jundiai.sp.gov.br\/noticias\/wp-json\/wp\/v2\/tags?post=242494"},{"taxonomy":"ods","embeddable":true,"href":"https:\/\/jundiai.sp.gov.br\/noticias\/wp-json\/wp\/v2\/ods?post=242494"}],"curies":[{"name":"wp","href":"https:\/\/api.w.org\/{rel}","templated":true}]}}