{"id":242523,"date":"2020-01-07T15:27:26","date_gmt":"2020-01-07T17:27:26","guid":{"rendered":"https:\/\/jundiai.sp.gov.br\/noticias\/?p=242523"},"modified":"2020-01-07T18:27:03","modified_gmt":"2020-01-07T20:27:03","slug":"corrida-das-criancas-neste-sabado-tera-retirada-de-kits-na-sexta-10","status":"publish","type":"post","link":"https:\/\/jundiai.sp.gov.br\/noticias\/2020\/01\/07\/corrida-das-criancas-neste-sabado-tera-retirada-de-kits-na-sexta-10\/","title":{"rendered":"Corrida das crian\u00e7as, neste s\u00e1bado, ter\u00e1 retirada de kits na sexta (10)"},"content":{"rendered":"<p>A corrida Bambini, para crian\u00e7as de 4 a 12 anos, que ser\u00e1 realizada no pr\u00f3ximo s\u00e1bado no Travi\u00fa, ir\u00e1 distribuir os kits \u2013 incluindo camiseta, n\u00famero de peito e medalha \u2013 na pr\u00f3xima sexta (10), das 10h \u00e0s 19h, na Decathlon Jundia\u00ed (Beco Fino). N\u00e3o haver\u00e1 entrega de kits no dia do evento.<\/p>\n<p>A corrida, que tem como objetivo divulgar a Festa da Uva 2020, \u00e9 uma iniciativa da Associa\u00e7\u00e3o Agr\u00edcola de Jundia\u00ed, com apoio da Prefeitura de Jundia\u00ed, por meio das Unidades de Gest\u00e3o de Cultura (UGC), Agroneg\u00f3cio, Abastecimento e Turismo (UGAAT) e Esporte e Lazer (UGEL). O evento, que ir\u00e1 ocorrer dentro da Adega Santa Cec\u00edlia, ter\u00e1 largada \u00e0s 8h do dia 11 de janeiro e contar\u00e1 com atra\u00e7\u00f5es para toda a fam\u00edlia, incluindo venda de uva fresquinha, colhida no local, e gastronomia t\u00edpica. As 250 vagas disponibilizadas se esgotaram em tr\u00eas dias.<\/p>\n<div id=\"attachment_242525\" style=\"width: 1034px\" class=\"wp-caption aligncenter\"><img loading=\"lazy\" decoding=\"async\" aria-describedby=\"caption-attachment-242525\" class=\"size-large wp-image-242525\" src=\"https:\/\/jundiai.sp.gov.br\/noticias\/wp-content\/uploads\/sites\/32\/2020\/01\/vinhedotraviu-1280x797.jpg\" alt=\"\" width=\"1024\" height=\"638\" srcset=\"https:\/\/jundiai.sp.gov.br\/noticias\/wp-content\/uploads\/sites\/32\/2020\/01\/vinhedotraviu-1280x797.jpg 1280w, https:\/\/jundiai.sp.gov.br\/noticias\/wp-content\/uploads\/sites\/32\/2020\/01\/vinhedotraviu-300x187.jpg 300w, https:\/\/jundiai.sp.gov.br\/noticias\/wp-content\/uploads\/sites\/32\/2020\/01\/vinhedotraviu-768x478.jpg 768w\" sizes=\"auto, (max-width: 1024px) 100vw, 1024px\" \/><p id=\"caption-attachment-242525\" class=\"wp-caption-text\">Corrida ser\u00e1 em meio \u00e0s planta\u00e7\u00f5es de uva, em um ambiente cheio de hist\u00f3ria e de cen\u00e1rios \u00fanicos<\/p><\/div>\n<p>Para retirada individual, basta levar um documento original com foto e protocolo de inscri\u00e7\u00e3o do Ticket Agora. A retirada por terceiros pode ser feita com a apresenta\u00e7\u00e3o do Ticket Agora da pessoa inscrita e c\u00f3pia do documento com foto do participante.<\/p>\n<p>A corrida das crian\u00e7as ser\u00e1 em meio \u00e0s planta\u00e7\u00f5es de uva, em plena colheita, em um ambiente cheio de hist\u00f3ria e de cen\u00e1rios \u00fanicos. Segundo o gestor da UGAAT, Eduardo Alvarez, a a\u00e7\u00e3o est\u00e1 de acordo com uma das prioridades da administra\u00e7\u00e3o Luiz Fernando Machado: a Cidade das Crian\u00e7as. \u201cTrata-se de uma proposta l\u00fadica, repleta da hist\u00f3ria de Jundia\u00ed e em meio a planta\u00e7\u00f5es da uva Ni\u00e1gara Rosada, t\u00edpica de Jundia\u00ed e da coloniza\u00e7\u00e3o italiana\u201d, explica.<\/p>\n<p><strong>Corrida adultos<\/strong><\/p>\n<p>No dia seguinte \u00e0 corrida Bambini, ser\u00e1 a vez dos adultos: a Corrida da Uva ser\u00e1 realizada no dia 12, domingo, com largada \u00e0s 7h defronte \u00e0 Igreja do Travi\u00fa. O percurso tamb\u00e9m ser\u00e1 em meio a vinhedos, em trajetos de 4 e 8 km para corrida e 4 km para caminhada. As inscri\u00e7\u00f5es foram encerradas com mais de mil participantes.<\/p>\n<p>A retirada dos kits \u2013 com camiseta adulto, sacola, medalha, n\u00famero de peito e chip \u2013 tamb\u00e9m ser\u00e1 feita nesta sexta, das 10h \u00e0s 19h. Os documentos necess\u00e1rios s\u00e3o os mesmos da corrida Bambini. A Decatlhon fica na Av. Nove de Julho, 1500. Mais informa\u00e7\u00f5es podem ser obtidas <a href=\"https:\/\/ticketagora.com.br\/e\/corrida-da-uva-jundia-e-corrida-bambini-29477\">aqui. <\/a><\/p>\n<p><strong>Assessoria de Imprensa<br \/>\nFotos: Fot\u00f3grafos PMJ<\/strong><\/p>\n","protected":false},"excerpt":{"rendered":"<p>A corrida Bambini, para crian\u00e7as de 4 a 12 anos, que ser\u00e1 realizada no pr\u00f3ximo s\u00e1bado no Travi\u00fa, ir\u00e1 distribuir os kits \u2013 incluindo camiseta, n\u00famero de peito e medalha \u2013 na pr\u00f3xima sexta (10), das 10h \u00e0s 19h, na Decathlon Jundia\u00ed (Beco Fino). N\u00e3o haver\u00e1 entrega de kits no dia do evento. A corrida, [&hellip;]<\/p>\n","protected":false},"author":45,"featured_media":0,"comment_status":"closed","ping_status":"closed","sticky":false,"template":"","format":"standard","meta":{"footnotes":""},"categories":[2],"tags":[1174,974],"ods":[],"class_list":["post-242523","post","type-post","status-publish","format-standard","hentry","category-noticias","tag-37a-festa-da-uva-e-8a-expo-vinhos","tag-agronegocio-abastecimento-e-turismo"],"_links":{"self":[{"href":"https:\/\/jundiai.sp.gov.br\/noticias\/wp-json\/wp\/v2\/posts\/242523","targetHints":{"allow":["GET"]}}],"collection":[{"href":"https:\/\/jundiai.sp.gov.br\/noticias\/wp-json\/wp\/v2\/posts"}],"about":[{"href":"https:\/\/jundiai.sp.gov.br\/noticias\/wp-json\/wp\/v2\/types\/post"}],"author":[{"embeddable":true,"href":"https:\/\/jundiai.sp.gov.br\/noticias\/wp-json\/wp\/v2\/users\/45"}],"replies":[{"embeddable":true,"href":"https:\/\/jundiai.sp.gov.br\/noticias\/wp-json\/wp\/v2\/comments?post=242523"}],"version-history":[{"count":4,"href":"https:\/\/jundiai.sp.gov.br\/noticias\/wp-json\/wp\/v2\/posts\/242523\/revisions"}],"predecessor-version":[{"id":242538,"href":"https:\/\/jundiai.sp.gov.br\/noticias\/wp-json\/wp\/v2\/posts\/242523\/revisions\/242538"}],"wp:attachment":[{"href":"https:\/\/jundiai.sp.gov.br\/noticias\/wp-json\/wp\/v2\/media?parent=242523"}],"wp:term":[{"taxonomy":"category","embeddable":true,"href":"https:\/\/jundiai.sp.gov.br\/noticias\/wp-json\/wp\/v2\/categories?post=242523"},{"taxonomy":"post_tag","embeddable":true,"href":"https:\/\/jundiai.sp.gov.br\/noticias\/wp-json\/wp\/v2\/tags?post=242523"},{"taxonomy":"ods","embeddable":true,"href":"https:\/\/jundiai.sp.gov.br\/noticias\/wp-json\/wp\/v2\/ods?post=242523"}],"curies":[{"name":"wp","href":"https:\/\/api.w.org\/{rel}","templated":true}]}}