{"id":242558,"date":"2020-01-08T15:33:28","date_gmt":"2020-01-08T17:33:28","guid":{"rendered":"https:\/\/jundiai.sp.gov.br\/noticias\/?p=242558"},"modified":"2020-01-08T15:33:28","modified_gmt":"2020-01-08T17:33:28","slug":"obra-da-emeb-candelario-impressiona-pela-estrutura","status":"publish","type":"post","link":"https:\/\/jundiai.sp.gov.br\/noticias\/2020\/01\/08\/obra-da-emeb-candelario-impressiona-pela-estrutura\/","title":{"rendered":"Obra da EMEB Candel\u00e1rio impressiona pela estrutura"},"content":{"rendered":"<p>Durante a manh\u00e3 desta quarta-feira (8), o Prefeito Luiz Fernando Machado vistoriou o canteiro de obras da Escola Municipal de Educa\u00e7\u00e3o B\u00e1sica (Emeb) Professor Joaquim Candel\u00e1rio de Freitas, na Vila Hortol\u00e2ndia para acompanhar a evolu\u00e7\u00e3o da constru\u00e7\u00e3o pr\u00e9dio, que chega a 27% do total.<\/p>\n<p>O espa\u00e7o receber\u00e1 a maior unidade Escola Inovadora da Prefeitura de Jundia\u00ed, com 4,9 mil metros de \u00e1rea constru\u00edda em arquitetura pr\u00e9-fabricada em tr\u00eas pavimentos, anfiteatro e integra\u00e7\u00e3o com a pra\u00e7a Edhewaldo Cortizo, na rua Antonio Maximiliano de Almeida que ser\u00e1 remodelada para receber os conceitos da Cidade das Crian\u00e7as.<\/p>\n<p>Cinco meses depois desde a \u00faltima vistoria \u00e9 evidente que a obra avan\u00e7ou muito, com toda a estrutura pronta e j\u00e1 iniciada a etapa de fechamento do pr\u00e9dio escolar. &#8220;O tamanho do espa\u00e7o impressiona, j\u00e1 que ser\u00e1 o mais moderno da cidade. Mas, a aten\u00e7\u00e3o \u00e0 estrutura tem como fator primordial a oferta de um espa\u00e7o adequado para a aprendizagem efetiva dos alunos e o desenvolvimento dos projetos com excel\u00eancia por parte dos educadores\u201d, destaca o Prefeito Luiz Fernando Machado.<\/p>\n<p>Ele ainda lembrou da participa\u00e7\u00e3o dos alunos no processo de concep\u00e7\u00e3o do projeto da obra, iniciativa que refor\u00e7a as a\u00e7\u00f5es desenvolvidas pelo Munic\u00edpio ao dar autonomia para a inf\u00e2ncia nas pol\u00edticas p\u00fablicas locais.<\/p>\n<div id=\"attachment_242580\" style=\"width: 1034px\" class=\"wp-caption aligncenter\"><img loading=\"lazy\" decoding=\"async\" aria-describedby=\"caption-attachment-242580\" class=\"size-large wp-image-242580\" src=\"https:\/\/jundiai.sp.gov.br\/noticias\/wp-content\/uploads\/sites\/32\/2020\/01\/prefeito-visita-obras-da-emeb-candelario_c_-55-1280x853.jpg\" alt=\"\" width=\"1024\" height=\"682\" srcset=\"https:\/\/jundiai.sp.gov.br\/noticias\/wp-content\/uploads\/sites\/32\/2020\/01\/prefeito-visita-obras-da-emeb-candelario_c_-55-1280x853.jpg 1280w, https:\/\/jundiai.sp.gov.br\/noticias\/wp-content\/uploads\/sites\/32\/2020\/01\/prefeito-visita-obras-da-emeb-candelario_c_-55-300x200.jpg 300w, https:\/\/jundiai.sp.gov.br\/noticias\/wp-content\/uploads\/sites\/32\/2020\/01\/prefeito-visita-obras-da-emeb-candelario_c_-55-768x512.jpg 768w, https:\/\/jundiai.sp.gov.br\/noticias\/wp-content\/uploads\/sites\/32\/2020\/01\/prefeito-visita-obras-da-emeb-candelario_c_-55-450x300.jpg 450w, https:\/\/jundiai.sp.gov.br\/noticias\/wp-content\/uploads\/sites\/32\/2020\/01\/prefeito-visita-obras-da-emeb-candelario_c_-55.jpg 1323w\" sizes=\"auto, (max-width: 1024px) 100vw, 1024px\" \/><p id=\"caption-attachment-242580\" class=\"wp-caption-text\">Em vistoria, prefeito Luiz Fernando Machado confere o avan\u00e7o das obras da Emeb Professor Joaquim Candel\u00e1rio de Freitas, na Vila Hortol\u00e2ndia<\/p><\/div>\n<p>O pr\u00e9dio conta com quadra coberta, anfiteatro, biblioteca, laborat\u00f3rio, elevador, gera\u00e7\u00e3o de energia fotovoltaica e dispositivo de capta\u00e7\u00e3o de \u00e1gua da chuva para reuso, aquecimento solar para abastecimento da cozinha e vesti\u00e1rio distribu\u00eddos em 4,9 mil metros quadrados e ser\u00e1 integrada \u00e0 pra\u00e7a existente no entorno, para oferecer maior espa\u00e7o para o desenvolvimento das crian\u00e7as.<\/p>\n<p>Segundo o gestor adjunto da Unidade de Gest\u00e3o de Infraestrutura e Servi\u00e7os P\u00fablicos (UGISP), Ademir Pedro Victor, a \u00e1rea verde ser\u00e1 remodelada e ganhar\u00e1 equipamentos e brinquedos desenvolvidos a partir das diretrizes da Cidade da Crian\u00e7a, Rede Latino-Americana que Jundia\u00ed faz parte. &#8220;Tamb\u00e9m ser\u00e3o implantadas baias amplas para facilitar o embarque e o desembarque no transporte p\u00fablico para os alunos&#8221;, detalha.<\/p>\n<p>O investimento total na obra \u00e9 estimado em R$ 12 milh\u00f5es, sendo as duas primeiras etapas realizadas a partir de contrapartidas de empreendimentos imobili\u00e1rios.<\/p>\n<p>Assessoria de Imprensa<br \/>\nFotos: Fot\u00f3grafos PMJ<\/p>\n","protected":false},"excerpt":{"rendered":"<p>Durante a manh\u00e3 desta quarta-feira (8), o Prefeito Luiz Fernando Machado vistoriou o canteiro de obras da Escola Municipal de Educa\u00e7\u00e3o B\u00e1sica (Emeb) Professor Joaquim Candel\u00e1rio de Freitas, na Vila Hortol\u00e2ndia para acompanhar a evolu\u00e7\u00e3o da constru\u00e7\u00e3o pr\u00e9dio, que chega a 27% do total. O espa\u00e7o receber\u00e1 a maior unidade Escola Inovadora da Prefeitura de [&hellip;]<\/p>\n","protected":false},"author":39,"featured_media":242579,"comment_status":"closed","ping_status":"closed","sticky":false,"template":"","format":"standard","meta":{"footnotes":""},"categories":[2],"tags":[6,1061],"ods":[],"class_list":["post-242558","post","type-post","status-publish","format-standard","has-post-thumbnail","hentry","category-noticias","tag-educacao","tag-escola-inovadora"],"_links":{"self":[{"href":"https:\/\/jundiai.sp.gov.br\/noticias\/wp-json\/wp\/v2\/posts\/242558","targetHints":{"allow":["GET"]}}],"collection":[{"href":"https:\/\/jundiai.sp.gov.br\/noticias\/wp-json\/wp\/v2\/posts"}],"about":[{"href":"https:\/\/jundiai.sp.gov.br\/noticias\/wp-json\/wp\/v2\/types\/post"}],"author":[{"embeddable":true,"href":"https:\/\/jundiai.sp.gov.br\/noticias\/wp-json\/wp\/v2\/users\/39"}],"replies":[{"embeddable":true,"href":"https:\/\/jundiai.sp.gov.br\/noticias\/wp-json\/wp\/v2\/comments?post=242558"}],"version-history":[{"count":17,"href":"https:\/\/jundiai.sp.gov.br\/noticias\/wp-json\/wp\/v2\/posts\/242558\/revisions"}],"predecessor-version":[{"id":242585,"href":"https:\/\/jundiai.sp.gov.br\/noticias\/wp-json\/wp\/v2\/posts\/242558\/revisions\/242585"}],"wp:featuredmedia":[{"embeddable":true,"href":"https:\/\/jundiai.sp.gov.br\/noticias\/wp-json\/wp\/v2\/media\/242579"}],"wp:attachment":[{"href":"https:\/\/jundiai.sp.gov.br\/noticias\/wp-json\/wp\/v2\/media?parent=242558"}],"wp:term":[{"taxonomy":"category","embeddable":true,"href":"https:\/\/jundiai.sp.gov.br\/noticias\/wp-json\/wp\/v2\/categories?post=242558"},{"taxonomy":"post_tag","embeddable":true,"href":"https:\/\/jundiai.sp.gov.br\/noticias\/wp-json\/wp\/v2\/tags?post=242558"},{"taxonomy":"ods","embeddable":true,"href":"https:\/\/jundiai.sp.gov.br\/noticias\/wp-json\/wp\/v2\/ods?post=242558"}],"curies":[{"name":"wp","href":"https:\/\/api.w.org\/{rel}","templated":true}]}}