{"id":242680,"date":"2020-01-10T19:49:37","date_gmt":"2020-01-10T21:49:37","guid":{"rendered":"https:\/\/jundiai.sp.gov.br\/noticias\/?p=242680"},"modified":"2020-01-10T19:49:37","modified_gmt":"2020-01-10T21:49:37","slug":"com-as-chuvas-populacao-deve-se-prevenir-da-invasao-dos-animais-peconhentos","status":"publish","type":"post","link":"https:\/\/jundiai.sp.gov.br\/noticias\/2020\/01\/10\/com-as-chuvas-populacao-deve-se-prevenir-da-invasao-dos-animais-peconhentos\/","title":{"rendered":"Com as chuvas, popula\u00e7\u00e3o deve se prevenir da invas\u00e3o dos animais pe\u00e7onhentos"},"content":{"rendered":"<p>Intensas e volumosas, as chuvas de ver\u00e3o est\u00e3o sempre atreladas \u00e0s altas temperaturas. No pacote do per\u00edodo est\u00e1 o aumento do volume das \u00e1guas dos rios, c\u00f3rregos, canaliza\u00e7\u00e3o pluvial e as \u00e1reas alagadi\u00e7as. A condi\u00e7\u00e3o &#8211; al\u00e9m de ser favor\u00e1vel para os mosquitos Aedes aegypti &#8211; coloca em movimento os animais pe\u00e7onhentos e outros transmissores de doen\u00e7as para \u00e1reas secas, resultando em maior n\u00famero de ocorr\u00eancias com aranhas, escorpi\u00f5es, baratas e roedores nas resid\u00eancias. Para evitar transtornos e at\u00e9 acidentes, \u00e9 necess\u00e1rio adotar medidas para conter a invas\u00e3o desses visitantes indesejados.<\/p>\n<p>&#8220;Muitos animais se adaptaram a viver em canaliza\u00e7\u00f5es e sistemas de coleta de \u00e1gua das chuvas. Quando o sistema \u00e9 utilizado em sua totalidade, como \u00e9 o caso durante as grandes chuvas, parte desses animais &#8211; como as baratas e os escorpi\u00f5es &#8211; acaba sendo levada pelas \u00e1guas. Outra parcela, por\u00e9m, sobe para as canaliza\u00e7\u00f5es menores que levam para os quintais das resid\u00eancias. Para evitar que os animais adentrem \u00e0s resid\u00eancias \u00e9 necess\u00e1rio colocar anteparos nas portas, al\u00e9m de telas nas janelas e nos ralos&#8221;, comenta o gerente da Unidade de Vigil\u00e2ncia de Zoonoses (UVZ), Carlos Ozahata.<\/p>\n<p><strong><img loading=\"lazy\" decoding=\"async\" class=\"aligncenter size-large wp-image-242806\" src=\"https:\/\/jundiai.sp.gov.br\/noticias\/wp-content\/uploads\/sites\/32\/2020\/01\/af-pj-007-19e-pragas-digital-insta-1080x1080-t1-960x960.jpg\" alt=\"\" width=\"960\" height=\"960\" srcset=\"https:\/\/jundiai.sp.gov.br\/noticias\/wp-content\/uploads\/sites\/32\/2020\/01\/af-pj-007-19e-pragas-digital-insta-1080x1080-t1-960x960.jpg 960w, https:\/\/jundiai.sp.gov.br\/noticias\/wp-content\/uploads\/sites\/32\/2020\/01\/af-pj-007-19e-pragas-digital-insta-1080x1080-t1-100x100.jpg 100w, https:\/\/jundiai.sp.gov.br\/noticias\/wp-content\/uploads\/sites\/32\/2020\/01\/af-pj-007-19e-pragas-digital-insta-1080x1080-t1-300x300.jpg 300w, https:\/\/jundiai.sp.gov.br\/noticias\/wp-content\/uploads\/sites\/32\/2020\/01\/af-pj-007-19e-pragas-digital-insta-1080x1080-t1-768x768.jpg 768w, https:\/\/jundiai.sp.gov.br\/noticias\/wp-content\/uploads\/sites\/32\/2020\/01\/af-pj-007-19e-pragas-digital-insta-1080x1080-t1.jpg 1080w\" sizes=\"auto, (max-width: 960px) 100vw, 960px\" \/><br \/>\n<strong>Escorpi\u00f5es<\/strong><\/strong><br \/>\nO gerente lembra que o calor faz com que os escorpi\u00f5es sejam mais frequentemente observados e pass\u00edveis de ocorr\u00eancias de acidentes. Al\u00e9m das medidas j\u00e1 observadas anteriormente, o gerente tamb\u00e9m lembra da necessidade de observar os espa\u00e7os da resid\u00eancia, eliminando ac\u00famulo de material de constru\u00e7\u00e3o, madeiras e fechando frestas nas paredes.<\/p>\n<p>Em 2020, Jundia\u00ed n\u00e3o registra ocorr\u00eancias de acidentes com escorpi\u00f5es. No ano anterior foram 44 pessoas picadas pelo artr\u00f3pode e em 2018 foram 48. Apesar de os n\u00fameros de v\u00edtimas em decr\u00e9scimo, os cuidados devem ser constantes, j\u00e1 que o veneno pode ser fatal para crian\u00e7as e idosos.<\/p>\n<p><iframe loading=\"lazy\" class=\"aligncenter\" src=\"https:\/\/www.youtube.com\/embed\/tlaHlsPApng\" width=\"760\" height=\"515\" frameborder=\"0\" allowfullscreen=\"allowfullscreen\"><span data-mce-type=\"bookmark\" style=\"display: inline-block; width: 0px; overflow: hidden; line-height: 0;\" class=\"mce_SELRES_start\">\ufeff<\/span><\/iframe><\/p>\n<p>Atenta ao tema, a Prefeitura inicia em janeiro uma campanha de orienta\u00e7\u00e3o social que sugere cuidados a serem adotados pela popula\u00e7\u00e3o para evitar que os indesej\u00e1veis escorpi\u00f5es e mosquitos tenham a possibilidade de se estabelecer em resid\u00eancias da cidade.<\/p>\n<p>Com o tema &#8220;Sai, praga.&#8221;, o material ser\u00e1 divulgado em redes sociais e em outras plataformas de comunica\u00e7\u00e3o, sempre com o objetivo de despertar engajamento social voltada para a\u00e7\u00f5es preventivas em benef\u00edcio dos habitantes do munic\u00edpio.<\/p>\n<p><strong>Assessoria de Imprensa<br \/>\nFoto: Fot\u00f3grafos PMJ\/ Divulga\u00e7\u00e3o<\/strong><\/p>\n","protected":false},"excerpt":{"rendered":"<p>Intensas e volumosas, as chuvas de ver\u00e3o est\u00e3o sempre atreladas \u00e0s altas temperaturas. No pacote do per\u00edodo est\u00e1 o aumento do volume das \u00e1guas dos rios, c\u00f3rregos, canaliza\u00e7\u00e3o pluvial e as \u00e1reas alagadi\u00e7as. A condi\u00e7\u00e3o &#8211; al\u00e9m de ser favor\u00e1vel para os mosquitos Aedes aegypti &#8211; coloca em movimento os animais pe\u00e7onhentos e outros transmissores [&hellip;]<\/p>\n","protected":false},"author":39,"featured_media":242730,"comment_status":"closed","ping_status":"closed","sticky":false,"template":"","format":"standard","meta":{"footnotes":""},"categories":[2],"tags":[981,362],"ods":[],"class_list":["post-242680","post","type-post","status-publish","format-standard","has-post-thumbnail","hentry","category-noticias","tag-promocao-da-saude","tag-unidade-de-vigilancia-de-zoonoses"],"_links":{"self":[{"href":"https:\/\/jundiai.sp.gov.br\/noticias\/wp-json\/wp\/v2\/posts\/242680","targetHints":{"allow":["GET"]}}],"collection":[{"href":"https:\/\/jundiai.sp.gov.br\/noticias\/wp-json\/wp\/v2\/posts"}],"about":[{"href":"https:\/\/jundiai.sp.gov.br\/noticias\/wp-json\/wp\/v2\/types\/post"}],"author":[{"embeddable":true,"href":"https:\/\/jundiai.sp.gov.br\/noticias\/wp-json\/wp\/v2\/users\/39"}],"replies":[{"embeddable":true,"href":"https:\/\/jundiai.sp.gov.br\/noticias\/wp-json\/wp\/v2\/comments?post=242680"}],"version-history":[{"count":22,"href":"https:\/\/jundiai.sp.gov.br\/noticias\/wp-json\/wp\/v2\/posts\/242680\/revisions"}],"predecessor-version":[{"id":242821,"href":"https:\/\/jundiai.sp.gov.br\/noticias\/wp-json\/wp\/v2\/posts\/242680\/revisions\/242821"}],"wp:featuredmedia":[{"embeddable":true,"href":"https:\/\/jundiai.sp.gov.br\/noticias\/wp-json\/wp\/v2\/media\/242730"}],"wp:attachment":[{"href":"https:\/\/jundiai.sp.gov.br\/noticias\/wp-json\/wp\/v2\/media?parent=242680"}],"wp:term":[{"taxonomy":"category","embeddable":true,"href":"https:\/\/jundiai.sp.gov.br\/noticias\/wp-json\/wp\/v2\/categories?post=242680"},{"taxonomy":"post_tag","embeddable":true,"href":"https:\/\/jundiai.sp.gov.br\/noticias\/wp-json\/wp\/v2\/tags?post=242680"},{"taxonomy":"ods","embeddable":true,"href":"https:\/\/jundiai.sp.gov.br\/noticias\/wp-json\/wp\/v2\/ods?post=242680"}],"curies":[{"name":"wp","href":"https:\/\/api.w.org\/{rel}","templated":true}]}}