{"id":242703,"date":"2020-01-10T11:06:52","date_gmt":"2020-01-10T13:06:52","guid":{"rendered":"https:\/\/jundiai.sp.gov.br\/noticias\/?p=242703"},"modified":"2020-01-10T11:06:52","modified_gmt":"2020-01-10T13:06:52","slug":"entidades-tem-ate-a-proxima-semana-para-entregar-fichas-da-campanha-de-inverno","status":"publish","type":"post","link":"https:\/\/jundiai.sp.gov.br\/noticias\/2020\/01\/10\/entidades-tem-ate-a-proxima-semana-para-entregar-fichas-da-campanha-de-inverno\/","title":{"rendered":"Entidades t\u00eam at\u00e9 a pr\u00f3xima semana para entregar fichas da Campanha de Inverno"},"content":{"rendered":"<p>As entidades interessadas em participar da Campanha de Inverno 2020, promovida pela Prefeitura de Jundia\u00ed, por meio do Fundo Social de Solidariedade (Funss), devem devolver as fichas cadastrais at\u00e9 a pr\u00f3xima sexta-feira (17). A medida se faz necess\u00e1ria para a conclus\u00e3o do levantamento, que dar\u00e1 in\u00edcio ao processo licitat\u00f3rio para a compra dos agasalhos novos. O documento dever\u00e1 ser entregue diretamente na unidade, localizada dentro do Parque da Uva.<\/p>\n<p>Na ficha, dever\u00e3o constar os dados das fam\u00edlias assistidas, como nomes completos dos pais ou respons\u00e1veis legais, bem como os das crian\u00e7as e suas respectivas idades e tamanhos de vestimenta. Podem participar entidades com o cadastro atualizado no Fundo Social e que desenvolvam a\u00e7\u00f5es voltadas \u00e0s comunidades em vulnerabilidade social. N\u00e3o ser\u00e3o admitidos cadastros de institui\u00e7\u00f5es j\u00e1 beneficiadas por instrumentos jur\u00eddicos em que haja repasse de verbas p\u00fablicas para a mesma finalidade. A Campanha de Inverno 2020 ir\u00e1 beneficiar crian\u00e7as com idade entre zero e 12 anos e residentes em Jundia\u00ed.<\/p>\n<div id=\"attachment_242704\" style=\"width: 1034px\" class=\"wp-caption aligncenter\"><img loading=\"lazy\" decoding=\"async\" aria-describedby=\"caption-attachment-242704\" class=\"size-large wp-image-242704\" src=\"https:\/\/jundiai.sp.gov.br\/noticias\/wp-content\/uploads\/sites\/32\/2020\/01\/inverno_cedeca-1280x853.jpg\" alt=\"Volunt\u00e1rias da entidade sorriem ao ver os agasalhos novos\" width=\"1024\" height=\"682\" srcset=\"https:\/\/jundiai.sp.gov.br\/noticias\/wp-content\/uploads\/sites\/32\/2020\/01\/inverno_cedeca-1280x853.jpg 1280w, https:\/\/jundiai.sp.gov.br\/noticias\/wp-content\/uploads\/sites\/32\/2020\/01\/inverno_cedeca-300x200.jpg 300w, https:\/\/jundiai.sp.gov.br\/noticias\/wp-content\/uploads\/sites\/32\/2020\/01\/inverno_cedeca-768x512.jpg 768w, https:\/\/jundiai.sp.gov.br\/noticias\/wp-content\/uploads\/sites\/32\/2020\/01\/inverno_cedeca-450x300.jpg 450w\" sizes=\"auto, (max-width: 1024px) 100vw, 1024px\" \/><p id=\"caption-attachment-242704\" class=\"wp-caption-text\">Prazo para entrega das fichas termina na pr\u00f3xima sexta (17)<\/p><\/div>\n<p>A distribui\u00e7\u00e3o da ficha cadastral \u00e0s entidades, associa\u00e7\u00f5es de bairro e igrejas teve in\u00edcio no dia 09 de dezembro, no ato da retirada dos brinquedos da Campanha Natal Solid\u00e1rio. O Fundo Social est\u00e1 localizado dentro do Parque da Uva, com acesso pela avenida Dona Manoela Lacerda de Vergueiro, s\/n, port\u00e3o 03, bairro Anhangaba\u00fa. O funcionamento \u00e9 de segunda a sexta-feira, das 8h \u00e0s 17h, exceto feriados. Informa\u00e7\u00f5es pelos telefones (11) 4521-2762, 4521-2929 e 4521-6833.<\/p>\n<p>&nbsp;<\/p>\n<p><strong><em>Assessoria de Imprensa<\/em><\/strong><\/p>\n<p><strong><em>Foto: Fot\u00f3grafo PMJ<\/em><\/strong><\/p>\n","protected":false},"excerpt":{"rendered":"<p>As entidades interessadas em participar da Campanha de Inverno 2020, promovida pela Prefeitura de Jundia\u00ed, por meio do Fundo Social de Solidariedade (Funss), devem devolver as fichas cadastrais at\u00e9 a pr\u00f3xima sexta-feira (17). A medida se faz necess\u00e1ria para a conclus\u00e3o do levantamento, que dar\u00e1 in\u00edcio ao processo licitat\u00f3rio para a compra dos agasalhos novos. [&hellip;]<\/p>\n","protected":false},"author":49,"featured_media":242704,"comment_status":"closed","ping_status":"closed","sticky":false,"template":"","format":"standard","meta":{"footnotes":""},"categories":[2],"tags":[1466,416],"ods":[],"class_list":["post-242703","post","type-post","status-publish","format-standard","has-post-thumbnail","hentry","category-noticias","tag-campanha-de-inverno-2020","tag-fundo-social-de-solidariedade-funss"],"_links":{"self":[{"href":"https:\/\/jundiai.sp.gov.br\/noticias\/wp-json\/wp\/v2\/posts\/242703","targetHints":{"allow":["GET"]}}],"collection":[{"href":"https:\/\/jundiai.sp.gov.br\/noticias\/wp-json\/wp\/v2\/posts"}],"about":[{"href":"https:\/\/jundiai.sp.gov.br\/noticias\/wp-json\/wp\/v2\/types\/post"}],"author":[{"embeddable":true,"href":"https:\/\/jundiai.sp.gov.br\/noticias\/wp-json\/wp\/v2\/users\/49"}],"replies":[{"embeddable":true,"href":"https:\/\/jundiai.sp.gov.br\/noticias\/wp-json\/wp\/v2\/comments?post=242703"}],"version-history":[{"count":1,"href":"https:\/\/jundiai.sp.gov.br\/noticias\/wp-json\/wp\/v2\/posts\/242703\/revisions"}],"predecessor-version":[{"id":242705,"href":"https:\/\/jundiai.sp.gov.br\/noticias\/wp-json\/wp\/v2\/posts\/242703\/revisions\/242705"}],"wp:featuredmedia":[{"embeddable":true,"href":"https:\/\/jundiai.sp.gov.br\/noticias\/wp-json\/wp\/v2\/media\/242704"}],"wp:attachment":[{"href":"https:\/\/jundiai.sp.gov.br\/noticias\/wp-json\/wp\/v2\/media?parent=242703"}],"wp:term":[{"taxonomy":"category","embeddable":true,"href":"https:\/\/jundiai.sp.gov.br\/noticias\/wp-json\/wp\/v2\/categories?post=242703"},{"taxonomy":"post_tag","embeddable":true,"href":"https:\/\/jundiai.sp.gov.br\/noticias\/wp-json\/wp\/v2\/tags?post=242703"},{"taxonomy":"ods","embeddable":true,"href":"https:\/\/jundiai.sp.gov.br\/noticias\/wp-json\/wp\/v2\/ods?post=242703"}],"curies":[{"name":"wp","href":"https:\/\/api.w.org\/{rel}","templated":true}]}}