{"id":242709,"date":"2020-01-10T11:43:05","date_gmt":"2020-01-10T13:43:05","guid":{"rendered":"https:\/\/jundiai.sp.gov.br\/noticias\/?p=242709"},"modified":"2020-01-10T11:43:05","modified_gmt":"2020-01-10T13:43:05","slug":"dae-promove-leilao-no-dia-14-de-janeiro","status":"publish","type":"post","link":"https:\/\/jundiai.sp.gov.br\/noticias\/2020\/01\/10\/dae-promove-leilao-no-dia-14-de-janeiro\/","title":{"rendered":"DAE promove leil\u00e3o no dia 14 de janeiro"},"content":{"rendered":"<p style=\"font-weight: 400;\">A DAE Jundia\u00ed realiza, na pr\u00f3xima ter\u00e7a-feira, dia 14 de janeiro, como parte do Programa de Gerenciamento de Res\u00edduos S\u00f3lidos da DAE, um leil\u00e3o para venda de materiais inserv\u00edveis, compostos por sucata mista (a\u00e7o e alum\u00ednio), policloreto de vinila (PVC), ferro fundido, al\u00e9m de polietileno de alta densidade (PEAD) e polipropileno (PP) preto e colorido, conforme edital publicado na Imprensa Oficial do Munic\u00edpio de 4 de dezembro de 2019 (edi\u00e7\u00e3o n\u00famero 4645).<\/p>\n<p style=\"font-weight: 400;\">O leil\u00e3o vai ocorrer \u00e0s 10h30, na sede administrativa da DAE, localizada na avenida Alexandre Ludke, 1500 &#8211; Vila Bandeirantes.<\/p>\n<div id=\"attachment_242710\" style=\"width: 1034px\" class=\"wp-caption aligncenter\"><img loading=\"lazy\" decoding=\"async\" aria-describedby=\"caption-attachment-242710\" class=\"size-large wp-image-242710\" src=\"https:\/\/jundiai.sp.gov.br\/noticias\/wp-content\/uploads\/sites\/32\/2020\/01\/dae-jundiai-leilao-1280x958.jpg\" alt=\"Quem tiver interesse em participar, \u00e9 necess\u00e1rio baixar o Edital, dispon\u00edvel no site https:\/\/compraabertadae.jundiai.sp.gov.br\" width=\"1024\" height=\"766\" \/><p id=\"caption-attachment-242710\" class=\"wp-caption-text\">O leil\u00e3o vai ocorrer \u00e0s 10h30, na sede administrativa da DAE, localizada na avenida Alexandre Ludke, 1500 &#8211; Vila Bandeirantes.<\/p><\/div>\n<p style=\"font-weight: 400;\">Quem tiver interesse em participar, \u00e9 necess\u00e1rio baixar o Edital, dispon\u00edvel no site\u00a0<a href=\"https:\/\/compraabertadae.jundiai.sp.gov.br\/\" data-saferedirecturl=\"https:\/\/www.google.com\/url?q=https:\/\/compraabertadae.jundiai.sp.gov.br&amp;source=gmail&amp;ust=1578749502944000&amp;usg=AFQjCNHp3qY5U7N0I4suWk6hBZQIolHOUw\">https:\/\/compraabertadae.jundiai.sp.gov.br<\/a>, na aba \u201cLicita\u00e7\u00f5es\u201d, modalidade \u201cALIENACAO\u201d, exerc\u00edcio da compra \u201c2019\u201d, da licita\u00e7\u00e3o 2019\/00004, para receber todas informa\u00e7\u00f5es.<\/p>\n<p><strong>Assessoria de Comunica\u00e7\u00e3o &#8211; DAE Jundia\u00ed\u00a0<\/strong><\/p>\n<p><strong>Foto: DAE Jundia\u00ed\u00a0<\/strong><\/p>\n","protected":false},"excerpt":{"rendered":"<p>A DAE Jundia\u00ed realiza, na pr\u00f3xima ter\u00e7a-feira, dia 14 de janeiro, como parte do Programa de Gerenciamento de Res\u00edduos S\u00f3lidos da DAE, um leil\u00e3o para venda de materiais inserv\u00edveis, compostos por sucata mista (a\u00e7o e alum\u00ednio), policloreto de vinila (PVC), ferro fundido, al\u00e9m de polietileno de alta densidade (PEAD) e polipropileno (PP) preto e colorido, [&hellip;]<\/p>\n","protected":false},"author":52,"featured_media":242710,"comment_status":"closed","ping_status":"closed","sticky":false,"template":"","format":"standard","meta":{"footnotes":""},"categories":[2],"tags":[66],"ods":[],"class_list":["post-242709","post","type-post","status-publish","format-standard","has-post-thumbnail","hentry","category-noticias","tag-dae"],"_links":{"self":[{"href":"https:\/\/jundiai.sp.gov.br\/noticias\/wp-json\/wp\/v2\/posts\/242709","targetHints":{"allow":["GET"]}}],"collection":[{"href":"https:\/\/jundiai.sp.gov.br\/noticias\/wp-json\/wp\/v2\/posts"}],"about":[{"href":"https:\/\/jundiai.sp.gov.br\/noticias\/wp-json\/wp\/v2\/types\/post"}],"author":[{"embeddable":true,"href":"https:\/\/jundiai.sp.gov.br\/noticias\/wp-json\/wp\/v2\/users\/52"}],"replies":[{"embeddable":true,"href":"https:\/\/jundiai.sp.gov.br\/noticias\/wp-json\/wp\/v2\/comments?post=242709"}],"version-history":[{"count":1,"href":"https:\/\/jundiai.sp.gov.br\/noticias\/wp-json\/wp\/v2\/posts\/242709\/revisions"}],"predecessor-version":[{"id":242711,"href":"https:\/\/jundiai.sp.gov.br\/noticias\/wp-json\/wp\/v2\/posts\/242709\/revisions\/242711"}],"wp:featuredmedia":[{"embeddable":true,"href":"https:\/\/jundiai.sp.gov.br\/noticias\/wp-json\/wp\/v2\/media\/242710"}],"wp:attachment":[{"href":"https:\/\/jundiai.sp.gov.br\/noticias\/wp-json\/wp\/v2\/media?parent=242709"}],"wp:term":[{"taxonomy":"category","embeddable":true,"href":"https:\/\/jundiai.sp.gov.br\/noticias\/wp-json\/wp\/v2\/categories?post=242709"},{"taxonomy":"post_tag","embeddable":true,"href":"https:\/\/jundiai.sp.gov.br\/noticias\/wp-json\/wp\/v2\/tags?post=242709"},{"taxonomy":"ods","embeddable":true,"href":"https:\/\/jundiai.sp.gov.br\/noticias\/wp-json\/wp\/v2\/ods?post=242709"}],"curies":[{"name":"wp","href":"https:\/\/api.w.org\/{rel}","templated":true}]}}