{"id":242912,"date":"2020-01-14T17:39:03","date_gmt":"2020-01-14T19:39:03","guid":{"rendered":"https:\/\/jundiai.sp.gov.br\/noticias\/?p=242912"},"modified":"2020-01-14T19:34:36","modified_gmt":"2020-01-14T21:34:36","slug":"novo-horizonte-tera-sala-de-educacao-para-jovens-e-adultos","status":"publish","type":"post","link":"https:\/\/jundiai.sp.gov.br\/noticias\/2020\/01\/14\/novo-horizonte-tera-sala-de-educacao-para-jovens-e-adultos\/","title":{"rendered":"Novo Horizonte ter\u00e1 sala de Educa\u00e7\u00e3o para Jovens e Adultos"},"content":{"rendered":"<p>A Prefeitura de Jundia\u00ed inicia o ano e 2020 com a abertura de sala para Educa\u00e7\u00e3o de Jovens e Adultos de Ensino M\u00e9dio descentralizada para o atendimento da popula\u00e7\u00e3o da regi\u00e3o Oeste. As inscri\u00e7\u00f5es poder\u00e3o ser feitas a partir de quarta-feira (15), na secretaria do Complexo Argos ou pelo <a href=\"https:\/\/web.cijun.sp.gov.br\/PMJ\/JA\/Login.aspx\">site do Munic\u00edpio<\/a>. Al\u00e9m do atendimento no Novo Horizonte, as aulas para pessoas com mais de 18 anos para o ensino fundamental e m\u00e9dio, tamb\u00e9m s\u00e3o oferecidas no Complexo Argos, com 300 vagas dispon\u00edveis.<\/p>\n<p>As 35 vagas descentralizadas ser\u00e3o atendidas no espa\u00e7o da Escola Municipal de Educa\u00e7\u00e3o B\u00e1sica (Emeb) Ivo de Bona. &#8220;Essa \u00e9 a primeira sala descentralizada de ensino m\u00e9dio da Unidade de Gest\u00e3o de Educa\u00e7\u00e3o. Antes, as aulas eram oferecidas somente no Centro Municipal de Educa\u00e7\u00e3o de Jovens e Adultos (CMEJA), para ensino fundamental e m\u00e9dio, localizado no Complexo Argos, para 2,7 mil alunos&#8221;, explica a diretora de Educa\u00e7\u00e3o de Jovens e Adultos, Carolina Copelli Tamassia Ricci. As aulas ser\u00e3o semipresenciais, \u00e0s segundas e \u00e0s quartas-feiras, das 19h30 \u00e0s 22h30, e ter\u00e3o in\u00edcio em fevereiro.<\/p>\n<div id=\"attachment_242933\" style=\"width: 1034px\" class=\"wp-caption aligncenter\"><img loading=\"lazy\" decoding=\"async\" aria-describedby=\"caption-attachment-242933\" class=\"size-large wp-image-242933\" src=\"https:\/\/jundiai.sp.gov.br\/noticias\/wp-content\/uploads\/sites\/32\/2020\/01\/cmeja-3-1280x780.jpg\" alt=\"\" width=\"1024\" height=\"624\" srcset=\"https:\/\/jundiai.sp.gov.br\/noticias\/wp-content\/uploads\/sites\/32\/2020\/01\/cmeja-3-1280x780.jpg 1280w, https:\/\/jundiai.sp.gov.br\/noticias\/wp-content\/uploads\/sites\/32\/2020\/01\/cmeja-3-300x183.jpg 300w, https:\/\/jundiai.sp.gov.br\/noticias\/wp-content\/uploads\/sites\/32\/2020\/01\/cmeja-3-768x468.jpg 768w, https:\/\/jundiai.sp.gov.br\/noticias\/wp-content\/uploads\/sites\/32\/2020\/01\/cmeja-3.jpg 1323w\" sizes=\"auto, (max-width: 1024px) 100vw, 1024px\" \/><p id=\"caption-attachment-242933\" class=\"wp-caption-text\">Educa\u00e7\u00e3o de jovens e adultos tem inscri\u00e7\u00f5es abertas para aulas no Complexo Argos e no Novo Horizonte<\/p><\/div>\n<p>Para se inscrever, os interessados devem comparecer \u00e0 secretaria do CMEJA (Rua Jos\u00e9 do Patroc\u00ednio, 200 &#8211; Vila Argos), no Complexo Argos, a partir de quarta-feira (15), das 8h \u00e0s 18h, com a apresenta\u00e7\u00e3o de documento com foto, comprovante de resid\u00eancia e hist\u00f3rico escolar, ou realizar a inscri\u00e7\u00e3o pelo site da Prefeitura de Jundia\u00ed, no link Servi\u00e7os.<\/p>\n<p><strong>Mais vagas<\/strong><br \/>\nJ\u00e1 os interessados em cursar as aulas no espa\u00e7o do Complexo Argos, as inscri\u00e7\u00f5es ser\u00e3o feitas da mesma forma. Na sede s\u00e3o oferecidas turmas do ensino fundamental ao m\u00e9dio, nos per\u00edodos de manh\u00e3, tarde e noite. S\u00e3o cerca de 100 vagas para cada grupo.<br \/>\n<strong><br \/>\nAssessoria de Imprensa<br \/>\nFotos: Fot\u00f3grafos PMJ<\/strong><\/p>\n","protected":false},"excerpt":{"rendered":"<p>A Prefeitura de Jundia\u00ed inicia o ano e 2020 com a abertura de sala para Educa\u00e7\u00e3o de Jovens e Adultos de Ensino M\u00e9dio descentralizada para o atendimento da popula\u00e7\u00e3o da regi\u00e3o Oeste. As inscri\u00e7\u00f5es poder\u00e3o ser feitas a partir de quarta-feira (15), na secretaria do Complexo Argos ou pelo site do Munic\u00edpio. Al\u00e9m do atendimento [&hellip;]<\/p>\n","protected":false},"author":39,"featured_media":242934,"comment_status":"closed","ping_status":"closed","sticky":false,"template":"","format":"standard","meta":{"footnotes":""},"categories":[2],"tags":[304,6],"ods":[],"class_list":["post-242912","post","type-post","status-publish","format-standard","has-post-thumbnail","hentry","category-noticias","tag-centro-municipal-de-educacao-de-jovens-e-adultos-cmeja","tag-educacao"],"_links":{"self":[{"href":"https:\/\/jundiai.sp.gov.br\/noticias\/wp-json\/wp\/v2\/posts\/242912","targetHints":{"allow":["GET"]}}],"collection":[{"href":"https:\/\/jundiai.sp.gov.br\/noticias\/wp-json\/wp\/v2\/posts"}],"about":[{"href":"https:\/\/jundiai.sp.gov.br\/noticias\/wp-json\/wp\/v2\/types\/post"}],"author":[{"embeddable":true,"href":"https:\/\/jundiai.sp.gov.br\/noticias\/wp-json\/wp\/v2\/users\/39"}],"replies":[{"embeddable":true,"href":"https:\/\/jundiai.sp.gov.br\/noticias\/wp-json\/wp\/v2\/comments?post=242912"}],"version-history":[{"count":16,"href":"https:\/\/jundiai.sp.gov.br\/noticias\/wp-json\/wp\/v2\/posts\/242912\/revisions"}],"predecessor-version":[{"id":242951,"href":"https:\/\/jundiai.sp.gov.br\/noticias\/wp-json\/wp\/v2\/posts\/242912\/revisions\/242951"}],"wp:featuredmedia":[{"embeddable":true,"href":"https:\/\/jundiai.sp.gov.br\/noticias\/wp-json\/wp\/v2\/media\/242934"}],"wp:attachment":[{"href":"https:\/\/jundiai.sp.gov.br\/noticias\/wp-json\/wp\/v2\/media?parent=242912"}],"wp:term":[{"taxonomy":"category","embeddable":true,"href":"https:\/\/jundiai.sp.gov.br\/noticias\/wp-json\/wp\/v2\/categories?post=242912"},{"taxonomy":"post_tag","embeddable":true,"href":"https:\/\/jundiai.sp.gov.br\/noticias\/wp-json\/wp\/v2\/tags?post=242912"},{"taxonomy":"ods","embeddable":true,"href":"https:\/\/jundiai.sp.gov.br\/noticias\/wp-json\/wp\/v2\/ods?post=242912"}],"curies":[{"name":"wp","href":"https:\/\/api.w.org\/{rel}","templated":true}]}}