{"id":242975,"date":"2020-01-15T13:24:20","date_gmt":"2020-01-15T15:24:20","guid":{"rendered":"https:\/\/jundiai.sp.gov.br\/noticias\/?p=242975"},"modified":"2020-01-15T13:24:20","modified_gmt":"2020-01-15T15:24:20","slug":"avenida-do-ivoturucaia-sera-interditada-neste-sabado-18","status":"publish","type":"post","link":"https:\/\/jundiai.sp.gov.br\/noticias\/2020\/01\/15\/avenida-do-ivoturucaia-sera-interditada-neste-sabado-18\/","title":{"rendered":"Avenida do Ivoturucaia ser\u00e1 interditada neste s\u00e1bado (18)"},"content":{"rendered":"<div id=\"attachment_242981\" style=\"width: 1186px\" class=\"wp-caption aligncenter\"><img loading=\"lazy\" decoding=\"async\" aria-describedby=\"caption-attachment-242981\" class=\"size-full wp-image-242981\" src=\"https:\/\/jundiai.sp.gov.br\/noticias\/wp-content\/uploads\/sites\/32\/2020\/01\/interdicao_rua.jpg\" alt=\"Neste s\u00e1bado (18), Av. Ema Gossner ser\u00e1 interditada das 8h \u00e0s 15h \" width=\"1176\" height=\"806\" srcset=\"https:\/\/jundiai.sp.gov.br\/noticias\/wp-content\/uploads\/sites\/32\/2020\/01\/interdicao_rua.jpg 1176w, https:\/\/jundiai.sp.gov.br\/noticias\/wp-content\/uploads\/sites\/32\/2020\/01\/interdicao_rua-300x206.jpg 300w, https:\/\/jundiai.sp.gov.br\/noticias\/wp-content\/uploads\/sites\/32\/2020\/01\/interdicao_rua-768x526.jpg 768w\" sizes=\"auto, (max-width: 1176px) 100vw, 1176px\" \/><p id=\"caption-attachment-242981\" class=\"wp-caption-text\">Neste s\u00e1bado (18), Av. Ema Gossner ser\u00e1 interditada das 8h \u00e0s 15h<\/p><\/div>\n<p>A Unidade de Gest\u00e3o de Mobilidade e Transporte (UGMT) de Jundia\u00ed vai interditar neste s\u00e1bado, das 8h \u00e0s 15h, a Av. Ema Gossner, no trecho final pr\u00f3ximo \u00e0 Av. Dr. Walter Gossner, no bairro Ivoturucaia. O motivo \u00e9 a realiza\u00e7\u00e3o de um evento social.<\/p>\n<p>J\u00e1 no dia 26 de janeiro, um domingo, haver\u00e1 interdi\u00e7\u00e3o da Rua Nicola Sacramoni, no trecho entre as ruas Jata\u00ed e Igua\u00e7u, na Vila Comercial das 8h \u00e0s 15h, tamb\u00e9m por conta de um evento social.<\/p>\n<p><strong>Assessoria de Imprensa<\/strong><br \/>\n<strong>Foto: Fot\u00f3grafos PMJ<\/strong><\/p>\n","protected":false},"excerpt":{"rendered":"<p>A Unidade de Gest\u00e3o de Mobilidade e Transporte (UGMT) de Jundia\u00ed vai interditar neste s\u00e1bado, das 8h \u00e0s 15h, a Av. Ema Gossner, no trecho final pr\u00f3ximo \u00e0 Av. Dr. Walter Gossner, no bairro Ivoturucaia. O motivo \u00e9 a realiza\u00e7\u00e3o de um evento social. J\u00e1 no dia 26 de janeiro, um domingo, haver\u00e1 interdi\u00e7\u00e3o da [&hellip;]<\/p>\n","protected":false},"author":54,"featured_media":242981,"comment_status":"closed","ping_status":"closed","sticky":false,"template":"","format":"standard","meta":{"footnotes":""},"categories":[2],"tags":[982,1121],"ods":[],"class_list":["post-242975","post","type-post","status-publish","format-standard","has-post-thumbnail","hentry","category-noticias","tag-mobilidade-e-transporte","tag-mobilidade-total"],"_links":{"self":[{"href":"https:\/\/jundiai.sp.gov.br\/noticias\/wp-json\/wp\/v2\/posts\/242975","targetHints":{"allow":["GET"]}}],"collection":[{"href":"https:\/\/jundiai.sp.gov.br\/noticias\/wp-json\/wp\/v2\/posts"}],"about":[{"href":"https:\/\/jundiai.sp.gov.br\/noticias\/wp-json\/wp\/v2\/types\/post"}],"author":[{"embeddable":true,"href":"https:\/\/jundiai.sp.gov.br\/noticias\/wp-json\/wp\/v2\/users\/54"}],"replies":[{"embeddable":true,"href":"https:\/\/jundiai.sp.gov.br\/noticias\/wp-json\/wp\/v2\/comments?post=242975"}],"version-history":[{"count":3,"href":"https:\/\/jundiai.sp.gov.br\/noticias\/wp-json\/wp\/v2\/posts\/242975\/revisions"}],"predecessor-version":[{"id":242983,"href":"https:\/\/jundiai.sp.gov.br\/noticias\/wp-json\/wp\/v2\/posts\/242975\/revisions\/242983"}],"wp:featuredmedia":[{"embeddable":true,"href":"https:\/\/jundiai.sp.gov.br\/noticias\/wp-json\/wp\/v2\/media\/242981"}],"wp:attachment":[{"href":"https:\/\/jundiai.sp.gov.br\/noticias\/wp-json\/wp\/v2\/media?parent=242975"}],"wp:term":[{"taxonomy":"category","embeddable":true,"href":"https:\/\/jundiai.sp.gov.br\/noticias\/wp-json\/wp\/v2\/categories?post=242975"},{"taxonomy":"post_tag","embeddable":true,"href":"https:\/\/jundiai.sp.gov.br\/noticias\/wp-json\/wp\/v2\/tags?post=242975"},{"taxonomy":"ods","embeddable":true,"href":"https:\/\/jundiai.sp.gov.br\/noticias\/wp-json\/wp\/v2\/ods?post=242975"}],"curies":[{"name":"wp","href":"https:\/\/api.w.org\/{rel}","templated":true}]}}