{"id":243109,"date":"2020-01-20T13:37:01","date_gmt":"2020-01-20T15:37:01","guid":{"rendered":"https:\/\/jundiai.sp.gov.br\/noticias\/?p=243109"},"modified":"2020-01-20T13:37:01","modified_gmt":"2020-01-20T15:37:01","slug":"clinica-da-familia-esta-na-37a-festa-da-uva","status":"publish","type":"post","link":"https:\/\/jundiai.sp.gov.br\/noticias\/2020\/01\/20\/clinica-da-familia-esta-na-37a-festa-da-uva\/","title":{"rendered":"Cl\u00ednica da Fam\u00edlia est\u00e1 na 37\u00aa Festa da Uva"},"content":{"rendered":"<p>Divulgar o conceito inovador e resolutivo &#8211; vencedor do Pr\u00eamio Inovacidade do Smart City Business Brazilian Congress de 2019 &#8211; \u00e9 o objetivo do estande da Cl\u00ednica da Fam\u00edlia, montado na 37\u00aa Festa da Uva &#8211; 8\u00aa Expo Vinhos, que est\u00e1 sendo realizada no Parque Comendador Antonio Carbonari &#8211; Parque da Uva &#8211; at\u00e9 o dia 2 de fevereiro.<\/p>\n<p>O sistema implementado em dezembro de 2018, no Novo Horizonte, ser\u00e1 ampliado, proporcionando resolutividade superior a 80% dos atendimentos, com a vantagem de estar pr\u00f3ximo da resid\u00eancia do usu\u00e1rio.<\/p>\n<p>O mesmo sistema premiado ser\u00e1 incorporado aos bairros Vila Hortol\u00e2ndia e Ponte S\u00e3o Jo\u00e3o. &#8220;A Sa\u00fade \u00e9 prioridade do governo e tem recebido investimentos para a melhoria da qualidade, resolutividade e humaniza\u00e7\u00e3o como foco na excel\u00eancia do servi\u00e7o \u00e0 popula\u00e7\u00e3o&#8221;, explica o prefeito Luiz Fernando Machado.<\/p>\n<p>De acordo com o gestor da Unidade de Gest\u00e3o de Promo\u00e7\u00e3o da Sa\u00fade (UGPS), Tiago Texera, agentes comunit\u00e1rios de sa\u00fade que atuam na Cl\u00ednica da Fam\u00edlia Novo Horizonte estar\u00e3o no estande explicando o modelo de atendimento. &#8220;Pela popula\u00e7\u00e3o do bairro, estimada em 40 mil pessoas, existem 8 equipes de Estrat\u00e9gia de Sa\u00fade da Fam\u00edlia. Cada uma cuida de uma determinada popula\u00e7\u00e3o, ou seja, os profissionais conhecer\u00e3o a hist\u00f3ria de toda a fam\u00edlia, suas necessidades, doen\u00e7as pr\u00e9-existentes e seus h\u00e1bitos. Dessa forma se cria o v\u00ednculo entre o profissional e o usu\u00e1rio,\u00a0 que proporciona melhor ades\u00e3o ao tratamento. A atua\u00e7\u00e3o do agente \u00e9 fundamental j\u00e1 que \u00e9 pela atua\u00e7\u00e3o desses profissionais que s\u00e3o identificadas demandas espec\u00edficas de uma \u00e1rea e realizadas a\u00e7\u00f5es de preven\u00e7\u00e3o e promo\u00e7\u00e3o em sa\u00fade&#8221;, analisa.<\/p>\n<div id=\"attachment_243230\" style=\"width: 1034px\" class=\"wp-caption aligncenter\"><img loading=\"lazy\" decoding=\"async\" aria-describedby=\"caption-attachment-243230\" class=\"size-large wp-image-243230\" src=\"https:\/\/jundiai.sp.gov.br\/noticias\/wp-content\/uploads\/sites\/32\/2020\/01\/clinica_familia_uva-1212x960.jpg\" alt=\"\" width=\"1024\" height=\"811\" srcset=\"https:\/\/jundiai.sp.gov.br\/noticias\/wp-content\/uploads\/sites\/32\/2020\/01\/clinica_familia_uva-1212x960.jpg 1212w, https:\/\/jundiai.sp.gov.br\/noticias\/wp-content\/uploads\/sites\/32\/2020\/01\/clinica_familia_uva-300x238.jpg 300w, https:\/\/jundiai.sp.gov.br\/noticias\/wp-content\/uploads\/sites\/32\/2020\/01\/clinica_familia_uva-768x608.jpg 768w, https:\/\/jundiai.sp.gov.br\/noticias\/wp-content\/uploads\/sites\/32\/2020\/01\/clinica_familia_uva.jpg 1323w\" sizes=\"auto, (max-width: 1024px) 100vw, 1024px\" \/><p id=\"caption-attachment-243230\" class=\"wp-caption-text\">O modelo de atendimento Cl\u00ednica da Fam\u00edlia conta com estande montado na Festa da Uva de Jundia\u00ed, para apresentar o funcionamento do sistema resolutivo para a popula\u00e7\u00e3o<\/p><\/div>\n<p>Ao longo dos \u00faltimos tr\u00eas anos, a Prefeitura de Jundia\u00ed conseguiu equacionar d\u00edvidas do setor de sa\u00fade, investir na Aten\u00e7\u00e3o B\u00e1sica, com as Novas UBSs e Cl\u00ednica da Fam\u00edlia, al\u00e9m do atendimento de urg\u00eancia e emerg\u00eancia e alta complexidade, com o Hospital S\u00e3o Vicente, adquirir novos equipamentos, ampliar o n\u00famero de leitos da cidade, reduzir a taxa de mortalidade infantil para o menor \u00edndice hist\u00f3rico (7,23) e garantir o atendimento oncol\u00f3gico integral em at\u00e9 60 dias, conforme preconiza\u00e7\u00e3o do Minist\u00e9rio da Sa\u00fade (MS).<\/p>\n<p>Fotos do primeiro final de semana da 37\u00aa Festa da Uva est\u00e3o dispon\u00edveis no <a href=\"https:\/\/www.flickr.com\/photos\/prefeituradejundiai\/albums\/72157712704605463\/with\/49410574778\/\">Flickr da Prefeitura de Jundia\u00ed<\/a>.<\/p>\n<p>Assessoria de Imprensa<br \/>\nFotos&gt; Fot\u00f3grafos PMJ<\/p>\n","protected":false},"excerpt":{"rendered":"<p>Divulgar o conceito inovador e resolutivo &#8211; vencedor do Pr\u00eamio Inovacidade do Smart City Business Brazilian Congress de 2019 &#8211; \u00e9 o objetivo do estande da Cl\u00ednica da Fam\u00edlia, montado na 37\u00aa Festa da Uva &#8211; 8\u00aa Expo Vinhos, que est\u00e1 sendo realizada no Parque Comendador Antonio Carbonari &#8211; Parque da Uva &#8211; at\u00e9 o [&hellip;]<\/p>\n","protected":false},"author":39,"featured_media":243230,"comment_status":"closed","ping_status":"closed","sticky":false,"template":"","format":"standard","meta":{"footnotes":""},"categories":[2],"tags":[1174,1131],"ods":[],"class_list":["post-243109","post","type-post","status-publish","format-standard","has-post-thumbnail","hentry","category-noticias","tag-37a-festa-da-uva-e-8a-expo-vinhos","tag-clinica-da-familia"],"_links":{"self":[{"href":"https:\/\/jundiai.sp.gov.br\/noticias\/wp-json\/wp\/v2\/posts\/243109","targetHints":{"allow":["GET"]}}],"collection":[{"href":"https:\/\/jundiai.sp.gov.br\/noticias\/wp-json\/wp\/v2\/posts"}],"about":[{"href":"https:\/\/jundiai.sp.gov.br\/noticias\/wp-json\/wp\/v2\/types\/post"}],"author":[{"embeddable":true,"href":"https:\/\/jundiai.sp.gov.br\/noticias\/wp-json\/wp\/v2\/users\/39"}],"replies":[{"embeddable":true,"href":"https:\/\/jundiai.sp.gov.br\/noticias\/wp-json\/wp\/v2\/comments?post=243109"}],"version-history":[{"count":15,"href":"https:\/\/jundiai.sp.gov.br\/noticias\/wp-json\/wp\/v2\/posts\/243109\/revisions"}],"predecessor-version":[{"id":243242,"href":"https:\/\/jundiai.sp.gov.br\/noticias\/wp-json\/wp\/v2\/posts\/243109\/revisions\/243242"}],"wp:featuredmedia":[{"embeddable":true,"href":"https:\/\/jundiai.sp.gov.br\/noticias\/wp-json\/wp\/v2\/media\/243230"}],"wp:attachment":[{"href":"https:\/\/jundiai.sp.gov.br\/noticias\/wp-json\/wp\/v2\/media?parent=243109"}],"wp:term":[{"taxonomy":"category","embeddable":true,"href":"https:\/\/jundiai.sp.gov.br\/noticias\/wp-json\/wp\/v2\/categories?post=243109"},{"taxonomy":"post_tag","embeddable":true,"href":"https:\/\/jundiai.sp.gov.br\/noticias\/wp-json\/wp\/v2\/tags?post=243109"},{"taxonomy":"ods","embeddable":true,"href":"https:\/\/jundiai.sp.gov.br\/noticias\/wp-json\/wp\/v2\/ods?post=243109"}],"curies":[{"name":"wp","href":"https:\/\/api.w.org\/{rel}","templated":true}]}}