{"id":243167,"date":"2020-01-20T08:56:52","date_gmt":"2020-01-20T10:56:52","guid":{"rendered":"https:\/\/jundiai.sp.gov.br\/noticias\/?p=243167"},"modified":"2020-01-20T08:57:42","modified_gmt":"2020-01-20T10:57:42","slug":"comeca-nesta-terca-21-o-mutirao-do-procon-para-negociacao-de-dividas","status":"publish","type":"post","link":"https:\/\/jundiai.sp.gov.br\/noticias\/2020\/01\/20\/comeca-nesta-terca-21-o-mutirao-do-procon-para-negociacao-de-dividas\/","title":{"rendered":"Come\u00e7a nesta ter\u00e7a (21) o mutir\u00e3o do Procon para negocia\u00e7\u00e3o de d\u00edvidas"},"content":{"rendered":"<p>O Procon Jundia\u00ed promove, a partir desta ter\u00e7a (21), um mutir\u00e3o para quem quer come\u00e7ar 2020 com as contas no azul: \u00e9 o 1\u00ba Mutir\u00e3o de Renegocia\u00e7\u00e3o de D\u00edvidas, que ser\u00e1 realizado no Complexo Fepasa. O objetivo \u00e9 ajudar os consumidores a negociar suas d\u00edvidas com fornecedores, resgatar o cr\u00e9dito e incentivar a educa\u00e7\u00e3o financeira.<\/p>\n<p>J\u00e1 confirmaram presen\u00e7a no evento entidades como a C\u00e2mara de Dirigentes Lojistas (CDL), que ter\u00e1 \u00e0 disposi\u00e7\u00e3o os servi\u00e7os do Serasa e SPC, Banco do Povo, Claro, DAE, CPFL e bancos Bradesco, Ita\u00fa e CEF. Outras empresas que tenham interesse em participar podem se credenciar diretamente com o Procon.<\/p>\n<div id=\"attachment_243221\" style=\"width: 1034px\" class=\"wp-caption aligncenter\"><img loading=\"lazy\" decoding=\"async\" aria-describedby=\"caption-attachment-243221\" class=\"size-large wp-image-243221\" src=\"https:\/\/jundiai.sp.gov.br\/noticias\/wp-content\/uploads\/sites\/32\/2020\/01\/procon_movel-39-1280x853.jpg\" alt=\"\" width=\"1024\" height=\"682\" srcset=\"https:\/\/jundiai.sp.gov.br\/noticias\/wp-content\/uploads\/sites\/32\/2020\/01\/procon_movel-39-1280x853.jpg 1280w, https:\/\/jundiai.sp.gov.br\/noticias\/wp-content\/uploads\/sites\/32\/2020\/01\/procon_movel-39-300x200.jpg 300w, https:\/\/jundiai.sp.gov.br\/noticias\/wp-content\/uploads\/sites\/32\/2020\/01\/procon_movel-39-768x512.jpg 768w, https:\/\/jundiai.sp.gov.br\/noticias\/wp-content\/uploads\/sites\/32\/2020\/01\/procon_movel-39-450x300.jpg 450w\" sizes=\"auto, (max-width: 1024px) 100vw, 1024px\" \/><p id=\"caption-attachment-243221\" class=\"wp-caption-text\">Tamb\u00e9m estar\u00e1 no mutir\u00e3o o Procon M\u00f3vel, para atendimento exclusivo de consumidores e registro de reclama\u00e7\u00f5es dentro do sistema Consumidor.gov<\/p><\/div>\n<p>Segundo o chefe do Procon Jundia\u00ed, Adilton Garcia, os consumidores que procuram ajuda na negocia\u00e7\u00e3o t\u00eam, em sua maioria, d\u00edvidas com bancos e empresas de telefonia, mas tamb\u00e9m s\u00e3o comuns problemas com cart\u00f5es de cr\u00e9dito e limite de cheque especial. \u201cPor esse motivo, al\u00e9m da orienta\u00e7\u00e3o para que o consumidor possa negociar sua d\u00edvida de forma mais vantajosa, tamb\u00e9m far\u00e1 parte do mutir\u00e3o a orienta\u00e7\u00e3o financeira, evitando assim novo endividamento\u201d, explica.<\/p>\n<p>Tamb\u00e9m estar\u00e1 no mutir\u00e3o o Procon M\u00f3vel, para atendimento exclusivo de consumidores dentro do sistema Consumidor.gov, que \u00e9 a ferramenta eletr\u00f4nica para registro de reclama\u00e7\u00f5es.<\/p>\n<p>O mutir\u00e3o ser\u00e1 realizado nos dias 21, 22 e 23 de janeiro &#8211; ter\u00e7a, quarta e quinta \u2013 das 9h \u00e0s 16h, na Sala Jundia\u00ed do Complexo Fepasa, que fica na Avenida dos Ferrovi\u00e1rios, 1760.\u00a0 O interessado dever\u00e1 comparecer com documentos pessoais e outros relacionados \u00e0 demanda.<\/p>\n<p><strong>Assessoria de Imprensa<br \/>\nFotos: Fot\u00f3grafos PMJ<\/strong><\/p>\n","protected":false},"excerpt":{"rendered":"<p>O Procon Jundia\u00ed promove, a partir desta ter\u00e7a (21), um mutir\u00e3o para quem quer come\u00e7ar 2020 com as contas no azul: \u00e9 o 1\u00ba Mutir\u00e3o de Renegocia\u00e7\u00e3o de D\u00edvidas, que ser\u00e1 realizado no Complexo Fepasa. O objetivo \u00e9 ajudar os consumidores a negociar suas d\u00edvidas com fornecedores, resgatar o cr\u00e9dito e incentivar a educa\u00e7\u00e3o financeira. [&hellip;]<\/p>\n","protected":false},"author":45,"featured_media":0,"comment_status":"closed","ping_status":"closed","sticky":false,"template":"","format":"standard","meta":{"footnotes":""},"categories":[2],"tags":[33],"ods":[],"class_list":["post-243167","post","type-post","status-publish","format-standard","hentry","category-noticias","tag-procon"],"_links":{"self":[{"href":"https:\/\/jundiai.sp.gov.br\/noticias\/wp-json\/wp\/v2\/posts\/243167","targetHints":{"allow":["GET"]}}],"collection":[{"href":"https:\/\/jundiai.sp.gov.br\/noticias\/wp-json\/wp\/v2\/posts"}],"about":[{"href":"https:\/\/jundiai.sp.gov.br\/noticias\/wp-json\/wp\/v2\/types\/post"}],"author":[{"embeddable":true,"href":"https:\/\/jundiai.sp.gov.br\/noticias\/wp-json\/wp\/v2\/users\/45"}],"replies":[{"embeddable":true,"href":"https:\/\/jundiai.sp.gov.br\/noticias\/wp-json\/wp\/v2\/comments?post=243167"}],"version-history":[{"count":3,"href":"https:\/\/jundiai.sp.gov.br\/noticias\/wp-json\/wp\/v2\/posts\/243167\/revisions"}],"predecessor-version":[{"id":243223,"href":"https:\/\/jundiai.sp.gov.br\/noticias\/wp-json\/wp\/v2\/posts\/243167\/revisions\/243223"}],"wp:attachment":[{"href":"https:\/\/jundiai.sp.gov.br\/noticias\/wp-json\/wp\/v2\/media?parent=243167"}],"wp:term":[{"taxonomy":"category","embeddable":true,"href":"https:\/\/jundiai.sp.gov.br\/noticias\/wp-json\/wp\/v2\/categories?post=243167"},{"taxonomy":"post_tag","embeddable":true,"href":"https:\/\/jundiai.sp.gov.br\/noticias\/wp-json\/wp\/v2\/tags?post=243167"},{"taxonomy":"ods","embeddable":true,"href":"https:\/\/jundiai.sp.gov.br\/noticias\/wp-json\/wp\/v2\/ods?post=243167"}],"curies":[{"name":"wp","href":"https:\/\/api.w.org\/{rel}","templated":true}]}}