{"id":243389,"date":"2020-01-22T11:34:23","date_gmt":"2020-01-22T13:34:23","guid":{"rendered":"https:\/\/jundiai.sp.gov.br\/noticias\/?p=243389"},"modified":"2020-01-22T11:34:23","modified_gmt":"2020-01-22T13:34:23","slug":"manutencao-na-rede-eletrica-afeta-abastecimento-na-malota","status":"publish","type":"post","link":"https:\/\/jundiai.sp.gov.br\/noticias\/2020\/01\/22\/manutencao-na-rede-eletrica-afeta-abastecimento-na-malota\/","title":{"rendered":"Manuten\u00e7\u00e3o na rede el\u00e9trica afeta abastecimento na Malota"},"content":{"rendered":"<div class=\"gmail_default\"><span style=\"color: #000000; font-family: tahoma, sans-serif;\">A DAE Jundia\u00ed informa que, em fun\u00e7\u00e3o de uma manuten\u00e7\u00e3o na rede el\u00e9trica, o abastecimento poder\u00e1 ser afetado em regi\u00f5es da Malota nos dias 25 e 31, das 10 \u00e0s 19 horas. No s\u00e1bado (25), a parte baixa do bairro ser\u00e1 atingida, j\u00e1 na sexta-feira (31) o fornecimento de \u00e1gua ser\u00e1 paralisado na parte alta.\u00a0\u00a0<br clear=\"all\" \/><\/span><\/div>\n<div class=\"gmail_default\"><span style=\"color: #000000; font-family: tahoma, sans-serif;\">\u00a0<\/span><\/div>\n<div class=\"gmail_default\">\n<div dir=\"ltr\">\n<div class=\"gmail_default\">\n<div><span style=\"color: #000000; font-family: tahoma, sans-serif;\">Segundo recomenda\u00e7\u00f5es da Associa\u00e7\u00e3o Brasileira de Normas T\u00e9cnicas, \u00e9 importante que toda constru\u00e7\u00e3o mantenha uma reserva m\u00ednima de 250 litros de \u00e1gua por morador, por dia, para evitar transtornos no abastecimento durante interrup\u00e7\u00f5es no fornecimento.<\/p>\n<p>Em caso de d\u00favida, os mun\u00edcipes podem entrar em contato com a DAE pela Central de Relacionamento, pelo telefone 0800 133 155. A liga\u00e7\u00e3o \u00e9 gratuita e o atendimento 24 horas.<\/span><\/div>\n<\/div>\n<\/div>\n<\/div>\n<div><\/div>\n<div><strong>Assessoria de Comunica\u00e7\u00e3o &#8211; DAE Jundia\u00ed\u00a0<\/strong><\/div>\n","protected":false},"excerpt":{"rendered":"<p>A DAE Jundia\u00ed informa que, em fun\u00e7\u00e3o de uma manuten\u00e7\u00e3o na rede el\u00e9trica, o abastecimento poder\u00e1 ser afetado em regi\u00f5es da Malota nos dias 25 e 31, das 10 \u00e0s 19 horas. No s\u00e1bado (25), a parte baixa do bairro ser\u00e1 atingida, j\u00e1 na sexta-feira (31) o fornecimento de \u00e1gua ser\u00e1 paralisado na parte alta.\u00a0\u00a0 [&hellip;]<\/p>\n","protected":false},"author":52,"featured_media":243390,"comment_status":"closed","ping_status":"closed","sticky":false,"template":"","format":"standard","meta":{"footnotes":""},"categories":[2],"tags":[66],"ods":[],"class_list":["post-243389","post","type-post","status-publish","format-standard","has-post-thumbnail","hentry","category-noticias","tag-dae"],"_links":{"self":[{"href":"https:\/\/jundiai.sp.gov.br\/noticias\/wp-json\/wp\/v2\/posts\/243389","targetHints":{"allow":["GET"]}}],"collection":[{"href":"https:\/\/jundiai.sp.gov.br\/noticias\/wp-json\/wp\/v2\/posts"}],"about":[{"href":"https:\/\/jundiai.sp.gov.br\/noticias\/wp-json\/wp\/v2\/types\/post"}],"author":[{"embeddable":true,"href":"https:\/\/jundiai.sp.gov.br\/noticias\/wp-json\/wp\/v2\/users\/52"}],"replies":[{"embeddable":true,"href":"https:\/\/jundiai.sp.gov.br\/noticias\/wp-json\/wp\/v2\/comments?post=243389"}],"version-history":[{"count":1,"href":"https:\/\/jundiai.sp.gov.br\/noticias\/wp-json\/wp\/v2\/posts\/243389\/revisions"}],"predecessor-version":[{"id":243392,"href":"https:\/\/jundiai.sp.gov.br\/noticias\/wp-json\/wp\/v2\/posts\/243389\/revisions\/243392"}],"wp:featuredmedia":[{"embeddable":true,"href":"https:\/\/jundiai.sp.gov.br\/noticias\/wp-json\/wp\/v2\/media\/243390"}],"wp:attachment":[{"href":"https:\/\/jundiai.sp.gov.br\/noticias\/wp-json\/wp\/v2\/media?parent=243389"}],"wp:term":[{"taxonomy":"category","embeddable":true,"href":"https:\/\/jundiai.sp.gov.br\/noticias\/wp-json\/wp\/v2\/categories?post=243389"},{"taxonomy":"post_tag","embeddable":true,"href":"https:\/\/jundiai.sp.gov.br\/noticias\/wp-json\/wp\/v2\/tags?post=243389"},{"taxonomy":"ods","embeddable":true,"href":"https:\/\/jundiai.sp.gov.br\/noticias\/wp-json\/wp\/v2\/ods?post=243389"}],"curies":[{"name":"wp","href":"https:\/\/api.w.org\/{rel}","templated":true}]}}