{"id":243767,"date":"2020-01-28T17:33:01","date_gmt":"2020-01-28T19:33:01","guid":{"rendered":"https:\/\/jundiai.sp.gov.br\/noticias\/?p=243767"},"modified":"2020-01-29T18:07:01","modified_gmt":"2020-01-29T20:07:01","slug":"governo-federal-decide-rescindir-contrato-do-financiamento-do-brt","status":"publish","type":"post","link":"https:\/\/jundiai.sp.gov.br\/noticias\/2020\/01\/28\/governo-federal-decide-rescindir-contrato-do-financiamento-do-brt\/","title":{"rendered":"Projeto do BRT \u00e9 encerrado pelo Governo Federal"},"content":{"rendered":"<p>O Minist\u00e9rio do Desenvolvimento Regional (antigo Minist\u00e9rio das Cidades) informou a Prefeitura de Jundia\u00ed que decidiu encerrar o projeto de financiamento para a implanta\u00e7\u00e3o, em Jundia\u00ed, do sistema de transporte de \u00f4nibus r\u00e1pido (em ingl\u00eas: Bus Rapid Transit, ou BRT).<\/p>\n<p>A comunica\u00e7\u00e3o do Governo Federal encerra um processo iniciado em 2012, com mudan\u00e7as no projeto entre 2013 e 2016, e tentativas da atual administra\u00e7\u00e3o municipal de manter a linha de financiamento, com readequa\u00e7\u00f5es \u00e0 proposta, convertendo-a ao formato original.<\/p>\n<p>&nbsp;<\/p>\n<div id=\"attachment_243771\" style=\"width: 1034px\" class=\"wp-caption aligncenter\"><img loading=\"lazy\" decoding=\"async\" aria-describedby=\"caption-attachment-243771\" class=\"size-large wp-image-243771\" src=\"https:\/\/jundiai.sp.gov.br\/noticias\/wp-content\/uploads\/sites\/32\/2020\/01\/brt-1280x853.jpg\" alt=\"Problemas na execu\u00e7\u00e3o do projeto levaram o Governo Federal a rescindir o acordo de financiamento do BRT de Jundia\u00ed\" width=\"1024\" height=\"682\" srcset=\"https:\/\/jundiai.sp.gov.br\/noticias\/wp-content\/uploads\/sites\/32\/2020\/01\/brt-1280x853.jpg 1280w, https:\/\/jundiai.sp.gov.br\/noticias\/wp-content\/uploads\/sites\/32\/2020\/01\/brt-300x200.jpg 300w, https:\/\/jundiai.sp.gov.br\/noticias\/wp-content\/uploads\/sites\/32\/2020\/01\/brt-768x512.jpg 768w, https:\/\/jundiai.sp.gov.br\/noticias\/wp-content\/uploads\/sites\/32\/2020\/01\/brt-450x300.jpg 450w\" sizes=\"auto, (max-width: 1024px) 100vw, 1024px\" \/><p id=\"caption-attachment-243771\" class=\"wp-caption-text\">Problemas na execu\u00e7\u00e3o do projeto levaram o Governo Federal a rescindir o acordo de financiamento do BRT de Jundia\u00ed<\/p><\/div>\n<p>&nbsp;<\/p>\n<p>O valor total da iniciativa para a instala\u00e7\u00e3o do BRT era de R$ 135 milh\u00f5es, sendo R$ 106,6 milh\u00f5es a serem financiados pela Caixa Econ\u00f4mica Federal (CEF) e R$ 28,5 de contrapartida da Prefeitura. Para setores do governo local, as altera\u00e7\u00f5es do projeto t\u00e9cnico durante a gest\u00e3o anterior est\u00e3o entre os motivos para o cancelamento da a\u00e7\u00e3o.<\/p>\n<p>A proposta inicial era de 22 Km, mas acabou sendo reduzida para 4,5 Km, entre outros ajustes, que relacionaram at\u00e9 altera\u00e7\u00e3o do lado das faixas de circula\u00e7\u00e3o, o que exigiria trocar tamb\u00e9m o lado das portas laterais dos \u00f4nibus. Al\u00e9m da rescis\u00e3o do financiamento, a prefeitura tamb\u00e9m fez a devolu\u00e7\u00e3o de R$ 1.6 milh\u00e3o de recursos federais utilizados em estudos t\u00e9cnicos realizados sobre o BRT.<\/p>\n<p><strong>Assessoria de Imprensa<\/strong><br \/>\n<strong>Foto: Divulga\u00e7\u00e3o PMJ<\/strong><\/p>\n","protected":false},"excerpt":{"rendered":"<p>O Minist\u00e9rio do Desenvolvimento Regional (antigo Minist\u00e9rio das Cidades) informou a Prefeitura de Jundia\u00ed que decidiu encerrar o projeto de financiamento para a implanta\u00e7\u00e3o, em Jundia\u00ed, do sistema de transporte de \u00f4nibus r\u00e1pido (em ingl\u00eas: Bus Rapid Transit, ou BRT). A comunica\u00e7\u00e3o do Governo Federal encerra um processo iniciado em 2012, com mudan\u00e7as no projeto [&hellip;]<\/p>\n","protected":false},"author":54,"featured_media":243771,"comment_status":"closed","ping_status":"closed","sticky":false,"template":"","format":"standard","meta":{"footnotes":""},"categories":[2],"tags":[982,1121],"ods":[],"class_list":["post-243767","post","type-post","status-publish","format-standard","has-post-thumbnail","hentry","category-noticias","tag-mobilidade-e-transporte","tag-mobilidade-total"],"_links":{"self":[{"href":"https:\/\/jundiai.sp.gov.br\/noticias\/wp-json\/wp\/v2\/posts\/243767","targetHints":{"allow":["GET"]}}],"collection":[{"href":"https:\/\/jundiai.sp.gov.br\/noticias\/wp-json\/wp\/v2\/posts"}],"about":[{"href":"https:\/\/jundiai.sp.gov.br\/noticias\/wp-json\/wp\/v2\/types\/post"}],"author":[{"embeddable":true,"href":"https:\/\/jundiai.sp.gov.br\/noticias\/wp-json\/wp\/v2\/users\/54"}],"replies":[{"embeddable":true,"href":"https:\/\/jundiai.sp.gov.br\/noticias\/wp-json\/wp\/v2\/comments?post=243767"}],"version-history":[{"count":6,"href":"https:\/\/jundiai.sp.gov.br\/noticias\/wp-json\/wp\/v2\/posts\/243767\/revisions"}],"predecessor-version":[{"id":243922,"href":"https:\/\/jundiai.sp.gov.br\/noticias\/wp-json\/wp\/v2\/posts\/243767\/revisions\/243922"}],"wp:featuredmedia":[{"embeddable":true,"href":"https:\/\/jundiai.sp.gov.br\/noticias\/wp-json\/wp\/v2\/media\/243771"}],"wp:attachment":[{"href":"https:\/\/jundiai.sp.gov.br\/noticias\/wp-json\/wp\/v2\/media?parent=243767"}],"wp:term":[{"taxonomy":"category","embeddable":true,"href":"https:\/\/jundiai.sp.gov.br\/noticias\/wp-json\/wp\/v2\/categories?post=243767"},{"taxonomy":"post_tag","embeddable":true,"href":"https:\/\/jundiai.sp.gov.br\/noticias\/wp-json\/wp\/v2\/tags?post=243767"},{"taxonomy":"ods","embeddable":true,"href":"https:\/\/jundiai.sp.gov.br\/noticias\/wp-json\/wp\/v2\/ods?post=243767"}],"curies":[{"name":"wp","href":"https:\/\/api.w.org\/{rel}","templated":true}]}}