{"id":243799,"date":"2020-01-28T17:05:44","date_gmt":"2020-01-28T19:05:44","guid":{"rendered":"https:\/\/jundiai.sp.gov.br\/noticias\/?p=243799"},"modified":"2020-01-28T17:06:53","modified_gmt":"2020-01-28T19:06:53","slug":"pais-de-alunos-e-condutores-de-van-aprovam-campanha-de-volta-as-aulas","status":"publish","type":"post","link":"https:\/\/jundiai.sp.gov.br\/noticias\/2020\/01\/28\/pais-de-alunos-e-condutores-de-van-aprovam-campanha-de-volta-as-aulas\/","title":{"rendered":"Pais de alunos e condutores de van aprovam campanha de tr\u00e2nsito para volta \u00e0s aulas"},"content":{"rendered":"<p>Os primeiros dias da a\u00e7\u00e3o da Prefeitura de Jundia\u00ed que visa conscientizar os motoristas da import\u00e2ncia do respeito \u00e0s leis de tr\u00e2nsito, focada na volta \u00e0s aulas, mostram uma \u00f3tima aceita\u00e7\u00e3o dos pais de alunos e condutores do transporte escolar. A campanha, iniciada nesta segunda-feira (27), foi criada pela Divis\u00e3o de Educa\u00e7\u00e3o de Tr\u00e2nsito da Unidade de Gest\u00e3o de Mobilidade e Transporte (UGMT) com o objetivo de reduzir o n\u00famero de acidentes e alertar para o cumprimento das leis de tr\u00e2nsito.<\/p>\n<p>Nesta ter\u00e7a (28), agentes de tr\u00e2nsito estiveram na Av. Dr. Sebasti\u00e3o Mendes da Silva, no Anhangaba\u00fa, onde fica o col\u00e9gio S\u00e3o Vicente de Paulo, momentos antes da sa\u00edda dos alunos do per\u00edodo da manh\u00e3. A mascote \u201cFaixolita\u201d acompanhou os agentes e atraiu a aten\u00e7\u00e3o das crian\u00e7as que sa\u00edam da escola. A garotada aproveitou para tirar fotos com a mascote.<\/p>\n<div id=\"attachment_243803\" style=\"width: 1034px\" class=\"wp-caption aligncenter\"><img loading=\"lazy\" decoding=\"async\" aria-describedby=\"caption-attachment-243803\" class=\"size-large wp-image-243803\" src=\"https:\/\/jundiai.sp.gov.br\/noticias\/wp-content\/uploads\/sites\/32\/2020\/01\/campanha_volta_as_aulas_ugaat-14-1280x845.jpg\" alt=\"Carolina e a filha ao lado da mascote &quot;Faixolita&quot; e do agente de tr\u00e2nsito Vagner\" width=\"1024\" height=\"676\" srcset=\"https:\/\/jundiai.sp.gov.br\/noticias\/wp-content\/uploads\/sites\/32\/2020\/01\/campanha_volta_as_aulas_ugaat-14-1280x845.jpg 1280w, https:\/\/jundiai.sp.gov.br\/noticias\/wp-content\/uploads\/sites\/32\/2020\/01\/campanha_volta_as_aulas_ugaat-14-300x198.jpg 300w, https:\/\/jundiai.sp.gov.br\/noticias\/wp-content\/uploads\/sites\/32\/2020\/01\/campanha_volta_as_aulas_ugaat-14-768x507.jpg 768w, https:\/\/jundiai.sp.gov.br\/noticias\/wp-content\/uploads\/sites\/32\/2020\/01\/campanha_volta_as_aulas_ugaat-14.jpg 1323w\" sizes=\"auto, (max-width: 1024px) 100vw, 1024px\" \/><p id=\"caption-attachment-243803\" class=\"wp-caption-text\">Carolina e a filha ao lado da mascote &#8220;Faixolita&#8221; e do agente de tr\u00e2nsito Vagner<\/p><\/div>\n<p>\u201cA prefeitura tem que seguir fazendo este tipo de campanha perto dos col\u00e9gios, que podem tamb\u00e9m propiciar aos pais mais vagas para que possamos estacionar e pegar nossos filhos\u201d, disse Carolina Delcol, m\u00e3e de uma menina que estuda no S\u00e3o Vicente de Paulo.<\/p>\n<p>\u201cEu j\u00e1 sofri um acidente causado por um condutor que usava o celular na hora da batida. Ainda bem que s\u00f3 tive dores nas costas por causa do impacto, mas vale refor\u00e7ar o problema s\u00e9rio que \u00e9 o motorista que dirige falando ao celular ou escrevendo em aplicativos de mensagem\u201d, emendou Carolina.<\/p>\n<p>Yamato Higuchi conduz um ve\u00edculo de transporte escolar que atende crian\u00e7as da institui\u00e7\u00e3o de ensino do Anhangaba\u00fa. Para ele, as faixas exclusivas para as vans sendo usadas por motoristas comuns, por exemplo, sempre foram problemas. \u201cEste tipo de campanha \u00e9 \u00f3timo. Eu transporto diariamente 15 crian\u00e7as, ou seja, s\u00e3o 15 carros a menos parando perto da escola. As faixas exclusivas devem ser respeitadas sempre\u201d, revelou Yamato.<\/p>\n<p><strong>Faixas com mensagens<\/strong><br \/>\nOs agentes de tr\u00e2nsito da Prefeitura de Jundia\u00ed, em a\u00e7\u00e3o no col\u00e9gio S\u00e3o Vicente de Paulo, tinham em m\u00e3os uma faixa alertando para que os condutores n\u00e3o usem o celular enquanto dirigem. J\u00e1 em dois postes perto da escola, havia uma faixa com os dizeres \u201cVolta \u00e0s aulas &#8211; 1\u00aa aula: N\u00e3o pare em fila dupla\u201d.<\/p>\n<p>\u201cA a\u00e7\u00e3o vem sendo muito proveitosa, surpreendente at\u00e9, pela receptividade dos pais, da garotada e dos demais envolvidos. N\u00f3s, agentes, j\u00e1 fomos at\u00e9 parabenizados pelos motoristas\u201d, contou Vagner Aparecido Quintiliano, agente de tr\u00e2nsito que usava um chap\u00e9u preto de formando como parte de seu uniforme, justamente para chamar a aten\u00e7\u00e3o para a campanha da prefeitura. \u201cPassamos informa\u00e7\u00f5es \u00fateis e valores ligados \u00e0 legisla\u00e7\u00e3o de tr\u00e2nsito, pensando na forma\u00e7\u00e3o de cidad\u00e3os mais conscientes no futuro\u201d, completou Vagner.<\/p>\n<div id=\"attachment_243804\" style=\"width: 1034px\" class=\"wp-caption aligncenter\"><img loading=\"lazy\" decoding=\"async\" aria-describedby=\"caption-attachment-243804\" class=\"size-large wp-image-243804\" src=\"https:\/\/jundiai.sp.gov.br\/noticias\/wp-content\/uploads\/sites\/32\/2020\/01\/campanha_volta_as_aulas_ugaat-220-1280x821.jpg\" alt=\"Faixa na frente de escola do Anhangaba\u00fa orienta motoristas a n\u00e3o usar o celular\" width=\"1024\" height=\"657\" srcset=\"https:\/\/jundiai.sp.gov.br\/noticias\/wp-content\/uploads\/sites\/32\/2020\/01\/campanha_volta_as_aulas_ugaat-220-1280x821.jpg 1280w, https:\/\/jundiai.sp.gov.br\/noticias\/wp-content\/uploads\/sites\/32\/2020\/01\/campanha_volta_as_aulas_ugaat-220-300x193.jpg 300w, https:\/\/jundiai.sp.gov.br\/noticias\/wp-content\/uploads\/sites\/32\/2020\/01\/campanha_volta_as_aulas_ugaat-220-768x493.jpg 768w, https:\/\/jundiai.sp.gov.br\/noticias\/wp-content\/uploads\/sites\/32\/2020\/01\/campanha_volta_as_aulas_ugaat-220.jpg 1323w\" sizes=\"auto, (max-width: 1024px) 100vw, 1024px\" \/><p id=\"caption-attachment-243804\" class=\"wp-caption-text\">Faixa na frente de escola do Anhangaba\u00fa orienta motoristas a n\u00e3o usar o celular enquanto dirigem<\/p><\/div>\n<p>Wlamir Costa, diretor de tr\u00e2nsito da UGMT, esteve no Anhangaba\u00fa para ver de perto a a\u00e7\u00e3o dos agentes de tr\u00e2nsito com a mascote \u201cFaixolita\u201d. \u201cO objetivo \u00e9 trazer aos pais e alunos as quest\u00f5es das vagas de vans, que devem ser usadas apenas por quem faz o transporte escolar, das filas duplas, que atrapalham a mobilidade de todos, e do uso do celular por parte dos motoristas. O grande foco \u00e9 a redu\u00e7\u00e3o dos acidentes de tr\u00e2nsito em Jundia\u00ed\u201d, finalizou Wlamir.<\/p>\n<p>A campanha no per\u00edodo de volta \u00e0s aulas segue at\u00e9 o dia 14 de fevereiro com a seguinte programa\u00e7\u00e3o:<\/p>\n<p>&#8211; 29\/01 &#8211; Col\u00e9gio Memorial (Ponte S\u00e3o Jo\u00e3o)<br \/>\n&#8211; 30\/01 &#8211; Escola Padre Anchieta (Centro)<br \/>\n&#8211; 31\/01 &#8211; Col\u00e9gio Santa Felicidade (Centro)<br \/>\n&#8211; 03\/02 &#8211; Col\u00e9gio Divino Salvador (Vila Arens)<br \/>\n&#8211; 04\/02 &#8211; Escola \u00c1pice Eleva (Centro)<br \/>\n&#8211; 05\/02 &#8211; SESI CE409 (Jardim Brasil)<br \/>\n&#8211; 06\/02 &#8211; SESI CE021 (Jardim Tarum\u00e3)<br \/>\n&#8211; 07\/02 &#8211; SESI CE355 (Vila Formosa)<br \/>\n&#8211; 10\/02 &#8211; EMEB Jos\u00e9 Romeiro Pereira (Vila Isabel Eber)<br \/>\n&#8211; 11\/02 &#8211; EMEB Aparecido Garcia (Jardim Martins)<br \/>\n&#8211; 12\/02 &#8211; EMEB Jos\u00e9 Leme do Prado (Jardim Esplanada)<br \/>\n&#8211; 13\/02 &#8211; EMEB Geraldo Pinto Duarte Paes (Eloy Chaves)<br \/>\n&#8211; 14\/02 &#8211; EMEB Luiz Biela de Souza (Santa Gertrudes)<\/p>\n<p><strong>Assessoria de Imprensa<\/strong><br \/>\n<strong>Fotos: Fot\u00f3grafos PMJ<\/strong><\/p>\n","protected":false},"excerpt":{"rendered":"<p>Os primeiros dias da a\u00e7\u00e3o da Prefeitura de Jundia\u00ed que visa conscientizar os motoristas da import\u00e2ncia do respeito \u00e0s leis de tr\u00e2nsito, focada na volta \u00e0s aulas, mostram uma \u00f3tima aceita\u00e7\u00e3o dos pais de alunos e condutores do transporte escolar. A campanha, iniciada nesta segunda-feira (27), foi criada pela Divis\u00e3o de Educa\u00e7\u00e3o de Tr\u00e2nsito da [&hellip;]<\/p>\n","protected":false},"author":54,"featured_media":243803,"comment_status":"closed","ping_status":"closed","sticky":false,"template":"","format":"standard","meta":{"footnotes":""},"categories":[2],"tags":[982,1121],"ods":[],"class_list":["post-243799","post","type-post","status-publish","format-standard","has-post-thumbnail","hentry","category-noticias","tag-mobilidade-e-transporte","tag-mobilidade-total"],"_links":{"self":[{"href":"https:\/\/jundiai.sp.gov.br\/noticias\/wp-json\/wp\/v2\/posts\/243799","targetHints":{"allow":["GET"]}}],"collection":[{"href":"https:\/\/jundiai.sp.gov.br\/noticias\/wp-json\/wp\/v2\/posts"}],"about":[{"href":"https:\/\/jundiai.sp.gov.br\/noticias\/wp-json\/wp\/v2\/types\/post"}],"author":[{"embeddable":true,"href":"https:\/\/jundiai.sp.gov.br\/noticias\/wp-json\/wp\/v2\/users\/54"}],"replies":[{"embeddable":true,"href":"https:\/\/jundiai.sp.gov.br\/noticias\/wp-json\/wp\/v2\/comments?post=243799"}],"version-history":[{"count":4,"href":"https:\/\/jundiai.sp.gov.br\/noticias\/wp-json\/wp\/v2\/posts\/243799\/revisions"}],"predecessor-version":[{"id":243807,"href":"https:\/\/jundiai.sp.gov.br\/noticias\/wp-json\/wp\/v2\/posts\/243799\/revisions\/243807"}],"wp:featuredmedia":[{"embeddable":true,"href":"https:\/\/jundiai.sp.gov.br\/noticias\/wp-json\/wp\/v2\/media\/243803"}],"wp:attachment":[{"href":"https:\/\/jundiai.sp.gov.br\/noticias\/wp-json\/wp\/v2\/media?parent=243799"}],"wp:term":[{"taxonomy":"category","embeddable":true,"href":"https:\/\/jundiai.sp.gov.br\/noticias\/wp-json\/wp\/v2\/categories?post=243799"},{"taxonomy":"post_tag","embeddable":true,"href":"https:\/\/jundiai.sp.gov.br\/noticias\/wp-json\/wp\/v2\/tags?post=243799"},{"taxonomy":"ods","embeddable":true,"href":"https:\/\/jundiai.sp.gov.br\/noticias\/wp-json\/wp\/v2\/ods?post=243799"}],"curies":[{"name":"wp","href":"https:\/\/api.w.org\/{rel}","templated":true}]}}