{"id":244115,"date":"2020-02-02T18:24:56","date_gmt":"2020-02-02T20:24:56","guid":{"rendered":"https:\/\/jundiai.sp.gov.br\/noticias\/?p=244115"},"modified":"2020-02-03T12:10:05","modified_gmt":"2020-02-03T14:10:05","slug":"festa-da-uva-termina-neste-domingo-2-com-samba-e-solidariedade","status":"publish","type":"post","link":"https:\/\/jundiai.sp.gov.br\/noticias\/2020\/02\/02\/festa-da-uva-termina-neste-domingo-2-com-samba-e-solidariedade\/","title":{"rendered":"Festa da Uva termina neste domingo (2) com samba e solidariedade"},"content":{"rendered":"<p>No \u00faltimo dia da 37\u00aa Festa da Uva e 8\u00aa Expo Vinhos de Jundia\u00ed, o casal Emerson e Wanderlea Furlaneto quis levar uma lembran\u00e7a para casa, mas em grande estilo: no leil\u00e3o de frutas, realizado em todos os finais de semana da festa em prol do Fundo Social de Solidariedade, eles arremataram um kit de uvas, vinho e geleia por R$ 260. \u201cMinha inten\u00e7\u00e3o foi ajudar o FUNSS\u201d, disse Emerson, morador de Jundia\u00ed. \u201cA festa est\u00e1 aprovad\u00edssima, a cada ano est\u00e1 melhor\u201d, afirmou.<\/p>\n<p>O evento termina neste domingo (2) com muito samba a partir das 18h, quando a Mocidade do Agapeama trar\u00e1 as escolas de samba Guardi\u00f5es do Rei (Jarinu), Imp\u00e9rio Paulistana (Louveira) e Ala Show do Gr\u00eamio Recreativo da Escola. Quem quiser aproveitar, tem at\u00e9 as 21 horas para passar pelo Parque Comendador Antonio Carbonari.<\/p>\n<div id=\"attachment_244117\" style=\"width: 1034px\" class=\"wp-caption aligncenter\"><img loading=\"lazy\" decoding=\"async\" aria-describedby=\"caption-attachment-244117\" class=\"size-large wp-image-244117\" src=\"https:\/\/jundiai.sp.gov.br\/noticias\/wp-content\/uploads\/sites\/32\/2020\/02\/festa-da-uva_c_-141-1280x853.jpg\" alt=\"\" width=\"1024\" height=\"682\" srcset=\"https:\/\/jundiai.sp.gov.br\/noticias\/wp-content\/uploads\/sites\/32\/2020\/02\/festa-da-uva_c_-141-1280x853.jpg 1280w, https:\/\/jundiai.sp.gov.br\/noticias\/wp-content\/uploads\/sites\/32\/2020\/02\/festa-da-uva_c_-141-300x200.jpg 300w, https:\/\/jundiai.sp.gov.br\/noticias\/wp-content\/uploads\/sites\/32\/2020\/02\/festa-da-uva_c_-141-768x512.jpg 768w, https:\/\/jundiai.sp.gov.br\/noticias\/wp-content\/uploads\/sites\/32\/2020\/02\/festa-da-uva_c_-141-450x300.jpg 450w, https:\/\/jundiai.sp.gov.br\/noticias\/wp-content\/uploads\/sites\/32\/2020\/02\/festa-da-uva_c_-141.jpg 1323w\" sizes=\"auto, (max-width: 1024px) 100vw, 1024px\" \/><p id=\"caption-attachment-244117\" class=\"wp-caption-text\">Emerson e Wanderl\u00e9a arremataram o primeiro lote no leil\u00e3o de frutas neste domingo: objetivo foi colaborar com o Fundo Social de Solidariedade<\/p><\/div>\n<p>Aproveitando o domingo, muitas fam\u00edlias aproveitaram para curtir a festa \u2013 que, a exemplo dos outros dois finais de semana, estava lotada. \u201cVim de Minas Gerais s\u00f3 para visitar a festa, e trouxe a fam\u00edlia inteira\u201d, contou Arlete Nogueira Salles, cuja irm\u00e3 mora em V\u00e1rzea Paulista. \u201c\u00c9 muita gente, mas um ambiente t\u00e3o gostoso, tanta coisa boa, que vou ficar at\u00e9 o final\u201d.<\/p>\n<div id=\"attachment_244118\" style=\"width: 1034px\" class=\"wp-caption aligncenter\"><img loading=\"lazy\" decoding=\"async\" aria-describedby=\"caption-attachment-244118\" class=\"size-large wp-image-244118\" src=\"https:\/\/jundiai.sp.gov.br\/noticias\/wp-content\/uploads\/sites\/32\/2020\/02\/aereas-festa-da-uva_c_-20-1280x960.jpg\" alt=\"\" width=\"1024\" height=\"768\" srcset=\"https:\/\/jundiai.sp.gov.br\/noticias\/wp-content\/uploads\/sites\/32\/2020\/02\/aereas-festa-da-uva_c_-20-1280x960.jpg 1280w, https:\/\/jundiai.sp.gov.br\/noticias\/wp-content\/uploads\/sites\/32\/2020\/02\/aereas-festa-da-uva_c_-20-300x225.jpg 300w, https:\/\/jundiai.sp.gov.br\/noticias\/wp-content\/uploads\/sites\/32\/2020\/02\/aereas-festa-da-uva_c_-20-768x575.jpg 768w, https:\/\/jundiai.sp.gov.br\/noticias\/wp-content\/uploads\/sites\/32\/2020\/02\/aereas-festa-da-uva_c_-20.jpg 1323w\" sizes=\"auto, (max-width: 1024px) 100vw, 1024px\" \/><p id=\"caption-attachment-244118\" class=\"wp-caption-text\">Tarde de domingo na 37\u00aa Festa da Uva: fam\u00edlias aproveitaram para curtir o \u00faltimo dia da festa<\/p><\/div>\n<p>Juliana Silva quis participar da pisa da uva \u2013 um dos eventos mais tradicionais da Festa da Uva \u2013 mas n\u00e3o conseguiu. \u201cDessa vez cheguei tarde, preciso vir mais cedo no pr\u00f3ximo ano\u201d, lamentou. No total foram realizadas sete cerim\u00f4nias da pisa da uva, cada uma com cerca de 300 pessoas que sa\u00edam encantadas. \u201cQue coisa gostosa, relaxante, sa\u00ed mais bonita\u201d, brincou Maria do Carmo Feliciano, de Socorro (SP), depois da pisa. Mais fotos da festa podem ser vistas no Flicker: https:\/\/www.flickr.com\/photos\/prefeituradejundiai\/albums\/72157712947781908<\/p>\n<p><strong>\u00daltimo dia<\/strong><\/p>\n<p>As atra\u00e7\u00f5es incluem espa\u00e7os especiais para as crian\u00e7as, venda de frutas e artesanato, pra\u00e7a de alimenta\u00e7\u00e3o e m\u00fasica para todos os gostos. A entrada \u00e9 franca, mas todos s\u00e3o convidados a contribuir com um quilo de alimento n\u00e3o perec\u00edvel para o Fundo Social de Solidariedade. Confira as atra\u00e7\u00f5es da noite de domingo aqui: <a href=\"https:\/\/festadauva.jundiai.sp.gov.br\/atracoes-culturais\/\">https:\/\/festadauva.jundiai.sp.gov.br\/atracoes-culturais\/<\/a><\/p>\n<p><strong>Assessoria de Imprensa<br \/>\nFotos: Fot\u00f3grafos PMJ<\/strong><\/p>\n","protected":false},"excerpt":{"rendered":"<p>No \u00faltimo dia da 37\u00aa Festa da Uva e 8\u00aa Expo Vinhos de Jundia\u00ed, o casal Emerson e Wanderlea Furlaneto quis levar uma lembran\u00e7a para casa, mas em grande estilo: no leil\u00e3o de frutas, realizado em todos os finais de semana da festa em prol do Fundo Social de Solidariedade, eles arremataram um kit de [&hellip;]<\/p>\n","protected":false},"author":45,"featured_media":244118,"comment_status":"closed","ping_status":"closed","sticky":false,"template":"","format":"standard","meta":{"footnotes":""},"categories":[2],"tags":[1174,1353,29],"ods":[],"class_list":["post-244115","post","type-post","status-publish","format-standard","has-post-thumbnail","hentry","category-noticias","tag-37a-festa-da-uva-e-8a-expo-vinhos","tag-8a-expo-vinhos","tag-cultura"],"_links":{"self":[{"href":"https:\/\/jundiai.sp.gov.br\/noticias\/wp-json\/wp\/v2\/posts\/244115","targetHints":{"allow":["GET"]}}],"collection":[{"href":"https:\/\/jundiai.sp.gov.br\/noticias\/wp-json\/wp\/v2\/posts"}],"about":[{"href":"https:\/\/jundiai.sp.gov.br\/noticias\/wp-json\/wp\/v2\/types\/post"}],"author":[{"embeddable":true,"href":"https:\/\/jundiai.sp.gov.br\/noticias\/wp-json\/wp\/v2\/users\/45"}],"replies":[{"embeddable":true,"href":"https:\/\/jundiai.sp.gov.br\/noticias\/wp-json\/wp\/v2\/comments?post=244115"}],"version-history":[{"count":4,"href":"https:\/\/jundiai.sp.gov.br\/noticias\/wp-json\/wp\/v2\/posts\/244115\/revisions"}],"predecessor-version":[{"id":244125,"href":"https:\/\/jundiai.sp.gov.br\/noticias\/wp-json\/wp\/v2\/posts\/244115\/revisions\/244125"}],"wp:featuredmedia":[{"embeddable":true,"href":"https:\/\/jundiai.sp.gov.br\/noticias\/wp-json\/wp\/v2\/media\/244118"}],"wp:attachment":[{"href":"https:\/\/jundiai.sp.gov.br\/noticias\/wp-json\/wp\/v2\/media?parent=244115"}],"wp:term":[{"taxonomy":"category","embeddable":true,"href":"https:\/\/jundiai.sp.gov.br\/noticias\/wp-json\/wp\/v2\/categories?post=244115"},{"taxonomy":"post_tag","embeddable":true,"href":"https:\/\/jundiai.sp.gov.br\/noticias\/wp-json\/wp\/v2\/tags?post=244115"},{"taxonomy":"ods","embeddable":true,"href":"https:\/\/jundiai.sp.gov.br\/noticias\/wp-json\/wp\/v2\/ods?post=244115"}],"curies":[{"name":"wp","href":"https:\/\/api.w.org\/{rel}","templated":true}]}}