{"id":244275,"date":"2020-02-06T09:52:48","date_gmt":"2020-02-06T11:52:48","guid":{"rendered":"https:\/\/jundiai.sp.gov.br\/noticias\/?p=244275"},"modified":"2020-02-06T22:36:25","modified_gmt":"2020-02-07T00:36:25","slug":"semana-de-atualizacao-pedagogica-sap-lanca-centro-de-pesquisa-em-jundiai","status":"publish","type":"post","link":"https:\/\/jundiai.sp.gov.br\/noticias\/2020\/02\/06\/semana-de-atualizacao-pedagogica-sap-lanca-centro-de-pesquisa-em-jundiai\/","title":{"rendered":"Prefeitura de Jundia\u00ed lan\u00e7a Centro de Pesquisa durante Semana de Atualiza\u00e7\u00e3o Pedag\u00f3gica (SAP)"},"content":{"rendered":"<p>Aberta oficialmente na noite de quarta-feira (5), em cerim\u00f4nia realizada na sede de Campo do Clube Jundiaiense, a III Semana de Atualiza\u00e7\u00e3o Pedag\u00f3gica realizada pela Prefeitura de Jundia\u00ed, da Unidade de Gest\u00e3o de Educa\u00e7\u00e3o (UGE), conta com mais 100 palestrantes, oficinas e workshops destinados para os educadores da Rede Municipal de Educa\u00e7\u00e3o at\u00e9 sexta-feira, em 19 espa\u00e7os da cidade. al\u00e9m da apresenta\u00e7\u00e3o do Centro Internacional de Estudos e Pesquisa da Inf\u00e2ncia (CIEMPI) e do Curr\u00edculo Jundiaiense. As atividades fazem parte do Programa Escola Inovadora, integrantes do pilar &#8216;Forma\u00e7\u00e3o e capacita\u00e7\u00e3o&#8217;.<\/p>\n<p>&#8220;Investir em Educa\u00e7\u00e3o \u00e9 investir no futuro das crian\u00e7as. Jundia\u00ed se preocupa em oferecer o melhor ensino para as futuras gera\u00e7\u00f5es, para que cheguem \u00e0s pr\u00f3ximas fases da vida, preparadas para os desafios que ter\u00e3o. A SAP \u00e9 uma das ferramentas para que todos os profissionais de nossas escolas, envolvidos no processo de desenvolvimento educacional das nossas crian\u00e7as, tenham acesso ao que h\u00e1 de mais inovador nos mais diversos setores que fazem parte da Educa\u00e7\u00e3o. Com o Curr\u00edculo Jundiaiense e com o CIEMPI todo o ciclo educacional \u00e9 completo, contemplando o passado, o presente e o futuro das crian\u00e7as&#8221;, argumenta o Prefeito Luiz Fernando Machado.<\/p>\n<p>Com a participa\u00e7\u00e3o de 1 mil profissionais da UGE, entre todas as fun\u00e7\u00f5es, a cerim\u00f4nia contou com a apresenta\u00e7\u00e3o feita pela gestora da UGE, Vasti Ferrari Marques, sobre o CIEMPI, com. &#8220;A constru\u00e7\u00e3o da Educa\u00e7\u00e3o de uma cidade passa pelo presente, projeta o futuro e n\u00e3o se esquece do passado. A Educa\u00e7\u00e3o de Jundia\u00ed \u00e9 rica em mem\u00f3rias e tem 75 anos de hist\u00f3ria, que ser\u00e3o expostos para que todos tenham acesso a este conhecimento. O CIEMPI ainda \u00e9 um espa\u00e7o para atividades para as fam\u00edlias, as crian\u00e7as e aos educadores, para que tamb\u00e9m recebam forma\u00e7\u00e3o e promovam o desenvolvimento dos meninos e meninas de Jundia\u00ed&#8221;, explica a gestora, que ainda cita a participa\u00e7\u00e3o de Jundia\u00ed na Rede Latino-Americana &#8211; Cidade das Crian\u00e7as.<\/p>\n<div id=\"attachment_244344\" style=\"width: 1034px\" class=\"wp-caption aligncenter\"><img loading=\"lazy\" decoding=\"async\" aria-describedby=\"caption-attachment-244344\" class=\"size-large wp-image-244344\" src=\"https:\/\/jundiai.sp.gov.br\/noticias\/wp-content\/uploads\/sites\/32\/2020\/02\/sap-155-1280x657.jpg\" alt=\"\" width=\"1024\" height=\"526\" srcset=\"https:\/\/jundiai.sp.gov.br\/noticias\/wp-content\/uploads\/sites\/32\/2020\/02\/sap-155-1280x657.jpg 1280w, https:\/\/jundiai.sp.gov.br\/noticias\/wp-content\/uploads\/sites\/32\/2020\/02\/sap-155-300x154.jpg 300w, https:\/\/jundiai.sp.gov.br\/noticias\/wp-content\/uploads\/sites\/32\/2020\/02\/sap-155-768x394.jpg 768w, https:\/\/jundiai.sp.gov.br\/noticias\/wp-content\/uploads\/sites\/32\/2020\/02\/sap-155.jpg 1323w\" sizes=\"auto, (max-width: 1024px) 100vw, 1024px\" \/><p id=\"caption-attachment-244344\" class=\"wp-caption-text\">Semana de Atualiza\u00e7\u00e3o Pedag\u00f3gica contou com audit\u00f3rio lotado, no Clube Jundiaiense; prefeito Luiz Fernando Machado abriu a solenidade<\/p><\/div>\n<p><strong>Forma\u00e7\u00e3o<\/strong><br \/>\nA abertura contou com palestra de Em\u00edlia Cipriano, doutora em Educa\u00e7\u00e3o pela PUC\/SP, mestre em psicologia da Educa\u00e7\u00e3o pela PCU\/SP e graduada em Servi\u00e7o Social e Pedagogia, com o tema &#8220;A import\u00e2ncia da constru\u00e7\u00e3o do curr\u00edculo para a Educa\u00e7\u00e3o da Inf\u00e2ncia numa perspectiva humanizadora&#8221;. &#8220;Os educadores formam gera\u00e7\u00f5es de pessoas e constroem comunidades. S\u00e3o eles que colaboram para o desenvolvimento de sociedades mais solid\u00e1rias e com respeito \u00e0 vida. Atividades como a SAP s\u00e3o fundamentais para agregar conhecimento&#8221;, explica.<\/p>\n<div id=\"attachment_244348\" style=\"width: 1034px\" class=\"wp-caption aligncenter\"><img loading=\"lazy\" decoding=\"async\" aria-describedby=\"caption-attachment-244348\" class=\"size-large wp-image-244348\" src=\"https:\/\/jundiai.sp.gov.br\/noticias\/wp-content\/uploads\/sites\/32\/2020\/02\/palestra-rosaura-soligo-de-atualizacao-pedagogica-sap_c_-33-1280x853.jpg\" alt=\"\" width=\"1024\" height=\"682\" srcset=\"https:\/\/jundiai.sp.gov.br\/noticias\/wp-content\/uploads\/sites\/32\/2020\/02\/palestra-rosaura-soligo-de-atualizacao-pedagogica-sap_c_-33-1280x853.jpg 1280w, https:\/\/jundiai.sp.gov.br\/noticias\/wp-content\/uploads\/sites\/32\/2020\/02\/palestra-rosaura-soligo-de-atualizacao-pedagogica-sap_c_-33-300x200.jpg 300w, https:\/\/jundiai.sp.gov.br\/noticias\/wp-content\/uploads\/sites\/32\/2020\/02\/palestra-rosaura-soligo-de-atualizacao-pedagogica-sap_c_-33-768x512.jpg 768w, https:\/\/jundiai.sp.gov.br\/noticias\/wp-content\/uploads\/sites\/32\/2020\/02\/palestra-rosaura-soligo-de-atualizacao-pedagogica-sap_c_-33-450x300.jpg 450w, https:\/\/jundiai.sp.gov.br\/noticias\/wp-content\/uploads\/sites\/32\/2020\/02\/palestra-rosaura-soligo-de-atualizacao-pedagogica-sap_c_-33.jpg 1323w\" sizes=\"auto, (max-width: 1024px) 100vw, 1024px\" \/><p id=\"caption-attachment-244348\" class=\"wp-caption-text\">Palestras, oficinas, workshops e outras atividades prosseguem at\u00e9 sexta-feira (7)<\/p><\/div>\n<p>&nbsp;<\/p>\n<p>Al\u00e9m da palestrante da cerim\u00f4nia de abertura, o evento contou com a participa\u00e7\u00e3o de mais nomes consagrados que estar\u00e3o em Jundia\u00ed at\u00e9 sexta-feira (7), compartilhando conhecimento. Lurdes Ati\u00e9, Irene Vida Gala e Nora Cavaco tamb\u00e9m compareceram \u00e0 cerim\u00f4nia.<\/p>\n<div id=\"attachment_244345\" style=\"width: 310px\" class=\"wp-caption alignleft\"><img loading=\"lazy\" decoding=\"async\" aria-describedby=\"caption-attachment-244345\" class=\"size-medium wp-image-244345\" src=\"https:\/\/jundiai.sp.gov.br\/noticias\/wp-content\/uploads\/sites\/32\/2020\/02\/sap-43-300x248.jpg\" alt=\"\" width=\"300\" height=\"248\" srcset=\"https:\/\/jundiai.sp.gov.br\/noticias\/wp-content\/uploads\/sites\/32\/2020\/02\/sap-43-300x248.jpg 300w, https:\/\/jundiai.sp.gov.br\/noticias\/wp-content\/uploads\/sites\/32\/2020\/02\/sap-43-768x636.jpg 768w, https:\/\/jundiai.sp.gov.br\/noticias\/wp-content\/uploads\/sites\/32\/2020\/02\/sap-43-1160x960.jpg 1160w, https:\/\/jundiai.sp.gov.br\/noticias\/wp-content\/uploads\/sites\/32\/2020\/02\/sap-43.jpg 1323w\" sizes=\"auto, (max-width: 300px) 100vw, 300px\" \/><p id=\"caption-attachment-244345\" class=\"wp-caption-text\">Eliane Artico \u00e9 coordenadora da EMEB Rotary e est\u00e1 participar\u00e1 de palestras direcionadas aos temas lideran\u00e7a e educa\u00e7\u00e3o infantil<\/p><\/div>\n<p>&nbsp;<\/p>\n<p>Para a professora e coordenadora da EMEB Rotary, Eliane Cristina de Campos Artico, a participa\u00e7\u00e3o na SAP \u00e9 momento de agregar conhecimento profissional. &#8220;Os temas s\u00e3o diversos e, para mim, s\u00e3o especiais. Sou professora e estou na dire\u00e7\u00e3o, por isso, a lideran\u00e7a \u00e9 um tema que me atrai. Outro assunto que participarei \u00e9 sobre a educa\u00e7\u00e3o infantil, que passa a ser realizada na unidade neste ano&#8221;, explica.<\/p>\n<p>J\u00e1 para o professor de matem\u00e1tica do Centro de Educa\u00e7\u00e3o de Jovens e Adultos, Arlindo Alves da Silva, a participa\u00e7\u00e3o ao longo da Semana \u00e9 fundamental para a forma\u00e7\u00e3o cont\u00ednua do professor. &#8220;Desde a primeira atividade eu fa\u00e7o quest\u00e3o de participar. Neste ano, o tema da abertura que trata da humaniza\u00e7\u00e3o chamou a minha aten\u00e7\u00e3o&#8221;, destaca.<\/p>\n<p>A programa\u00e7\u00e3o completa da SAP pode ser acessada pelo site da<a href=\"https:\/\/jundiai.sp.gov.br\/educacao\/semana-de-atualizacao-pedagogica-2020\/\"> Prefeitura de Jundia\u00ed<\/a>.<\/p>\n<p><strong>Assessoria de Imprensa<br \/>\nFotos: Fot\u00f3grafos PMJ<\/strong><\/p>\n","protected":false},"excerpt":{"rendered":"<p>Aberta oficialmente na noite de quarta-feira (5), em cerim\u00f4nia realizada na sede de Campo do Clube Jundiaiense, a III Semana de Atualiza\u00e7\u00e3o Pedag\u00f3gica realizada pela Prefeitura de Jundia\u00ed, da Unidade de Gest\u00e3o de Educa\u00e7\u00e3o (UGE), conta com mais 100 palestrantes, oficinas e workshops destinados para os educadores da Rede Municipal de Educa\u00e7\u00e3o at\u00e9 sexta-feira, em [&hellip;]<\/p>\n","protected":false},"author":39,"featured_media":244349,"comment_status":"closed","ping_status":"closed","sticky":false,"template":"","format":"standard","meta":{"footnotes":""},"categories":[2],"tags":[6,1061,1330],"ods":[],"class_list":["post-244275","post","type-post","status-publish","format-standard","has-post-thumbnail","hentry","category-noticias","tag-educacao","tag-escola-inovadora","tag-luiz-fernando-machado"],"_links":{"self":[{"href":"https:\/\/jundiai.sp.gov.br\/noticias\/wp-json\/wp\/v2\/posts\/244275","targetHints":{"allow":["GET"]}}],"collection":[{"href":"https:\/\/jundiai.sp.gov.br\/noticias\/wp-json\/wp\/v2\/posts"}],"about":[{"href":"https:\/\/jundiai.sp.gov.br\/noticias\/wp-json\/wp\/v2\/types\/post"}],"author":[{"embeddable":true,"href":"https:\/\/jundiai.sp.gov.br\/noticias\/wp-json\/wp\/v2\/users\/39"}],"replies":[{"embeddable":true,"href":"https:\/\/jundiai.sp.gov.br\/noticias\/wp-json\/wp\/v2\/comments?post=244275"}],"version-history":[{"count":30,"href":"https:\/\/jundiai.sp.gov.br\/noticias\/wp-json\/wp\/v2\/posts\/244275\/revisions"}],"predecessor-version":[{"id":244423,"href":"https:\/\/jundiai.sp.gov.br\/noticias\/wp-json\/wp\/v2\/posts\/244275\/revisions\/244423"}],"wp:featuredmedia":[{"embeddable":true,"href":"https:\/\/jundiai.sp.gov.br\/noticias\/wp-json\/wp\/v2\/media\/244349"}],"wp:attachment":[{"href":"https:\/\/jundiai.sp.gov.br\/noticias\/wp-json\/wp\/v2\/media?parent=244275"}],"wp:term":[{"taxonomy":"category","embeddable":true,"href":"https:\/\/jundiai.sp.gov.br\/noticias\/wp-json\/wp\/v2\/categories?post=244275"},{"taxonomy":"post_tag","embeddable":true,"href":"https:\/\/jundiai.sp.gov.br\/noticias\/wp-json\/wp\/v2\/tags?post=244275"},{"taxonomy":"ods","embeddable":true,"href":"https:\/\/jundiai.sp.gov.br\/noticias\/wp-json\/wp\/v2\/ods?post=244275"}],"curies":[{"name":"wp","href":"https:\/\/api.w.org\/{rel}","templated":true}]}}