{"id":244308,"date":"2020-02-05T16:00:00","date_gmt":"2020-02-05T18:00:00","guid":{"rendered":"https:\/\/jundiai.sp.gov.br\/noticias\/?p=244308"},"modified":"2020-02-05T16:00:00","modified_gmt":"2020-02-05T18:00:00","slug":"dae-promove-audiencia-publica-sobre-o-plano-municipal-de-recursos-hidricos","status":"publish","type":"post","link":"https:\/\/jundiai.sp.gov.br\/noticias\/2020\/02\/05\/dae-promove-audiencia-publica-sobre-o-plano-municipal-de-recursos-hidricos\/","title":{"rendered":"DAE promove audi\u00eancia p\u00fablica sobre o Plano Municipal de Recursos H\u00eddricos"},"content":{"rendered":"<p>A DAE Jundia\u00ed realiza, no pr\u00f3ximo dia 19, na sede da empresa, uma audi\u00eancia p\u00fablica para discutir o Plano Municipal de Recursos H\u00eddricos (PMRH). Quem tiver interesse em participar, pode fazer a inscri\u00e7\u00e3o no dia do evento, que ocorrer\u00e1 das 9 \u00e0s 13 horas, no Audit\u00f3rio Planeta \u00c1gua.<\/p>\n<div id=\"attachment_244309\" style=\"width: 1034px\" class=\"wp-caption aligncenter\"><img loading=\"lazy\" decoding=\"async\" aria-describedby=\"caption-attachment-244309\" class=\"size-large wp-image-244309\" src=\"https:\/\/jundiai.sp.gov.br\/noticias\/wp-content\/uploads\/sites\/32\/2020\/02\/represa_dae-1280x694.jpg\" alt=\"O PMRH vai tra\u00e7ar um panorama sobre a disponibilidade h\u00eddrica da cidade, al\u00e9m de ser uma das diretrizes, dentro do Plano Diretor, para o desenvolvimento e a gest\u00e3o ambiental de Jundia\u00ed.\" width=\"1024\" height=\"555\" srcset=\"https:\/\/jundiai.sp.gov.br\/noticias\/wp-content\/uploads\/sites\/32\/2020\/02\/represa_dae-1280x694.jpg 1280w, https:\/\/jundiai.sp.gov.br\/noticias\/wp-content\/uploads\/sites\/32\/2020\/02\/represa_dae-300x163.jpg 300w, https:\/\/jundiai.sp.gov.br\/noticias\/wp-content\/uploads\/sites\/32\/2020\/02\/represa_dae-768x417.jpg 768w\" sizes=\"auto, (max-width: 1024px) 100vw, 1024px\" \/><p id=\"caption-attachment-244309\" class=\"wp-caption-text\">Audi\u00eancia ser\u00e1 realizada no pr\u00f3ximo dia 19, das 9 \u00e0s 13 horas, no Audit\u00f3rio Planeta \u00c1gua, localizado na sede da DAE Jundia\u00ed.<\/p><\/div>\n<p>De acordo com o diretor de Mananciais da DAE, Martim Ribeiro, ser\u00e3o debatidos o diagn\u00f3stico e o progn\u00f3stico do PMRH, que est\u00e3o dispon\u00edveis para conhecimento da popula\u00e7\u00e3o e entidades no site da empresa (daejundiai.com.br\/pmrh).<\/p>\n<p>\u201cAp\u00f3s a audi\u00eancia, o pr\u00f3ximo passo ser\u00e1 a defini\u00e7\u00e3o das metas do Plano de Recursos H\u00eddricos\u201d, afirma. Segundo ele, a previs\u00e3o \u00e9 de que o PMRH, que atende ao Plano Diretor do Munic\u00edpio, seja conclu\u00eddo at\u00e9 o final de mar\u00e7o.<\/p>\n<p>A equipe t\u00e9cnica da Funda\u00e7\u00e3o Escola de Sociologia e Pol\u00edtica de S\u00e3o Paulo (FESP), respons\u00e1vel pelo trabalho, vai coordenar a apresenta\u00e7\u00e3o. Os estudos para elabora\u00e7\u00e3o do Plano j\u00e1 foram debatidos em encontros com membros do Conselho Municipal de Meio Ambiente (Comdema) e do Conselho Municipal de Pol\u00edtica Territorial (CMPT).<\/p>\n<p><strong>Disponibilidade h\u00eddrica<\/strong><\/p>\n<p>O PMRH vai tra\u00e7ar um panorama sobre a disponibilidade h\u00eddrica da cidade, avaliando os cen\u00e1rios de demanda atual e futura, al\u00e9m de ser uma das diretrizes, dentro do Plano Diretor, para o desenvolvimento e a gest\u00e3o ambiental de Jundia\u00ed.<\/p>\n<p>O documento vai abordar o abastecimento da cidade em diversos pontos, incluindo a previs\u00e3o das vaz\u00f5es de capta\u00e7\u00e3o de \u00e1gua superficial e subterr\u00e2nea para abastecimento urbano dentro de um per\u00edodo de 20 anos, redu\u00e7\u00e3o de perdas, racionaliza\u00e7\u00e3o dos recursos e quantidade de carga poluidora, al\u00e9m de tamb\u00e9m conter mapas de riscos e de prote\u00e7\u00e3o das \u00e1reas de mananciais.<\/p>\n<p>O PMRH ser\u00e1 norteado por cinco eixos: disponibilidade h\u00eddrica, uso e ocupa\u00e7\u00e3o do solo, bacias hidrogr\u00e1ficas, mananciais atuais e potenciais e realidade social. \u201cToda a sociedade, al\u00e9m dos \u00f3rg\u00e3os envolvidos com a quest\u00e3o ambiental, est\u00e1 convidada a participar da audi\u00eancia. \u00c9 um momento importante para falarmos sobre os recursos h\u00eddricos da nossa cidade, o que afeta a todos\u201d, avalia Ribeiro.<\/p>\n<p><strong>Assessoria de Comunica\u00e7\u00e3o &#8211; DAE Jundia\u00ed<\/strong><\/p>\n<p><strong>Foto: DAE Jundia\u00ed<\/strong><\/p>\n","protected":false},"excerpt":{"rendered":"<p>A DAE Jundia\u00ed realiza, no pr\u00f3ximo dia 19, na sede da empresa, uma audi\u00eancia p\u00fablica para discutir o Plano Municipal de Recursos H\u00eddricos (PMRH). Quem tiver interesse em participar, pode fazer a inscri\u00e7\u00e3o no dia do evento, que ocorrer\u00e1 das 9 \u00e0s 13 horas, no Audit\u00f3rio Planeta \u00c1gua. De acordo com o diretor de Mananciais [&hellip;]<\/p>\n","protected":false},"author":51,"featured_media":0,"comment_status":"closed","ping_status":"closed","sticky":false,"template":"","format":"standard","meta":{"footnotes":""},"categories":[2],"tags":[66],"ods":[],"class_list":["post-244308","post","type-post","status-publish","format-standard","hentry","category-noticias","tag-dae"],"_links":{"self":[{"href":"https:\/\/jundiai.sp.gov.br\/noticias\/wp-json\/wp\/v2\/posts\/244308","targetHints":{"allow":["GET"]}}],"collection":[{"href":"https:\/\/jundiai.sp.gov.br\/noticias\/wp-json\/wp\/v2\/posts"}],"about":[{"href":"https:\/\/jundiai.sp.gov.br\/noticias\/wp-json\/wp\/v2\/types\/post"}],"author":[{"embeddable":true,"href":"https:\/\/jundiai.sp.gov.br\/noticias\/wp-json\/wp\/v2\/users\/51"}],"replies":[{"embeddable":true,"href":"https:\/\/jundiai.sp.gov.br\/noticias\/wp-json\/wp\/v2\/comments?post=244308"}],"version-history":[{"count":1,"href":"https:\/\/jundiai.sp.gov.br\/noticias\/wp-json\/wp\/v2\/posts\/244308\/revisions"}],"predecessor-version":[{"id":244311,"href":"https:\/\/jundiai.sp.gov.br\/noticias\/wp-json\/wp\/v2\/posts\/244308\/revisions\/244311"}],"wp:attachment":[{"href":"https:\/\/jundiai.sp.gov.br\/noticias\/wp-json\/wp\/v2\/media?parent=244308"}],"wp:term":[{"taxonomy":"category","embeddable":true,"href":"https:\/\/jundiai.sp.gov.br\/noticias\/wp-json\/wp\/v2\/categories?post=244308"},{"taxonomy":"post_tag","embeddable":true,"href":"https:\/\/jundiai.sp.gov.br\/noticias\/wp-json\/wp\/v2\/tags?post=244308"},{"taxonomy":"ods","embeddable":true,"href":"https:\/\/jundiai.sp.gov.br\/noticias\/wp-json\/wp\/v2\/ods?post=244308"}],"curies":[{"name":"wp","href":"https:\/\/api.w.org\/{rel}","templated":true}]}}