{"id":244460,"date":"2020-02-07T17:39:29","date_gmt":"2020-02-07T19:39:29","guid":{"rendered":"https:\/\/jundiai.sp.gov.br\/noticias\/?p=244460"},"modified":"2020-02-10T10:57:27","modified_gmt":"2020-02-10T12:57:27","slug":"jardins-do-solar-serao-fechados-para-dedetizacao","status":"publish","type":"post","link":"https:\/\/jundiai.sp.gov.br\/noticias\/2020\/02\/07\/jardins-do-solar-serao-fechados-para-dedetizacao\/","title":{"rendered":"Jardins do Solar do Bar\u00e3o ser\u00e3o fechados para dedetiza\u00e7\u00e3o e reabrem na segunda (10), \u00e0s 12h"},"content":{"rendered":"<p><strong>\u00a0<\/strong>Os jardins do Museu Hist\u00f3rico e Cultural \u2013 Solar do Bar\u00e3o, no Centro de Jundia\u00ed, ser\u00e3o fechados \u00e0s 13h deste s\u00e1bado (8) para dedetiza\u00e7\u00e3o, sendo reabertos na pr\u00f3xima segunda, dia 10, a partir do meio-dia.<\/p>\n<p>O Museu Hist\u00f3rico e Cultural \u2013 Solar do Bar\u00e3o permanece fechado para manuten\u00e7\u00e3o preventiva e troca de exposi\u00e7\u00e3o, que ser\u00e1 anunciada em breve.<\/p>\n<div id=\"attachment_244461\" style=\"width: 1034px\" class=\"wp-caption aligncenter\"><img loading=\"lazy\" decoding=\"async\" aria-describedby=\"caption-attachment-244461\" class=\"size-large wp-image-244461\" src=\"https:\/\/jundiai.sp.gov.br\/noticias\/wp-content\/uploads\/sites\/32\/2020\/02\/passarinhos_jd_solar_do_barao-29-1280x853.jpg\" alt=\"\" width=\"1024\" height=\"682\" srcset=\"https:\/\/jundiai.sp.gov.br\/noticias\/wp-content\/uploads\/sites\/32\/2020\/02\/passarinhos_jd_solar_do_barao-29-1280x853.jpg 1280w, https:\/\/jundiai.sp.gov.br\/noticias\/wp-content\/uploads\/sites\/32\/2020\/02\/passarinhos_jd_solar_do_barao-29-300x200.jpg 300w, https:\/\/jundiai.sp.gov.br\/noticias\/wp-content\/uploads\/sites\/32\/2020\/02\/passarinhos_jd_solar_do_barao-29-768x512.jpg 768w, https:\/\/jundiai.sp.gov.br\/noticias\/wp-content\/uploads\/sites\/32\/2020\/02\/passarinhos_jd_solar_do_barao-29-450x300.jpg 450w\" sizes=\"auto, (max-width: 1024px) 100vw, 1024px\" \/><p id=\"caption-attachment-244461\" class=\"wp-caption-text\">Jardins do Museu Hist\u00f3rico e Cultural \u2013 Solar do Bar\u00e3o ser\u00e3o reabertos na pr\u00f3xima segunda, dia 10, a partir do meio-dia<\/p><\/div>\n<p><strong>Assessoria de Imprensa<br \/>\nFoto: Arquivo PMJ<\/strong><\/p>\n","protected":false},"excerpt":{"rendered":"<p>Espa\u00e7o interno do Museu permanece fechado at\u00e9 o fim da montagem da pr\u00f3xima exposi\u00e7\u00e3o. Data ser\u00e1 informada pela Cultura em breve<\/p>\n","protected":false},"author":45,"featured_media":244461,"comment_status":"closed","ping_status":"closed","sticky":false,"template":"","format":"standard","meta":{"footnotes":""},"categories":[2],"tags":[29,1487,1488],"ods":[],"class_list":["post-244460","post","type-post","status-publish","format-standard","has-post-thumbnail","hentry","category-noticias","tag-cultura","tag-museu-historico-e-cultural-de-jundiai","tag-solar-do-barao"],"_links":{"self":[{"href":"https:\/\/jundiai.sp.gov.br\/noticias\/wp-json\/wp\/v2\/posts\/244460","targetHints":{"allow":["GET"]}}],"collection":[{"href":"https:\/\/jundiai.sp.gov.br\/noticias\/wp-json\/wp\/v2\/posts"}],"about":[{"href":"https:\/\/jundiai.sp.gov.br\/noticias\/wp-json\/wp\/v2\/types\/post"}],"author":[{"embeddable":true,"href":"https:\/\/jundiai.sp.gov.br\/noticias\/wp-json\/wp\/v2\/users\/45"}],"replies":[{"embeddable":true,"href":"https:\/\/jundiai.sp.gov.br\/noticias\/wp-json\/wp\/v2\/comments?post=244460"}],"version-history":[{"count":3,"href":"https:\/\/jundiai.sp.gov.br\/noticias\/wp-json\/wp\/v2\/posts\/244460\/revisions"}],"predecessor-version":[{"id":244560,"href":"https:\/\/jundiai.sp.gov.br\/noticias\/wp-json\/wp\/v2\/posts\/244460\/revisions\/244560"}],"wp:featuredmedia":[{"embeddable":true,"href":"https:\/\/jundiai.sp.gov.br\/noticias\/wp-json\/wp\/v2\/media\/244461"}],"wp:attachment":[{"href":"https:\/\/jundiai.sp.gov.br\/noticias\/wp-json\/wp\/v2\/media?parent=244460"}],"wp:term":[{"taxonomy":"category","embeddable":true,"href":"https:\/\/jundiai.sp.gov.br\/noticias\/wp-json\/wp\/v2\/categories?post=244460"},{"taxonomy":"post_tag","embeddable":true,"href":"https:\/\/jundiai.sp.gov.br\/noticias\/wp-json\/wp\/v2\/tags?post=244460"},{"taxonomy":"ods","embeddable":true,"href":"https:\/\/jundiai.sp.gov.br\/noticias\/wp-json\/wp\/v2\/ods?post=244460"}],"curies":[{"name":"wp","href":"https:\/\/api.w.org\/{rel}","templated":true}]}}