{"id":244750,"date":"2020-02-10T12:15:32","date_gmt":"2020-02-10T14:15:32","guid":{"rendered":"https:\/\/jundiai.sp.gov.br\/noticias\/?p=244750"},"modified":"2020-02-10T12:15:32","modified_gmt":"2020-02-10T14:15:32","slug":"inscricoes-para-comercio-eventual-no-carnaval-estao-abertas","status":"publish","type":"post","link":"https:\/\/jundiai.sp.gov.br\/noticias\/2020\/02\/10\/inscricoes-para-comercio-eventual-no-carnaval-estao-abertas\/","title":{"rendered":"Inscri\u00e7\u00f5es para com\u00e9rcio eventual no Carnaval est\u00e3o abertas"},"content":{"rendered":"<p>Foi publicado na Imprensa Oficial desta segunda (10) o edital para com\u00e9rcio eventual (ambulante) durante o Carnaval 2020. Ser\u00e3o autorizados dez pontos para com\u00e9rcio eventual por trajeto da cada bloco carnavalesco, entre os dias 14 e 25 de fevereiro.<\/p>\n<p>Ser\u00e3o autorizadas somente instala\u00e7\u00f5es do tipo caixa de isopor, carrinho de tra\u00e7\u00e3o pela for\u00e7a humana, banca fixa e ve\u00edculo adaptado de pequeno porte, para produtos como \u00e1gua, suco, refrigerante, salgados, abad\u00e1s, confete e serpentina.<\/p>\n<p>O com\u00e9rcio de bebidas alco\u00f3licas e de garrafas de vidro ser\u00e1 proibido.<\/p>\n<div id=\"attachment_244753\" style=\"width: 1270px\" class=\"wp-caption aligncenter\"><img loading=\"lazy\" decoding=\"async\" aria-describedby=\"caption-attachment-244753\" class=\"size-full wp-image-244753\" src=\"https:\/\/jundiai.sp.gov.br\/noticias\/wp-content\/uploads\/sites\/32\/2020\/02\/carne-com-queijo-1.jpg\" alt=\"\" width=\"1260\" height=\"750\" srcset=\"https:\/\/jundiai.sp.gov.br\/noticias\/wp-content\/uploads\/sites\/32\/2020\/02\/carne-com-queijo-1.jpg 1260w, https:\/\/jundiai.sp.gov.br\/noticias\/wp-content\/uploads\/sites\/32\/2020\/02\/carne-com-queijo-1-300x179.jpg 300w, https:\/\/jundiai.sp.gov.br\/noticias\/wp-content\/uploads\/sites\/32\/2020\/02\/carne-com-queijo-1-768x457.jpg 768w\" sizes=\"auto, (max-width: 1260px) 100vw, 1260px\" \/><p id=\"caption-attachment-244753\" class=\"wp-caption-text\">Passagem de bloco no Carnaval 2019: ser\u00e3o autorizados dez pontos para com\u00e9rcio eventual por trajeto da cada bloco carnavalesco, entre os dias 14 e 25<\/p><\/div>\n<p>Haver\u00e1 sorteio para classifica\u00e7\u00e3o e lista de espera no dia 13 de fevereiro, quinta-feira, \u00e0s 14h na Divis\u00e3o de Fiscaliza\u00e7\u00e3o do Com\u00e9rcio, 1\u00b0 andar \u2013 Ala Norte, Pa\u00e7o Municipal. Os sorteados poder\u00e3o contar com dois auxiliares, maiores de 18 anos.<\/p>\n<p>Interessados devem se inscrever no Pa\u00e7o Municipal, 1\u00b0 andar, Ala Norte \u2013 Divis\u00e3o de Fiscaliza\u00e7\u00e3o do Com\u00e9rcio e do Ambulante, nos dias 11 e 12 de fevereiro (ter\u00e7a e quarta-feira), das 9h \u00e0s 15h. Devem ser apresentadas c\u00f3pias dos seguintes documentos: Certificado de Condi\u00e7\u00e3o do Microempreendedor Individual \u2013 MEI ou CPF; RG; Comprovante de resid\u00eancia; Atestado de Sa\u00fade Ocupacional espec\u00edfico para o manuseio de alimentos; documento do ve\u00edculo e foto 3&#215;4.<\/p>\n<p>Mais informa\u00e7\u00f5es podem ser conferidas na Imprensa Oficial desta segunda-feira, <a href=\"https:\/\/imprensaoficial.jundiai.sp.gov.br\/edicao-extra-4680\/\">aqui<\/a>.<\/p>\n<p><strong>Assessoria de Imprensa<br \/>\nFotos: Fot\u00f3grafos PMJ<\/strong><\/p>\n","protected":false},"excerpt":{"rendered":"<p>Foi publicado na Imprensa Oficial desta segunda (10) o edital para com\u00e9rcio eventual (ambulante) durante o Carnaval 2020. Ser\u00e3o autorizados dez pontos para com\u00e9rcio eventual por trajeto da cada bloco carnavalesco, entre os dias 14 e 25 de fevereiro. Ser\u00e3o autorizadas somente instala\u00e7\u00f5es do tipo caixa de isopor, carrinho de tra\u00e7\u00e3o pela for\u00e7a humana, banca [&hellip;]<\/p>\n","protected":false},"author":45,"featured_media":0,"comment_status":"closed","ping_status":"closed","sticky":false,"template":"","format":"standard","meta":{"footnotes":""},"categories":[2],"tags":[1483,77,983],"ods":[],"class_list":["post-244750","post","type-post","status-publish","format-standard","hentry","category-noticias","tag-carnaval-2020","tag-fiscalizacao-do-comercio","tag-governo-e-financas"],"_links":{"self":[{"href":"https:\/\/jundiai.sp.gov.br\/noticias\/wp-json\/wp\/v2\/posts\/244750","targetHints":{"allow":["GET"]}}],"collection":[{"href":"https:\/\/jundiai.sp.gov.br\/noticias\/wp-json\/wp\/v2\/posts"}],"about":[{"href":"https:\/\/jundiai.sp.gov.br\/noticias\/wp-json\/wp\/v2\/types\/post"}],"author":[{"embeddable":true,"href":"https:\/\/jundiai.sp.gov.br\/noticias\/wp-json\/wp\/v2\/users\/45"}],"replies":[{"embeddable":true,"href":"https:\/\/jundiai.sp.gov.br\/noticias\/wp-json\/wp\/v2\/comments?post=244750"}],"version-history":[{"count":4,"href":"https:\/\/jundiai.sp.gov.br\/noticias\/wp-json\/wp\/v2\/posts\/244750\/revisions"}],"predecessor-version":[{"id":244765,"href":"https:\/\/jundiai.sp.gov.br\/noticias\/wp-json\/wp\/v2\/posts\/244750\/revisions\/244765"}],"wp:attachment":[{"href":"https:\/\/jundiai.sp.gov.br\/noticias\/wp-json\/wp\/v2\/media?parent=244750"}],"wp:term":[{"taxonomy":"category","embeddable":true,"href":"https:\/\/jundiai.sp.gov.br\/noticias\/wp-json\/wp\/v2\/categories?post=244750"},{"taxonomy":"post_tag","embeddable":true,"href":"https:\/\/jundiai.sp.gov.br\/noticias\/wp-json\/wp\/v2\/tags?post=244750"},{"taxonomy":"ods","embeddable":true,"href":"https:\/\/jundiai.sp.gov.br\/noticias\/wp-json\/wp\/v2\/ods?post=244750"}],"curies":[{"name":"wp","href":"https:\/\/api.w.org\/{rel}","templated":true}]}}