{"id":244835,"date":"2020-02-10T19:09:54","date_gmt":"2020-02-10T21:09:54","guid":{"rendered":"https:\/\/jundiai.sp.gov.br\/noticias\/?p=244835"},"modified":"2020-02-10T19:10:27","modified_gmt":"2020-02-10T21:10:27","slug":"carnaval-contara-novamente-com-monitoramento-do-comite-integrado","status":"publish","type":"post","link":"https:\/\/jundiai.sp.gov.br\/noticias\/2020\/02\/10\/carnaval-contara-novamente-com-monitoramento-do-comite-integrado\/","title":{"rendered":"Carnaval contar\u00e1 novamente com monitoramento do Comit\u00ea Integrado"},"content":{"rendered":"<p>A fim de garantir a seguran\u00e7a dos foli\u00f5es e de todos os demais mun\u00edcipes, a Prefeitura de Jundia\u00ed trar\u00e1 de volta o Centro Integrado de Comando e Controle de Jundia\u00ed (CICCJ) para monitoramento remoto e &#8220;in loco&#8221; dos desfiles das escolas de samba e dos blocos de rua. A reuni\u00e3o final entre os representantes das Unidades de Gest\u00e3o da Prefeitura com os das For\u00e7as de Seguran\u00e7a envolvidas foi realizada na tarde desta segunda-feira (10), na Sala de Situa\u00e7\u00e3o do Pa\u00e7o Municipal, local onde o Comit\u00ea passar\u00e1 a funcionar a partir desta sexta-feira (14), data do primeiro desfile.<\/p>\n<p>Neste ano, ser\u00e3o realizados os desfiles de 15 blocos, entre os dias 14 de fevereiro e 01 de mar\u00e7o, com desfiles em dez dias. J\u00e1 de escolas de samba, oito agremia\u00e7\u00f5es se apresentam no Espa\u00e7o Multiuso da Cidade Administrativa: escolas do Grupo Especial no s\u00e1bado (22) e escolas do Grupo de Acesso na ter\u00e7a-feira (25).<\/p>\n<p>No encontro, os participantes revisaram os trajetos dos blocos que desfilam e as posi\u00e7\u00f5es dos blocos fixos, hor\u00e1rio de concentra\u00e7\u00e3o e dispers\u00e3o, atua\u00e7\u00e3o das For\u00e7as de Seguran\u00e7a na dispers\u00e3o, imagens a\u00e9reas e posicionamento das c\u00e2meras da Guarda Municipal, vias interditadas, n\u00famero de viaturas posicionadas, disposi\u00e7\u00e3o de lixeiras, instala\u00e7\u00e3o de gradis e banheiros qu\u00edmicos, entre outros.<\/p>\n<div id=\"attachment_244839\" style=\"width: 1034px\" class=\"wp-caption aligncenter\"><img loading=\"lazy\" decoding=\"async\" aria-describedby=\"caption-attachment-244839\" class=\"size-large wp-image-244839\" src=\"https:\/\/jundiai.sp.gov.br\/noticias\/wp-content\/uploads\/sites\/32\/2020\/02\/reuniao_comite_integrado_carnaval_cb-5-1280x854.jpg\" alt=\"\" width=\"1024\" height=\"683\" srcset=\"https:\/\/jundiai.sp.gov.br\/noticias\/wp-content\/uploads\/sites\/32\/2020\/02\/reuniao_comite_integrado_carnaval_cb-5-1280x854.jpg 1280w, https:\/\/jundiai.sp.gov.br\/noticias\/wp-content\/uploads\/sites\/32\/2020\/02\/reuniao_comite_integrado_carnaval_cb-5-300x200.jpg 300w, https:\/\/jundiai.sp.gov.br\/noticias\/wp-content\/uploads\/sites\/32\/2020\/02\/reuniao_comite_integrado_carnaval_cb-5-768x513.jpg 768w, https:\/\/jundiai.sp.gov.br\/noticias\/wp-content\/uploads\/sites\/32\/2020\/02\/reuniao_comite_integrado_carnaval_cb-5-450x300.jpg 450w, https:\/\/jundiai.sp.gov.br\/noticias\/wp-content\/uploads\/sites\/32\/2020\/02\/reuniao_comite_integrado_carnaval_cb-5.jpg 1323w\" sizes=\"auto, (max-width: 1024px) 100vw, 1024px\" \/><p id=\"caption-attachment-244839\" class=\"wp-caption-text\">Encontro reuniu representantes da Prefeitura e das For\u00e7as de Seguran\u00e7a para revisar aspectos da atua\u00e7\u00e3o do comit\u00ea<\/p><\/div>\n<p>O gestor da Unidade de Gest\u00e3o de Cultura (UGC), Marcelo Peroni, refor\u00e7a o funcionamento do Comit\u00ea. \u201cO CICCJ come\u00e7a a funcionar fisicamente aqui na Sala de Situa\u00e7\u00e3o na sexta (14), mas a partir da reuni\u00e3o ele j\u00e1 funciona virtualmente. Nosso di\u00e1logo com os representantes de cada agremia\u00e7\u00e3o sempre buscou o equil\u00edbrio, a fim de respeitar quem gosta de curtir o Carnaval na festa e quem prefere usar o per\u00edodo para descansar. O Comit\u00ea coroa esse di\u00e1logo e tem trazido nos \u00faltimos anos, por meio da integra\u00e7\u00e3o de for\u00e7as, Carnavais sem ocorr\u00eancias e infort\u00fanios\u201d.<\/p>\n<p>Peroni tamb\u00e9m identificou a atua\u00e7\u00e3o dos ambulantes. \u201cEste ano, como diferencial, a Prefeitura ir\u00e1 fornecer uniforme para os ambulantes credenciados a participar dos dias de desfile\u201d. <a href=\"https:\/\/jundiai.sp.gov.br\/noticias\/2020\/02\/10\/inscricoes-para-comercio-eventual-no-carnaval-estao-abertas\/\">Interessados devem se inscrever no Pa\u00e7o Municipal<\/a>, 1\u00b0 andar, Ala Norte \u2013 Divis\u00e3o de Fiscaliza\u00e7\u00e3o do Com\u00e9rcio e do Ambulante, nesta ter\u00e7a (11) e quarta-feira (12), das 9h \u00e0s 15h.<\/p>\n<p>Entre os integrantes do Comit\u00ea, e que participaram do encontro desta segunda (10), est\u00e3o: gestores e representantes das Unidades de Gest\u00e3o da Casa Civil (UGCC), de Cultura (UGC), de Mobilidade e Transporte (UGMT), de Infraestrutura e Servi\u00e7os P\u00fablicos (UGISP) e de Seguran\u00e7a Municipal (UGSM); da Guarda Municipal; do Gabinete de Gest\u00e3o Integrada Municipal (GGIM); das Pol\u00edcias Civil e Militar; do Corpo de Bombeiros; do Juizado de Menores; da Companhia de Inform\u00e1tica de Jundia\u00ed (Cijun); e do SAMU.<\/p>\n<p>A programa\u00e7\u00e3o completa dos desfiles pode ser conferida no <a href=\"https:\/\/cultura.jundiai.sp.gov.br\/carnaval-2020\/\" target=\"_blank\" rel=\"noopener noreferrer\">site da Cultura<\/a>.<\/p>\n<p><strong>Assessoria de Imprensa<br \/>\nFoto: Fot\u00f3grafos PMJ<\/strong><\/p>\n","protected":false},"excerpt":{"rendered":"<p>A fim de garantir a seguran\u00e7a dos foli\u00f5es e de todos os demais mun\u00edcipes, a Prefeitura de Jundia\u00ed trar\u00e1 de volta o Centro Integrado de Comando e Controle de Jundia\u00ed (CICCJ) para monitoramento remoto e &#8220;in loco&#8221; dos desfiles das escolas de samba e dos blocos de rua. A reuni\u00e3o final entre os representantes das [&hellip;]<\/p>\n","protected":false},"author":14,"featured_media":244839,"comment_status":"closed","ping_status":"closed","sticky":false,"template":"","format":"standard","meta":{"footnotes":""},"categories":[2],"tags":[13,1483,62,1150,29,250,983,31,982],"ods":[],"class_list":["post-244835","post","type-post","status-publish","format-standard","has-post-thumbnail","hentry","category-noticias","tag-carnaval","tag-carnaval-2020","tag-casa-civil","tag-centro-integrado-de-comando-e-controle-de-jundiai-ciccj","tag-cultura","tag-gabinete-de-gestao-integrada-municipal-ggim","tag-governo-e-financas","tag-guarda-municipal","tag-mobilidade-e-transporte"],"_links":{"self":[{"href":"https:\/\/jundiai.sp.gov.br\/noticias\/wp-json\/wp\/v2\/posts\/244835","targetHints":{"allow":["GET"]}}],"collection":[{"href":"https:\/\/jundiai.sp.gov.br\/noticias\/wp-json\/wp\/v2\/posts"}],"about":[{"href":"https:\/\/jundiai.sp.gov.br\/noticias\/wp-json\/wp\/v2\/types\/post"}],"author":[{"embeddable":true,"href":"https:\/\/jundiai.sp.gov.br\/noticias\/wp-json\/wp\/v2\/users\/14"}],"replies":[{"embeddable":true,"href":"https:\/\/jundiai.sp.gov.br\/noticias\/wp-json\/wp\/v2\/comments?post=244835"}],"version-history":[{"count":6,"href":"https:\/\/jundiai.sp.gov.br\/noticias\/wp-json\/wp\/v2\/posts\/244835\/revisions"}],"predecessor-version":[{"id":244844,"href":"https:\/\/jundiai.sp.gov.br\/noticias\/wp-json\/wp\/v2\/posts\/244835\/revisions\/244844"}],"wp:featuredmedia":[{"embeddable":true,"href":"https:\/\/jundiai.sp.gov.br\/noticias\/wp-json\/wp\/v2\/media\/244839"}],"wp:attachment":[{"href":"https:\/\/jundiai.sp.gov.br\/noticias\/wp-json\/wp\/v2\/media?parent=244835"}],"wp:term":[{"taxonomy":"category","embeddable":true,"href":"https:\/\/jundiai.sp.gov.br\/noticias\/wp-json\/wp\/v2\/categories?post=244835"},{"taxonomy":"post_tag","embeddable":true,"href":"https:\/\/jundiai.sp.gov.br\/noticias\/wp-json\/wp\/v2\/tags?post=244835"},{"taxonomy":"ods","embeddable":true,"href":"https:\/\/jundiai.sp.gov.br\/noticias\/wp-json\/wp\/v2\/ods?post=244835"}],"curies":[{"name":"wp","href":"https:\/\/api.w.org\/{rel}","templated":true}]}}