{"id":245009,"date":"2020-02-13T18:26:30","date_gmt":"2020-02-13T20:26:30","guid":{"rendered":"https:\/\/jundiai.sp.gov.br\/noticias\/?p=245009"},"modified":"2020-02-13T18:26:48","modified_gmt":"2020-02-13T20:26:48","slug":"guarda-municipal-reforca-o-efetivo-para-o-carnaval-2020","status":"publish","type":"post","link":"https:\/\/jundiai.sp.gov.br\/noticias\/2020\/02\/13\/guarda-municipal-reforca-o-efetivo-para-o-carnaval-2020\/","title":{"rendered":"Guarda Municipal refor\u00e7a o efetivo para o Carnaval 2020"},"content":{"rendered":"<div id=\"attachment_245010\" style=\"width: 730px\" class=\"wp-caption aligncenter\"><img loading=\"lazy\" decoding=\"async\" aria-describedby=\"caption-attachment-245010\" src=\"https:\/\/jundiai.sp.gov.br\/noticias\/wp-content\/uploads\/sites\/32\/2020\/02\/gm_cco.jpg\" alt=\"Centro de Controle Operacional (CCO) auxiliar\u00e1 a GM a garantir a seguran\u00e7a dos foli\u00f5es no Carnaval\" width=\"720\" height=\"505\" class=\"size-full wp-image-245010\" srcset=\"https:\/\/jundiai.sp.gov.br\/noticias\/wp-content\/uploads\/sites\/32\/2020\/02\/gm_cco.jpg 720w, https:\/\/jundiai.sp.gov.br\/noticias\/wp-content\/uploads\/sites\/32\/2020\/02\/gm_cco-300x210.jpg 300w\" sizes=\"auto, (max-width: 720px) 100vw, 720px\" \/><p id=\"caption-attachment-245010\" class=\"wp-caption-text\">Centro de Controle Operacional (CCO) auxiliar\u00e1 a GM a garantir a seguran\u00e7a dos foli\u00f5es no Carnaval<\/p><\/div>\n<p>Para garantir a seguran\u00e7a dos foli\u00f5es e demais mun\u00edcipes durante o Carnaval 2020, a Unidade de Gest\u00e3o de Seguran\u00e7a Municipal (UGSM) e a Guarda Municipal de Jundia\u00ed (GMJ) ir\u00e3o garantir para os dias 14, 15 e 16 de fevereiro (desfiles de blocos no Pr\u00e9-Carnaval), nos eventos do feriado (de 21 a 25 de fevereiro) e nos de P\u00f3s-Carnaval (de 29 de fevereiro a 1\u00ba de mar\u00e7o) a participa\u00e7\u00e3o de um efetivo condizente com o p\u00fablico esperado para os locais de desfiles.<\/p>\n<p>A atua\u00e7\u00e3o tamb\u00e9m garantir\u00e1 presen\u00e7a no Centro de Controle Operacional (CCO) da GMJ e no Centro Integrado de Comando e Controle de Jundia\u00ed (CICCJ), comit\u00ea este uma iniciativa da gest\u00e3o do prefeito Luiz Fernando Machado e que atua na Sala de Situa\u00e7\u00e3o do Pa\u00e7o Municipal, com a participa\u00e7\u00e3o de representantes das Unidades de Gest\u00e3o da Prefeitura e das demais For\u00e7as de Seguran\u00e7a.<\/p>\n<p>Segundo o coordenador da Divis\u00e3o Operacional da GM, inspetor Erick God\u00f3i, o contingente de guardas para o Carnaval ter\u00e1 como base o p\u00fablico presente em anos anteriores. \u201cPara os dias considerados com maior p\u00fablico, o efetivo contar\u00e1 com refor\u00e7o de agentes, distribu\u00eddos em \u00f4nibus de monitoramento, pontos de estacionamentos estrat\u00e9gicos e patrulhamento e vigil\u00e2ncia a p\u00e9 nos locais em que estrar\u00e3o os blocos e escolas de samba\u201d, destacou.<\/p>\n<p>Somado \u00e0 atua\u00e7\u00e3o do contingente, o trabalho \u201cin loco\u201d contar\u00e1 com o monitoramento em tempo real do CCO e do CICCJ para a tomada de decis\u00f5es conjuntas com todos os \u00f3rg\u00e3os envolvidos, a partir de facilidades trazidas com o uso de c\u00e2meras de seguran\u00e7a instaladas e drones. O CICCJ, por exemplo, inicia o monitoramento uma hora antes do in\u00edcio de cada desfile e se encerra somente ap\u00f3s a conclus\u00e3o da dispers\u00e3o, com o apoio de agentes das For\u00e7as Policiais e da Fiscaliza\u00e7\u00e3o de Tr\u00e2nsito da Unidade de Gest\u00e3o de Mobilidade e Transporte (UGMT).<\/p>\n<p>De acordo com o gestor da UGSM, Paulo S\u00e9rgio de Lemos Giacomelli Stel (Jac\u00f3), a ideia da GMJ \u00e9 proporcionar seguran\u00e7a aos foli\u00f5es e aos mun\u00edcipes. \u201cA integra\u00e7\u00e3o das For\u00e7as e das Unidades de Gest\u00e3o, bem como o monitoramento no local e remoto permitem que sejam feitas apenas as interven\u00e7\u00f5es preventivas e em situa\u00e7\u00f5es pontuais\u201d, completou.<\/p>\n<div id=\"attachment_245021\" style=\"width: 1270px\" class=\"wp-caption aligncenter\"><img loading=\"lazy\" decoding=\"async\" aria-describedby=\"caption-attachment-245021\" src=\"https:\/\/jundiai.sp.gov.br\/noticias\/wp-content\/uploads\/sites\/32\/2020\/02\/bloco-ponte-torta-243.jpg\" alt=\"\" width=\"1260\" height=\"759\" class=\"size-full wp-image-245021\" srcset=\"https:\/\/jundiai.sp.gov.br\/noticias\/wp-content\/uploads\/sites\/32\/2020\/02\/bloco-ponte-torta-243.jpg 1260w, https:\/\/jundiai.sp.gov.br\/noticias\/wp-content\/uploads\/sites\/32\/2020\/02\/bloco-ponte-torta-243-300x181.jpg 300w, https:\/\/jundiai.sp.gov.br\/noticias\/wp-content\/uploads\/sites\/32\/2020\/02\/bloco-ponte-torta-243-768x463.jpg 768w\" sizes=\"auto, (max-width: 1260px) 100vw, 1260px\" \/><p id=\"caption-attachment-245021\" class=\"wp-caption-text\">Patrulhamento e vigil\u00e2ncia a p\u00e9 nos locais dos desfiles far\u00e3o parte da a\u00e7\u00e3o da GMJ no monitoramento do Carnaval<\/p><\/div>\n<p><strong>Assessoria de Imprensa<\/strong><br \/>\n<strong>Foto: Fot\u00f3grafos PMJ<\/strong><\/p>\n","protected":false},"excerpt":{"rendered":"<p>Para garantir a seguran\u00e7a dos foli\u00f5es e demais mun\u00edcipes durante o Carnaval 2020, a Unidade de Gest\u00e3o de Seguran\u00e7a Municipal (UGSM) e a Guarda Municipal de Jundia\u00ed (GMJ) ir\u00e3o garantir para os dias 14, 15 e 16 de fevereiro (desfiles de blocos no Pr\u00e9-Carnaval), nos eventos do feriado (de 21 a 25 de fevereiro) e [&hellip;]<\/p>\n","protected":false},"author":54,"featured_media":245010,"comment_status":"closed","ping_status":"closed","sticky":false,"template":"","format":"standard","meta":{"footnotes":""},"categories":[2],"tags":[1483,31,948],"ods":[],"class_list":["post-245009","post","type-post","status-publish","format-standard","has-post-thumbnail","hentry","category-noticias","tag-carnaval-2020","tag-guarda-municipal","tag-seguranca-municipal"],"_links":{"self":[{"href":"https:\/\/jundiai.sp.gov.br\/noticias\/wp-json\/wp\/v2\/posts\/245009","targetHints":{"allow":["GET"]}}],"collection":[{"href":"https:\/\/jundiai.sp.gov.br\/noticias\/wp-json\/wp\/v2\/posts"}],"about":[{"href":"https:\/\/jundiai.sp.gov.br\/noticias\/wp-json\/wp\/v2\/types\/post"}],"author":[{"embeddable":true,"href":"https:\/\/jundiai.sp.gov.br\/noticias\/wp-json\/wp\/v2\/users\/54"}],"replies":[{"embeddable":true,"href":"https:\/\/jundiai.sp.gov.br\/noticias\/wp-json\/wp\/v2\/comments?post=245009"}],"version-history":[{"count":5,"href":"https:\/\/jundiai.sp.gov.br\/noticias\/wp-json\/wp\/v2\/posts\/245009\/revisions"}],"predecessor-version":[{"id":245022,"href":"https:\/\/jundiai.sp.gov.br\/noticias\/wp-json\/wp\/v2\/posts\/245009\/revisions\/245022"}],"wp:featuredmedia":[{"embeddable":true,"href":"https:\/\/jundiai.sp.gov.br\/noticias\/wp-json\/wp\/v2\/media\/245010"}],"wp:attachment":[{"href":"https:\/\/jundiai.sp.gov.br\/noticias\/wp-json\/wp\/v2\/media?parent=245009"}],"wp:term":[{"taxonomy":"category","embeddable":true,"href":"https:\/\/jundiai.sp.gov.br\/noticias\/wp-json\/wp\/v2\/categories?post=245009"},{"taxonomy":"post_tag","embeddable":true,"href":"https:\/\/jundiai.sp.gov.br\/noticias\/wp-json\/wp\/v2\/tags?post=245009"},{"taxonomy":"ods","embeddable":true,"href":"https:\/\/jundiai.sp.gov.br\/noticias\/wp-json\/wp\/v2\/ods?post=245009"}],"curies":[{"name":"wp","href":"https:\/\/api.w.org\/{rel}","templated":true}]}}