{"id":245257,"date":"2020-02-17T11:44:22","date_gmt":"2020-02-17T14:44:22","guid":{"rendered":"https:\/\/jundiai.sp.gov.br\/noticias\/?p=245257"},"modified":"2020-02-17T12:08:17","modified_gmt":"2020-02-17T15:08:17","slug":"sao-vicente-reforma-sala-de-tomografia","status":"publish","type":"post","link":"https:\/\/jundiai.sp.gov.br\/noticias\/2020\/02\/17\/sao-vicente-reforma-sala-de-tomografia\/","title":{"rendered":"S\u00e3o Vicente reforma sala de tomografia"},"content":{"rendered":"<p>No in\u00edcio do pr\u00f3ximo m\u00eas o Hospital de Caridade S\u00e3o Vicente de Paulo (HSV) ir\u00e1 entregar \u00e0 popula\u00e7\u00e3o uma sala totalmente reformada para a realiza\u00e7\u00e3o de exames de tomografia. Cerca de 80% das melhorias realizadas no espa\u00e7o j\u00e1 est\u00e3o conclu\u00eddas. \u201cReadequamos a sala para oferecer maior conforto aos pacientes, remanejamos a cabine de comando, refizemos toda a parte estrutural e el\u00e9trica, novos revestimentos de pisos e paredes\u201d, enumera Matheus Gomes, superintendente do HSV.<\/p>\n<div id=\"attachment_245258\" style=\"width: 1034px\" class=\"wp-caption aligncenter\"><img loading=\"lazy\" decoding=\"async\" aria-describedby=\"caption-attachment-245258\" class=\"size-large wp-image-245258\" src=\"https:\/\/jundiai.sp.gov.br\/noticias\/wp-content\/uploads\/sites\/32\/2020\/02\/nova-sala-de-tomografia-recebe-acabamentos-finais-e-dara-inicio-a-instalacao-de-equipamentos-1280x960.jpg\" alt=\"\" width=\"1024\" height=\"768\" srcset=\"https:\/\/jundiai.sp.gov.br\/noticias\/wp-content\/uploads\/sites\/32\/2020\/02\/nova-sala-de-tomografia-recebe-acabamentos-finais-e-dara-inicio-a-instalacao-de-equipamentos-1280x960.jpg 1280w, https:\/\/jundiai.sp.gov.br\/noticias\/wp-content\/uploads\/sites\/32\/2020\/02\/nova-sala-de-tomografia-recebe-acabamentos-finais-e-dara-inicio-a-instalacao-de-equipamentos-300x225.jpg 300w, https:\/\/jundiai.sp.gov.br\/noticias\/wp-content\/uploads\/sites\/32\/2020\/02\/nova-sala-de-tomografia-recebe-acabamentos-finais-e-dara-inicio-a-instalacao-de-equipamentos-768x576.jpg 768w, https:\/\/jundiai.sp.gov.br\/noticias\/wp-content\/uploads\/sites\/32\/2020\/02\/nova-sala-de-tomografia-recebe-acabamentos-finais-e-dara-inicio-a-instalacao-de-equipamentos.jpg 1300w\" sizes=\"auto, (max-width: 1024px) 100vw, 1024px\" \/><p id=\"caption-attachment-245258\" class=\"wp-caption-text\">Nova sala de tomografia recebe acabamentos finais e ter\u00e1 in\u00edcio \u00e0 instala\u00e7\u00e3o de equipamentos<\/p><\/div>\n<p>O HSV realiza em m\u00e9dia 1.631 exames de tomografia por m\u00eas. Em 2019 o total foi de 19.566 procedimentos realizados. O exame auxilia no diagn\u00f3stico de doen\u00e7as musculares e \u00f3sseas, a identificar e localizar tumores, infec\u00e7\u00f5es ou co\u00e1gulos, al\u00e9m de detectar e monitorar doen\u00e7as e les\u00f5es.<\/p>\n<p>As novas instala\u00e7\u00f5es ir\u00e3o funcionar em uma antiga sala de Radio-X, que tamb\u00e9m passou por revitaliza\u00e7\u00e3o e altera\u00e7\u00e3o de local recentemente. \u201cA sala fica no Pronto-Socorro Adulto (PSA) do HSV, garantindo o f\u00e1cil acesso inclusive de pacientes do setor de Emerg\u00eancia. Possui acessos independentes para pacientes e equipe m\u00e9dica\u201d, diz Matheus.<\/p>\n<div id=\"attachment_245259\" style=\"width: 1034px\" class=\"wp-caption aligncenter\"><img loading=\"lazy\" decoding=\"async\" aria-describedby=\"caption-attachment-245259\" class=\"size-large wp-image-245259\" src=\"https:\/\/jundiai.sp.gov.br\/noticias\/wp-content\/uploads\/sites\/32\/2020\/02\/sala-de-tomografia-sera-substituida-por-novas-instalacoes-1280x948.jpg\" alt=\"\" width=\"1024\" height=\"758\" srcset=\"https:\/\/jundiai.sp.gov.br\/noticias\/wp-content\/uploads\/sites\/32\/2020\/02\/sala-de-tomografia-sera-substituida-por-novas-instalacoes-1280x948.jpg 1280w, https:\/\/jundiai.sp.gov.br\/noticias\/wp-content\/uploads\/sites\/32\/2020\/02\/sala-de-tomografia-sera-substituida-por-novas-instalacoes-300x222.jpg 300w, https:\/\/jundiai.sp.gov.br\/noticias\/wp-content\/uploads\/sites\/32\/2020\/02\/sala-de-tomografia-sera-substituida-por-novas-instalacoes-768x569.jpg 768w, https:\/\/jundiai.sp.gov.br\/noticias\/wp-content\/uploads\/sites\/32\/2020\/02\/sala-de-tomografia-sera-substituida-por-novas-instalacoes.jpg 1300w\" sizes=\"auto, (max-width: 1024px) 100vw, 1024px\" \/><p id=\"caption-attachment-245259\" class=\"wp-caption-text\">Sala de tomografia ser\u00e1 substitu\u00edda por novas instala\u00e7\u00f5es<\/p><\/div>\n<p>A sala ser\u00e1 equipada com ar condicionado com controle de temperatura e umidade; bem como ilumina\u00e7\u00e3o de led dimeriz\u00e1vel, que permite total controle da intensidade de luz. As obras est\u00e3o em fase final de acabamento. A instala\u00e7\u00e3o de equipamentos deve ter in\u00edcio na pr\u00f3xima semana.<\/p>\n<p><strong>Assessoria de Imprensa HSV<\/strong><br \/>\n<strong>Fotos: Assessoria de Imprensa HSV<\/strong><\/p>\n","protected":false},"excerpt":{"rendered":"<p>No in\u00edcio do pr\u00f3ximo m\u00eas o Hospital de Caridade S\u00e3o Vicente de Paulo (HSV) ir\u00e1 entregar \u00e0 popula\u00e7\u00e3o uma sala totalmente reformada para a realiza\u00e7\u00e3o de exames de tomografia. Cerca de 80% das melhorias realizadas no espa\u00e7o j\u00e1 est\u00e3o conclu\u00eddas. \u201cReadequamos a sala para oferecer maior conforto aos pacientes, remanejamos a cabine de comando, refizemos [&hellip;]<\/p>\n","protected":false},"author":53,"featured_media":0,"comment_status":"closed","ping_status":"closed","sticky":false,"template":"","format":"standard","meta":{"footnotes":""},"categories":[2],"tags":[321],"ods":[],"class_list":["post-245257","post","type-post","status-publish","format-standard","hentry","category-noticias","tag-hospital-de-caridade-sao-vicente-de-paulo"],"_links":{"self":[{"href":"https:\/\/jundiai.sp.gov.br\/noticias\/wp-json\/wp\/v2\/posts\/245257","targetHints":{"allow":["GET"]}}],"collection":[{"href":"https:\/\/jundiai.sp.gov.br\/noticias\/wp-json\/wp\/v2\/posts"}],"about":[{"href":"https:\/\/jundiai.sp.gov.br\/noticias\/wp-json\/wp\/v2\/types\/post"}],"author":[{"embeddable":true,"href":"https:\/\/jundiai.sp.gov.br\/noticias\/wp-json\/wp\/v2\/users\/53"}],"replies":[{"embeddable":true,"href":"https:\/\/jundiai.sp.gov.br\/noticias\/wp-json\/wp\/v2\/comments?post=245257"}],"version-history":[{"count":3,"href":"https:\/\/jundiai.sp.gov.br\/noticias\/wp-json\/wp\/v2\/posts\/245257\/revisions"}],"predecessor-version":[{"id":245262,"href":"https:\/\/jundiai.sp.gov.br\/noticias\/wp-json\/wp\/v2\/posts\/245257\/revisions\/245262"}],"wp:attachment":[{"href":"https:\/\/jundiai.sp.gov.br\/noticias\/wp-json\/wp\/v2\/media?parent=245257"}],"wp:term":[{"taxonomy":"category","embeddable":true,"href":"https:\/\/jundiai.sp.gov.br\/noticias\/wp-json\/wp\/v2\/categories?post=245257"},{"taxonomy":"post_tag","embeddable":true,"href":"https:\/\/jundiai.sp.gov.br\/noticias\/wp-json\/wp\/v2\/tags?post=245257"},{"taxonomy":"ods","embeddable":true,"href":"https:\/\/jundiai.sp.gov.br\/noticias\/wp-json\/wp\/v2\/ods?post=245257"}],"curies":[{"name":"wp","href":"https:\/\/api.w.org\/{rel}","templated":true}]}}