{"id":245309,"date":"2020-02-17T18:43:42","date_gmt":"2020-02-17T21:43:42","guid":{"rendered":"https:\/\/jundiai.sp.gov.br\/noticias\/?p=245309"},"modified":"2020-08-06T12:14:31","modified_gmt":"2020-08-06T15:14:31","slug":"obras-em-tres-pracas-de-jundiai-estao-em-fase-final-de-execucao","status":"publish","type":"post","link":"https:\/\/jundiai.sp.gov.br\/noticias\/2020\/02\/17\/obras-em-tres-pracas-de-jundiai-estao-em-fase-final-de-execucao\/","title":{"rendered":"Obras em tr\u00eas pra\u00e7as de Jundia\u00ed est\u00e3o em fase final de execu\u00e7\u00e3o"},"content":{"rendered":"<p>As obras em tr\u00eas pra\u00e7as de Jundia\u00ed est\u00e3o perto do final. Duas delas cont\u00eam conceito &#8216;pet&#8217; &#8211; uma na Rua Chiara Lubuch, no Pq. Eloy Chaves, e a outra na Rua Luiz Ant\u00f4nio Aiello Filho, no Jardim Merci. A pra\u00e7a da Rua At\u00edlio Schiavi, na Vila Ang\u00e9lica, \u00e9 outra que est\u00e1 sendo revitalizada pela Prefeitura, atrav\u00e9s da Unidade de Gest\u00e3o de Infraestrutura e Servi\u00e7os P\u00fablicos (UGISP). Mais uma &#8216;Pra\u00e7a dos Dogs&#8217; est\u00e1 em fase inicial de revitaliza\u00e7\u00e3o: a da Rua Dr. Eloy Chaves, na Ponte S\u00e3o Jo\u00e3o.<\/p>\n<p>O espa\u00e7o do Pq. Eloy Chaves vem sendo observado pelas cadelas Julie (da ra\u00e7a Malt\u00eas) e Ravena (Samoieda) e pelo cachorro Max, um Golden Retriever. Seus donos moram perto da pra\u00e7a da Rua Chiara Lubuch e elogiaram a iniciativa da Prefeitura. \u201c\u00c9 um lugar perfeito para eu e minha esposa caminharmos e a Julie brincar\u201d, disse o especialista em Tecnologia da Informa\u00e7\u00e3o Andr\u00e9 Marques Felles. \u201cNo pr\u00e9dio em que moramos h\u00e1 restri\u00e7\u00e3o de transitar com animais pelas \u00e1reas comuns e aqui poderemos andar tranquilamente\u201d, emendou.<\/p>\n<p>&nbsp;<\/p>\n<div id=\"attachment_245315\" style=\"width: 1034px\" class=\"wp-caption aligncenter\"><img loading=\"lazy\" decoding=\"async\" aria-describedby=\"caption-attachment-245315\" class=\"size-large wp-image-245315\" src=\"https:\/\/jundiai.sp.gov.br\/noticias\/wp-content\/uploads\/sites\/32\/2020\/02\/praca_dos_dog_eloy_chaves-9-1280x795.jpg\" alt=\"Pra\u00e7a do Eloy Chaves ser\u00e1 entregue ao p\u00fablico no dia 5 de abril\" width=\"1024\" height=\"636\" srcset=\"https:\/\/jundiai.sp.gov.br\/noticias\/wp-content\/uploads\/sites\/32\/2020\/02\/praca_dos_dog_eloy_chaves-9-1280x795.jpg 1280w, https:\/\/jundiai.sp.gov.br\/noticias\/wp-content\/uploads\/sites\/32\/2020\/02\/praca_dos_dog_eloy_chaves-9-300x186.jpg 300w, https:\/\/jundiai.sp.gov.br\/noticias\/wp-content\/uploads\/sites\/32\/2020\/02\/praca_dos_dog_eloy_chaves-9-768x477.jpg 768w, https:\/\/jundiai.sp.gov.br\/noticias\/wp-content\/uploads\/sites\/32\/2020\/02\/praca_dos_dog_eloy_chaves-9.jpg 1323w\" sizes=\"auto, (max-width: 1024px) 100vw, 1024px\" \/><p id=\"caption-attachment-245315\" class=\"wp-caption-text\">Pra\u00e7a do Eloy Chaves ser\u00e1 entregue com conceito &#8216;pet&#8217; para atender a todas as idades al\u00e9m dos animais de estima\u00e7\u00e3o<\/p><\/div>\n<p>A dona de casa Rafaela Pincinato cuida com todo carinho de Ravena. A cadela parece que n\u00e3o v\u00ea a hora do espa\u00e7o estar \u00e0 disposi\u00e7\u00e3o da popula\u00e7\u00e3o. \u201cAcho \u00f3tima esta pra\u00e7a, que ali\u00e1s est\u00e1 ficando bem bonita. Antes este lugar n\u00e3o tinha serventia. Vamos ganhar uma verdadeira \u00e1rea de conviv\u00eancia, onde as crian\u00e7as podem brincar em um espa\u00e7o com muito verde e cheio de brinquedos, e os adultos vir\u00e3o para passear com seus c\u00e3es\u201d, revelou Rafaela. \u201cUma pra\u00e7a como essa nos d\u00e1 mais seguran\u00e7a e valoriza o nosso bairro\u201d, enalteceu.<\/p>\n<p>A pra\u00e7a da Rua Chiara Lubuch tem playground, quadra esportiva de areia, pista de caminhada, um amplo gramado, quiosque com mesa e bancos de concreto, ilumina\u00e7\u00e3o, bebedouro para os animais de estima\u00e7\u00e3o e um espa\u00e7o para agility (atividade na qual os animais fazem um percurso cheio de obst\u00e1culos no menor tempo poss\u00edvel).<\/p>\n<p>\u201cAdorei este espa\u00e7o. Antes, passeava com meu cachorro em outro local do bairro. \u00c9 uma \u00e1rea de conviv\u00eancia a c\u00e9u aberto para as pessoas e os animais\u201d, finalizou Rute Fermino, analista de Recursos Humanos e dona do c\u00e3o Max.<\/p>\n<div id=\"attachment_245316\" style=\"width: 1034px\" class=\"wp-caption aligncenter\"><img loading=\"lazy\" decoding=\"async\" aria-describedby=\"caption-attachment-245316\" class=\"size-large wp-image-245316\" src=\"https:\/\/jundiai.sp.gov.br\/noticias\/wp-content\/uploads\/sites\/32\/2020\/02\/praca_dos_dog_eloy_chaves-43-1280x927.jpg\" alt=\"Andr\u00e9 brinca com a cadela Julie no agility da pra\u00e7a do Eloy Chaves\" width=\"1024\" height=\"742\" srcset=\"https:\/\/jundiai.sp.gov.br\/noticias\/wp-content\/uploads\/sites\/32\/2020\/02\/praca_dos_dog_eloy_chaves-43-1280x927.jpg 1280w, https:\/\/jundiai.sp.gov.br\/noticias\/wp-content\/uploads\/sites\/32\/2020\/02\/praca_dos_dog_eloy_chaves-43-300x217.jpg 300w, https:\/\/jundiai.sp.gov.br\/noticias\/wp-content\/uploads\/sites\/32\/2020\/02\/praca_dos_dog_eloy_chaves-43-768x556.jpg 768w, https:\/\/jundiai.sp.gov.br\/noticias\/wp-content\/uploads\/sites\/32\/2020\/02\/praca_dos_dog_eloy_chaves-43.jpg 1323w\" sizes=\"auto, (max-width: 1024px) 100vw, 1024px\" \/><p id=\"caption-attachment-245316\" class=\"wp-caption-text\">Andr\u00e9 brinca com a cadela Julie no agility da pra\u00e7a do Eloy Chaves<\/p><\/div>\n<p><strong>Outras pra\u00e7as<\/strong><br \/>\nA Pra\u00e7a dos Dogs do Jardim Merci oferecer\u00e1 aos moradores da regi\u00e3o academia de gin\u00e1stica ao ar livre, playground para a garotada, jardim, quiosques e bancos para as pessoas sentarem. J\u00e1 a pra\u00e7a da Rua At\u00edlio Schiavi, na Vila Ang\u00e9lica, tem um pergolado de madeira (estrutura para \u00e1reas externas como jardins, varandas, fachadas e pra\u00e7as), jardim florido e pista de caminhada.<\/p>\n<p>\u201cEstamos criando novos espa\u00e7os de lazer para toda a fam\u00edlia frequentar. O conceito &#8216;pet&#8217; foi muito bem aceito pela popula\u00e7\u00e3o, como pudemos comprovar na inaugura\u00e7\u00e3o do espa\u00e7o na Av. 9 de Julho. Estas revitaliza\u00e7\u00f5es v\u00eam de encontro \u00e0 ideia desta administra\u00e7\u00e3o de promover um maior conv\u00edvio entre as pessoas\u201d, disse o gestor da UGISP, Adilson Rosa.<\/p>\n<p><strong>Assessoria de Imprensa<\/strong><br \/>\n<strong>Fotos: Fot\u00f3grafos PMJ<\/strong><\/p>\n","protected":false},"excerpt":{"rendered":"<p>As obras em tr\u00eas pra\u00e7as de Jundia\u00ed est\u00e3o perto do final. Duas delas cont\u00eam conceito &#8216;pet&#8217; &#8211; uma na Rua Chiara Lubuch, no Pq. Eloy Chaves, e a outra na Rua Luiz Ant\u00f4nio Aiello Filho, no Jardim Merci. A pra\u00e7a da Rua At\u00edlio Schiavi, na Vila Ang\u00e9lica, \u00e9 outra que est\u00e1 sendo revitalizada pela Prefeitura, [&hellip;]<\/p>\n","protected":false},"author":54,"featured_media":245320,"comment_status":"closed","ping_status":"closed","sticky":false,"template":"","format":"standard","meta":{"footnotes":""},"categories":[2],"tags":[985],"ods":[],"class_list":["post-245309","post","type-post","status-publish","format-standard","has-post-thumbnail","hentry","category-noticias","tag-infraestrutura-e-servicos-publicos"],"_links":{"self":[{"href":"https:\/\/jundiai.sp.gov.br\/noticias\/wp-json\/wp\/v2\/posts\/245309","targetHints":{"allow":["GET"]}}],"collection":[{"href":"https:\/\/jundiai.sp.gov.br\/noticias\/wp-json\/wp\/v2\/posts"}],"about":[{"href":"https:\/\/jundiai.sp.gov.br\/noticias\/wp-json\/wp\/v2\/types\/post"}],"author":[{"embeddable":true,"href":"https:\/\/jundiai.sp.gov.br\/noticias\/wp-json\/wp\/v2\/users\/54"}],"replies":[{"embeddable":true,"href":"https:\/\/jundiai.sp.gov.br\/noticias\/wp-json\/wp\/v2\/comments?post=245309"}],"version-history":[{"count":7,"href":"https:\/\/jundiai.sp.gov.br\/noticias\/wp-json\/wp\/v2\/posts\/245309\/revisions"}],"predecessor-version":[{"id":245343,"href":"https:\/\/jundiai.sp.gov.br\/noticias\/wp-json\/wp\/v2\/posts\/245309\/revisions\/245343"}],"wp:featuredmedia":[{"embeddable":true,"href":"https:\/\/jundiai.sp.gov.br\/noticias\/wp-json\/wp\/v2\/media\/245320"}],"wp:attachment":[{"href":"https:\/\/jundiai.sp.gov.br\/noticias\/wp-json\/wp\/v2\/media?parent=245309"}],"wp:term":[{"taxonomy":"category","embeddable":true,"href":"https:\/\/jundiai.sp.gov.br\/noticias\/wp-json\/wp\/v2\/categories?post=245309"},{"taxonomy":"post_tag","embeddable":true,"href":"https:\/\/jundiai.sp.gov.br\/noticias\/wp-json\/wp\/v2\/tags?post=245309"},{"taxonomy":"ods","embeddable":true,"href":"https:\/\/jundiai.sp.gov.br\/noticias\/wp-json\/wp\/v2\/ods?post=245309"}],"curies":[{"name":"wp","href":"https:\/\/api.w.org\/{rel}","templated":true}]}}