{"id":245401,"date":"2020-02-18T16:29:05","date_gmt":"2020-02-18T19:29:05","guid":{"rendered":"https:\/\/jundiai.sp.gov.br\/noticias\/?p=245401"},"modified":"2020-02-18T16:36:57","modified_gmt":"2020-02-18T19:36:57","slug":"hu-passa-dicas-para-um-carnaval-saudavel-com-seus-filhos","status":"publish","type":"post","link":"https:\/\/jundiai.sp.gov.br\/noticias\/2020\/02\/18\/hu-passa-dicas-para-um-carnaval-saudavel-com-seus-filhos\/","title":{"rendered":"HU passa dicas para um carnaval saud\u00e1vel com seus filhos"},"content":{"rendered":"<p>Muito mais que fantasia, confetes e m\u00e1scaras, nos dias de folia \u00e9 importante a seguran\u00e7a das crian\u00e7as. Os pais devem redobrar a aten\u00e7\u00e3o ao levar as crian\u00e7as para aproveitar o Carnaval. E para dar aquela ajudinha, a pediatra do Hospital Universit\u00e1rio (HU) Dra. M\u00f4nica Franco de Oliveira passa alguns cuidados que n\u00e3o devem ficar de fora da folia.<\/p>\n<p><img loading=\"lazy\" decoding=\"async\" class=\"aligncenter wp-image-245405 size-full\" src=\"https:\/\/jundiai.sp.gov.br\/noticias\/wp-content\/uploads\/sites\/32\/2020\/02\/carna.jpg\" alt=\"\" width=\"1024\" height=\"668\" srcset=\"https:\/\/jundiai.sp.gov.br\/noticias\/wp-content\/uploads\/sites\/32\/2020\/02\/carna.jpg 1024w, https:\/\/jundiai.sp.gov.br\/noticias\/wp-content\/uploads\/sites\/32\/2020\/02\/carna-300x196.jpg 300w, https:\/\/jundiai.sp.gov.br\/noticias\/wp-content\/uploads\/sites\/32\/2020\/02\/carna-768x501.jpg 768w\" sizes=\"auto, (max-width: 1024px) 100vw, 1024px\" \/><\/p>\n<ul>\n<li>Idade adequada: para cair na folia somente crian\u00e7as a partir de dois anos. Fique sempre de m\u00e3os dadas ou com o pequeno no colo. Se for pular carnaval no sal\u00e3o, observe se existe acesso \u00e0s escadas, se \u00e9 protegido por uma porta ou port\u00e3ozinho, se as janelas possuem telas ou grades;<\/li>\n<li>Roupas leves: evite roupas pesadas e que v\u00e3o fazer com que a crian\u00e7a sue muito. Isso pode provocar desidrata\u00e7\u00e3o. Tamb\u00e9m fique atento a bot\u00f5es e pequenos ornamentos, que podem se soltar e ser engolidos pela crian\u00e7a. Coloque identifica\u00e7\u00e3o na roupa;<\/li>\n<li>Intoxica\u00e7\u00e3o e engasgamento: observe se os produtos que ser\u00e3o utilizados (espuma, tinta para cabelo, glitter) s\u00e3o at\u00f3xicos e hipoalerg\u00eanicos. Explique para as crian\u00e7as que elas n\u00e3o devem colocar confete na boca, enrolar a serpentina no pesco\u00e7o ou brincar de jogar espuma nos olhos e na boca de outras pessoas. E maquiagem de adulto n\u00e3o deve ser usada em crian\u00e7a!;<\/li>\n<li>Alimenta\u00e7\u00e3o e hidrata\u00e7\u00e3o: n\u00e3o se esque\u00e7a de oferecer bastante \u00e1gua e alimentos leves por causa das altas temperaturas. Abuse das frutas e sucos;<\/li>\n<li>Cuidados com o sol: \u00e9 preciso passar protetor solar em crian\u00e7as a partir dos dois anos a cada duas horas e repelente em seguida. N\u00e3o se esque\u00e7a do chap\u00e9u ou bon\u00e9 para as festas ao ar livre;<\/li>\n<li>Som alto: a recomenda\u00e7\u00e3o \u00e9 ficar a uma dist\u00e2ncia m\u00ednima de 15 metros das caixas de som para n\u00e3o prejudicar a audi\u00e7\u00e3o das crian\u00e7as. Tamb\u00e9m \u00e9 recomendado evitar grandes aglomera\u00e7\u00f5es para proteger as crian\u00e7as de infec\u00e7\u00f5es virais.<\/li>\n<\/ul>\n<p>Lembre-se, Carnaval de crian\u00e7a n\u00e3o \u00e9 o mesmo de adulto! Pronto, ap\u00f3s dada a largada para a festa mais esperada do ano, coloque essas dicas em pr\u00e1tica. Tanto a crian\u00e7a quanto voc\u00ea ir\u00e3o aproveitar os agitos da folia com muito mais seguran\u00e7a e alegria.<\/p>\n<p><strong>Assessoria de Imprensa HU<br \/>\nFoto: Divulga\u00e7\u00e3o<\/strong><\/p>\n","protected":false},"excerpt":{"rendered":"<p>Muito mais que fantasia, confetes e m\u00e1scaras, nos dias de folia \u00e9 importante a seguran\u00e7a das crian\u00e7as. Os pais devem redobrar a aten\u00e7\u00e3o ao levar as crian\u00e7as para aproveitar o Carnaval. E para dar aquela ajudinha, a pediatra do Hospital Universit\u00e1rio (HU) Dra. M\u00f4nica Franco de Oliveira passa alguns cuidados que n\u00e3o devem ficar de [&hellip;]<\/p>\n","protected":false},"author":56,"featured_media":0,"comment_status":"closed","ping_status":"closed","sticky":false,"template":"","format":"standard","meta":{"footnotes":""},"categories":[2],"tags":[1483,52],"ods":[],"class_list":["post-245401","post","type-post","status-publish","format-standard","hentry","category-noticias","tag-carnaval-2020","tag-hospital-universitario-hu"],"_links":{"self":[{"href":"https:\/\/jundiai.sp.gov.br\/noticias\/wp-json\/wp\/v2\/posts\/245401","targetHints":{"allow":["GET"]}}],"collection":[{"href":"https:\/\/jundiai.sp.gov.br\/noticias\/wp-json\/wp\/v2\/posts"}],"about":[{"href":"https:\/\/jundiai.sp.gov.br\/noticias\/wp-json\/wp\/v2\/types\/post"}],"author":[{"embeddable":true,"href":"https:\/\/jundiai.sp.gov.br\/noticias\/wp-json\/wp\/v2\/users\/56"}],"replies":[{"embeddable":true,"href":"https:\/\/jundiai.sp.gov.br\/noticias\/wp-json\/wp\/v2\/comments?post=245401"}],"version-history":[{"count":8,"href":"https:\/\/jundiai.sp.gov.br\/noticias\/wp-json\/wp\/v2\/posts\/245401\/revisions"}],"predecessor-version":[{"id":245440,"href":"https:\/\/jundiai.sp.gov.br\/noticias\/wp-json\/wp\/v2\/posts\/245401\/revisions\/245440"}],"wp:attachment":[{"href":"https:\/\/jundiai.sp.gov.br\/noticias\/wp-json\/wp\/v2\/media?parent=245401"}],"wp:term":[{"taxonomy":"category","embeddable":true,"href":"https:\/\/jundiai.sp.gov.br\/noticias\/wp-json\/wp\/v2\/categories?post=245401"},{"taxonomy":"post_tag","embeddable":true,"href":"https:\/\/jundiai.sp.gov.br\/noticias\/wp-json\/wp\/v2\/tags?post=245401"},{"taxonomy":"ods","embeddable":true,"href":"https:\/\/jundiai.sp.gov.br\/noticias\/wp-json\/wp\/v2\/ods?post=245401"}],"curies":[{"name":"wp","href":"https:\/\/api.w.org\/{rel}","templated":true}]}}