{"id":245411,"date":"2020-02-18T15:58:43","date_gmt":"2020-02-18T18:58:43","guid":{"rendered":"https:\/\/jundiai.sp.gov.br\/noticias\/?p=245411"},"modified":"2020-02-18T15:58:43","modified_gmt":"2020-02-18T18:58:43","slug":"empresarios-lotam-ciesp-para-acompanhar-prestacao-de-contas-sobre-jundiai","status":"publish","type":"post","link":"https:\/\/jundiai.sp.gov.br\/noticias\/2020\/02\/18\/empresarios-lotam-ciesp-para-acompanhar-prestacao-de-contas-sobre-jundiai\/","title":{"rendered":"Empres\u00e1rios lotam Ciesp para acompanhar presta\u00e7\u00e3o de contas sobre Jundia\u00ed"},"content":{"rendered":"<p>Cerca de 300 empres\u00e1rios lotaram o audit\u00f3rio do Centro das Ind\u00fastrias do Estado de S\u00e3o Paulo (Ciesp), em Jundia\u00ed, na manh\u00e3 desta ter\u00e7a (18), durante a apresenta\u00e7\u00e3o de dados sobre a cidade, feita pelo prefeito Luiz Fernando Machado. Al\u00e9m de falar sobre infraestrutura e perspectivas econ\u00f4micas, o prefeito tamb\u00e9m respondeu a perguntas dos empres\u00e1rios sobre diversos temas.<\/p>\n<p>\u201cDestacamos o protagonismo do munic\u00edpio na presta\u00e7\u00e3o de servi\u00e7os e em \u00e1reas como Educa\u00e7\u00e3o e Sa\u00fade\u201d, afirmou Luiz Fernando Machado. \u201cEsta foi uma oportunidade importante de ressaltar, a um p\u00fablico qualificado de empres\u00e1rios e integrantes de startups, as vantagens de se estabelecer e permanecer em uma cidade como Jundia\u00ed\u201d.<\/p>\n<div id=\"attachment_245413\" style=\"width: 1034px\" class=\"wp-caption aligncenter\"><img loading=\"lazy\" decoding=\"async\" aria-describedby=\"caption-attachment-245413\" class=\"size-large wp-image-245413\" src=\"https:\/\/jundiai.sp.gov.br\/noticias\/wp-content\/uploads\/sites\/32\/2020\/02\/prestacao-de-contas-com-empresarios_c_-64-1280x853.jpg\" alt=\"\" width=\"1024\" height=\"682\" srcset=\"https:\/\/jundiai.sp.gov.br\/noticias\/wp-content\/uploads\/sites\/32\/2020\/02\/prestacao-de-contas-com-empresarios_c_-64-1280x853.jpg 1280w, https:\/\/jundiai.sp.gov.br\/noticias\/wp-content\/uploads\/sites\/32\/2020\/02\/prestacao-de-contas-com-empresarios_c_-64-300x200.jpg 300w, https:\/\/jundiai.sp.gov.br\/noticias\/wp-content\/uploads\/sites\/32\/2020\/02\/prestacao-de-contas-com-empresarios_c_-64-768x512.jpg 768w, https:\/\/jundiai.sp.gov.br\/noticias\/wp-content\/uploads\/sites\/32\/2020\/02\/prestacao-de-contas-com-empresarios_c_-64-450x300.jpg 450w, https:\/\/jundiai.sp.gov.br\/noticias\/wp-content\/uploads\/sites\/32\/2020\/02\/prestacao-de-contas-com-empresarios_c_-64.jpg 1323w\" sizes=\"auto, (max-width: 1024px) 100vw, 1024px\" \/><p id=\"caption-attachment-245413\" class=\"wp-caption-text\">Encontro no Ciesp: oportunidade de ressaltar, a um p\u00fablico qualificado de empres\u00e1rios, as vantagens de se estabelecer e permanecer em Jundia\u00ed<\/p><\/div>\n<p>O encontro foi aberto pelo diretor-presidente do Ciesp, Marcelo Cereser, que refor\u00e7ou a import\u00e2ncia da aproxima\u00e7\u00e3o entre o setor p\u00fablico e o privado. \u201cFoi uma honra receber o prefeito para apresentar esses dados e dialogar com o setor produtivo. Um dos nossos principais objetivos \u00e9 promover essa integra\u00e7\u00e3o, e o prefeito trouxe informa\u00e7\u00f5es valiosas aos nossos associados\u201d, afirmou, lembrando que o Ciesp completar\u00e1 70 anos de exist\u00eancia no pr\u00f3ximo dia 26 de mar\u00e7o.<\/p>\n<p>Ao final da apresenta\u00e7\u00e3o, foi composta uma mesa com o prefeito, o diretor-presidente do Ciesp, o gestor de Governo e Finan\u00e7as (UGGF), Jos\u00e9 Antonio Parimoschi, e Alexandro Zavarizi, 1\u00ba vice-diretor do Ciesp. Os empres\u00e1rios puderam fazer perguntas sobre v\u00e1rios temas \u2013 desde mobilidade e transporte at\u00e9 as medidas que est\u00e3o sendo tomadas pela administra\u00e7\u00e3o municipal para proteger a cidade contra o coronav\u00edrus, j\u00e1 que muitas empresas mant\u00eam rela\u00e7\u00f5es comerciais com a China.<\/p>\n<div id=\"attachment_245415\" style=\"width: 1034px\" class=\"wp-caption aligncenter\"><img loading=\"lazy\" decoding=\"async\" aria-describedby=\"caption-attachment-245415\" class=\"size-large wp-image-245415\" src=\"https:\/\/jundiai.sp.gov.br\/noticias\/wp-content\/uploads\/sites\/32\/2020\/02\/prestacao-de-contas-com-empresarios_c_-78-1280x853.jpg\" alt=\"\" width=\"1024\" height=\"682\" srcset=\"https:\/\/jundiai.sp.gov.br\/noticias\/wp-content\/uploads\/sites\/32\/2020\/02\/prestacao-de-contas-com-empresarios_c_-78-1280x853.jpg 1280w, https:\/\/jundiai.sp.gov.br\/noticias\/wp-content\/uploads\/sites\/32\/2020\/02\/prestacao-de-contas-com-empresarios_c_-78-300x200.jpg 300w, https:\/\/jundiai.sp.gov.br\/noticias\/wp-content\/uploads\/sites\/32\/2020\/02\/prestacao-de-contas-com-empresarios_c_-78-768x512.jpg 768w, https:\/\/jundiai.sp.gov.br\/noticias\/wp-content\/uploads\/sites\/32\/2020\/02\/prestacao-de-contas-com-empresarios_c_-78-450x300.jpg 450w, https:\/\/jundiai.sp.gov.br\/noticias\/wp-content\/uploads\/sites\/32\/2020\/02\/prestacao-de-contas-com-empresarios_c_-78.jpg 1323w\" sizes=\"auto, (max-width: 1024px) 100vw, 1024px\" \/><p id=\"caption-attachment-245415\" class=\"wp-caption-text\">Mesa composta ao final da apresenta\u00e7\u00e3o respondeu a perguntas dos empres\u00e1rios sobre diversos temas, como mobilidade e transporte<\/p><\/div>\n<p>Entre os dados apresentados, estiveram o PIB da cidade \u2013 que \u00e9 de R$ 41,2 bilh\u00f5es, o 7\u00ba maior PIB municipal do Estado de S\u00e3o Paulo e o 17\u00ba maior do Brasil \u2013 e o PIB per capita (divis\u00e3o da renda pelo n\u00famero de habitantes), que \u00e9 de R$ 100,7 mil, 114% maior que o \u00edndice paulista e 218% maior que o \u00edndice brasileiro. \u201cAgradecemos a presen\u00e7a do prefeito nesse encontro. Os n\u00fameros d\u00e3o inveja aos demais munic\u00edpios do Estado e do Brasil\u201d, disse Alexandro Zavarizi.<\/p>\n<p>Al\u00e9m do gestor da UGGF, tamb\u00e9m estiveram presentes os gestores de Planejamento Urbano e Meio Ambiente, Sin\u00e9sio Scarabello Filho; Desenvolvimento Econ\u00f4mico, Messias Mercadante; Casa Civil, Gustavo Maryssael de Campos; Inova\u00e7\u00e3o e Gest\u00e3o com o Cidad\u00e3o, Thiago Maia; e Infraestrutura e Servi\u00e7os, Adilson Rosa. O vereador Cristiano Lopes representou a C\u00e2mara Municipal.<\/p>\n<p><strong><span style=\"font-family: 'Arial',sans-serif;\">Assessoria de Imprensa<\/span><\/strong><span style=\"font-family: 'Arial',sans-serif;\"><br \/>\n<strong>Fotos: Fot\u00f3grafos PMJ<\/strong><\/span><\/p>\n","protected":false},"excerpt":{"rendered":"<p>Cerca de 300 empres\u00e1rios lotaram o audit\u00f3rio do Centro das Ind\u00fastrias do Estado de S\u00e3o Paulo (Ciesp), em Jundia\u00ed, na manh\u00e3 desta ter\u00e7a (18), durante a apresenta\u00e7\u00e3o de dados sobre a cidade, feita pelo prefeito Luiz Fernando Machado. Al\u00e9m de falar sobre infraestrutura e perspectivas econ\u00f4micas, o prefeito tamb\u00e9m respondeu a perguntas dos empres\u00e1rios sobre [&hellip;]<\/p>\n","protected":false},"author":45,"featured_media":0,"comment_status":"closed","ping_status":"closed","sticky":false,"template":"","format":"standard","meta":{"footnotes":""},"categories":[2],"tags":[62,983],"ods":[],"class_list":["post-245411","post","type-post","status-publish","format-standard","hentry","category-noticias","tag-casa-civil","tag-governo-e-financas"],"_links":{"self":[{"href":"https:\/\/jundiai.sp.gov.br\/noticias\/wp-json\/wp\/v2\/posts\/245411","targetHints":{"allow":["GET"]}}],"collection":[{"href":"https:\/\/jundiai.sp.gov.br\/noticias\/wp-json\/wp\/v2\/posts"}],"about":[{"href":"https:\/\/jundiai.sp.gov.br\/noticias\/wp-json\/wp\/v2\/types\/post"}],"author":[{"embeddable":true,"href":"https:\/\/jundiai.sp.gov.br\/noticias\/wp-json\/wp\/v2\/users\/45"}],"replies":[{"embeddable":true,"href":"https:\/\/jundiai.sp.gov.br\/noticias\/wp-json\/wp\/v2\/comments?post=245411"}],"version-history":[{"count":3,"href":"https:\/\/jundiai.sp.gov.br\/noticias\/wp-json\/wp\/v2\/posts\/245411\/revisions"}],"predecessor-version":[{"id":245418,"href":"https:\/\/jundiai.sp.gov.br\/noticias\/wp-json\/wp\/v2\/posts\/245411\/revisions\/245418"}],"wp:attachment":[{"href":"https:\/\/jundiai.sp.gov.br\/noticias\/wp-json\/wp\/v2\/media?parent=245411"}],"wp:term":[{"taxonomy":"category","embeddable":true,"href":"https:\/\/jundiai.sp.gov.br\/noticias\/wp-json\/wp\/v2\/categories?post=245411"},{"taxonomy":"post_tag","embeddable":true,"href":"https:\/\/jundiai.sp.gov.br\/noticias\/wp-json\/wp\/v2\/tags?post=245411"},{"taxonomy":"ods","embeddable":true,"href":"https:\/\/jundiai.sp.gov.br\/noticias\/wp-json\/wp\/v2\/ods?post=245411"}],"curies":[{"name":"wp","href":"https:\/\/api.w.org\/{rel}","templated":true}]}}