{"id":245421,"date":"2020-02-21T13:18:41","date_gmt":"2020-02-21T16:18:41","guid":{"rendered":"https:\/\/jundiai.sp.gov.br\/noticias\/?p=245421"},"modified":"2020-02-21T17:49:49","modified_gmt":"2020-02-21T20:49:49","slug":"prefeitura-de-jundiai-intensifica-obras-preventivas-em-rios-e-corregos","status":"publish","type":"post","link":"https:\/\/jundiai.sp.gov.br\/noticias\/2020\/02\/21\/prefeitura-de-jundiai-intensifica-obras-preventivas-em-rios-e-corregos\/","title":{"rendered":"Prefeitura intensifica obras preventivas em rios e c\u00f3rregos"},"content":{"rendered":"<div id=\"attachment_245423\" style=\"width: 1168px\" class=\"wp-caption aligncenter\"><img loading=\"lazy\" decoding=\"async\" aria-describedby=\"caption-attachment-245423\" class=\"size-full wp-image-245423\" src=\"https:\/\/jundiai.sp.gov.br\/noticias\/wp-content\/uploads\/sites\/32\/2020\/02\/desassoreamento-rio-guapeva-trecho-ponte-torta_c_-4.jpg\" alt=\"M\u00e1quinas fazem desassoreamento do Rio Guapeva, no trecho da Ponte Torta\" width=\"1158\" height=\"772\" \/><p id=\"caption-attachment-245423\" class=\"wp-caption-text\">M\u00e1quinas fazem desassoreamento do Rio Guapeva, no trecho da Ponte Torta<\/p><\/div>\n<p>A Prefeitura de Jundia\u00ed, atrav\u00e9s da Unidade de Gest\u00e3o de Infraestrutura e Servi\u00e7os P\u00fablicos (UGISP), est\u00e1 realizando obras de desassoreamento (remo\u00e7\u00e3o de areia, lodo, pedras e outros sedimentos), prote\u00e7\u00e3o e conten\u00e7\u00e3o das margens dos rios Jundia\u00ed e Guapeva, al\u00e9m do C\u00f3rrego do Mato. Os trabalhos v\u00eam sendo intensificados desde o come\u00e7o do ano, seguindo a determina\u00e7\u00e3o do prefeito Luiz Fernando Machado de agir preventivamente para evitar enchentes e transtornos \u00e0 popula\u00e7\u00e3o nesta \u00e9poca de chuvas de ver\u00e3o.<\/p>\n<p>Na altura do n\u00famero 1.305 da avenida 14 de Dezembro, est\u00e1 em andamento a recupera\u00e7\u00e3o das margens do Rio Guapeva. A UGISP j\u00e1 terminou a obra de conten\u00e7\u00e3o no trecho da Rua Prudente de Moraes, nas proximidades do Hospital Paulo Sacramento. No local, a Prefeitura ainda refez a cabeceira da ponte sobre o rio.<\/p>\n<p>Tamb\u00e9m est\u00e3o sendo realizadas melhorias nas margens do Rio Jundia\u00ed, na Vila Nambi, perto do pr\u00e9dio da CPFL, e nas proximidades do Rold\u00e3o; na foz do C\u00f3rrego do Mato e na margem direita e no fundo do mesmo c\u00f3rrego, com recupera\u00e7\u00e3o de placas de concreto no trecho da avenida Jundia\u00ed e no acesso \u00e0 rua do Retiro.<\/p>\n<p>Loriana Medeiros Melo mora perto das obras de conten\u00e7\u00e3o nas margens do Rio Guapeva e lembrou dos dias de chuvas fortes nos quais houve alagamento na regi\u00e3o. \u201c\u00c9 bom ver a Prefeitura fazer este tipo de obra para evitar enchentes. Os mun\u00edcipes devem fazer sua parte, n\u00e3o eliminando res\u00edduos org\u00e2nicos e recicl\u00e1veis no lugar errado\u201d, comentou Loriana.<\/p>\n<div id=\"attachment_245426\" style=\"width: 1034px\" class=\"wp-caption aligncenter\"><img loading=\"lazy\" decoding=\"async\" aria-describedby=\"caption-attachment-245426\" class=\"size-large wp-image-245426\" src=\"https:\/\/jundiai.sp.gov.br\/noticias\/wp-content\/uploads\/sites\/32\/2020\/02\/obras_recuperacao_placas_de_concreto_corrego_da_mata-14-1280x827.jpg\" alt=\"C\u00f3rrego do Mato, na Av. 9 de Julho, teve placas de concreto recuperadas\" width=\"1024\" height=\"662\" srcset=\"https:\/\/jundiai.sp.gov.br\/noticias\/wp-content\/uploads\/sites\/32\/2020\/02\/obras_recuperacao_placas_de_concreto_corrego_da_mata-14-1280x827.jpg 1280w, https:\/\/jundiai.sp.gov.br\/noticias\/wp-content\/uploads\/sites\/32\/2020\/02\/obras_recuperacao_placas_de_concreto_corrego_da_mata-14-300x194.jpg 300w, https:\/\/jundiai.sp.gov.br\/noticias\/wp-content\/uploads\/sites\/32\/2020\/02\/obras_recuperacao_placas_de_concreto_corrego_da_mata-14-768x496.jpg 768w, https:\/\/jundiai.sp.gov.br\/noticias\/wp-content\/uploads\/sites\/32\/2020\/02\/obras_recuperacao_placas_de_concreto_corrego_da_mata-14.jpg 1323w\" sizes=\"auto, (max-width: 1024px) 100vw, 1024px\" \/><p id=\"caption-attachment-245426\" class=\"wp-caption-text\">C\u00f3rrego do Mato, na Av. 9 de Julho, teve placas de concreto recuperadas<\/p><\/div>\n<p><strong>Foco na preven\u00e7\u00e3o<\/strong><br \/>\nPara o gestor da UGISP, Adilson Rosa, este conjunto de obras de recupera\u00e7\u00e3o de rios e c\u00f3rregos com foco na preven\u00e7\u00e3o de enchentes garante tamb\u00e9m a estrutura h\u00eddrica da cidade. \u201cJundia\u00ed passou pelos per\u00edodos de estiagem sem falta de \u00e1gua e, agora, na \u00e9poca de chuvas intensas, foram poucos os alagamentos registrados na cidade, por conta de a\u00e7\u00f5es preventivas que estamos tomando, como conten\u00e7\u00f5es de margens de rios e c\u00f3rregos, limpeza de bocas de lobo e obras de drenagem, como a que est\u00e1 em andamento na Vila Hortol\u00e2ndia e em outros bairros do munic\u00edpio\u201d, completou Adilson.<\/p>\n<p><strong>Assessoria de Imprensa<\/strong><br \/>\n<strong>Fotos: Fot\u00f3grafos PMJ<\/strong><\/p>\n","protected":false},"excerpt":{"rendered":"<p>A Prefeitura de Jundia\u00ed, atrav\u00e9s da Unidade de Gest\u00e3o de Infraestrutura e Servi\u00e7os P\u00fablicos (UGISP), est\u00e1 realizando obras de desassoreamento (remo\u00e7\u00e3o de areia, lodo, pedras e outros sedimentos), prote\u00e7\u00e3o e conten\u00e7\u00e3o das margens dos rios Jundia\u00ed e Guapeva, al\u00e9m do C\u00f3rrego do Mato. Os trabalhos v\u00eam sendo intensificados desde o come\u00e7o do ano, seguindo a [&hellip;]<\/p>\n","protected":false},"author":54,"featured_media":245837,"comment_status":"closed","ping_status":"closed","sticky":false,"template":"","format":"standard","meta":{"footnotes":""},"categories":[2],"tags":[985],"ods":[],"class_list":["post-245421","post","type-post","status-publish","format-standard","has-post-thumbnail","hentry","category-noticias","tag-infraestrutura-e-servicos-publicos"],"_links":{"self":[{"href":"https:\/\/jundiai.sp.gov.br\/noticias\/wp-json\/wp\/v2\/posts\/245421","targetHints":{"allow":["GET"]}}],"collection":[{"href":"https:\/\/jundiai.sp.gov.br\/noticias\/wp-json\/wp\/v2\/posts"}],"about":[{"href":"https:\/\/jundiai.sp.gov.br\/noticias\/wp-json\/wp\/v2\/types\/post"}],"author":[{"embeddable":true,"href":"https:\/\/jundiai.sp.gov.br\/noticias\/wp-json\/wp\/v2\/users\/54"}],"replies":[{"embeddable":true,"href":"https:\/\/jundiai.sp.gov.br\/noticias\/wp-json\/wp\/v2\/comments?post=245421"}],"version-history":[{"count":8,"href":"https:\/\/jundiai.sp.gov.br\/noticias\/wp-json\/wp\/v2\/posts\/245421\/revisions"}],"predecessor-version":[{"id":245774,"href":"https:\/\/jundiai.sp.gov.br\/noticias\/wp-json\/wp\/v2\/posts\/245421\/revisions\/245774"}],"wp:featuredmedia":[{"embeddable":true,"href":"https:\/\/jundiai.sp.gov.br\/noticias\/wp-json\/wp\/v2\/media\/245837"}],"wp:attachment":[{"href":"https:\/\/jundiai.sp.gov.br\/noticias\/wp-json\/wp\/v2\/media?parent=245421"}],"wp:term":[{"taxonomy":"category","embeddable":true,"href":"https:\/\/jundiai.sp.gov.br\/noticias\/wp-json\/wp\/v2\/categories?post=245421"},{"taxonomy":"post_tag","embeddable":true,"href":"https:\/\/jundiai.sp.gov.br\/noticias\/wp-json\/wp\/v2\/tags?post=245421"},{"taxonomy":"ods","embeddable":true,"href":"https:\/\/jundiai.sp.gov.br\/noticias\/wp-json\/wp\/v2\/ods?post=245421"}],"curies":[{"name":"wp","href":"https:\/\/api.w.org\/{rel}","templated":true}]}}