{"id":245607,"date":"2020-02-20T13:22:36","date_gmt":"2020-02-20T16:22:36","guid":{"rendered":"https:\/\/jundiai.sp.gov.br\/noticias\/?p=245607"},"modified":"2020-02-21T07:54:34","modified_gmt":"2020-02-21T10:54:34","slug":"grupo-de-alivio-da-dor-cronica-tem-inscricoes-abertas-para-novas-turmas","status":"publish","type":"post","link":"https:\/\/jundiai.sp.gov.br\/noticias\/2020\/02\/20\/grupo-de-alivio-da-dor-cronica-tem-inscricoes-abertas-para-novas-turmas\/","title":{"rendered":"Grupo de Al\u00edvio da Dor Cr\u00f4nica tem inscri\u00e7\u00f5es abertas para novas turmas"},"content":{"rendered":"<p>As dores cr\u00f4nicas s\u00e3o incapacitantes e comprometem a qualidade de vida das pessoas, reduzindo a mobilidade e induzindo ao uso constante de medica\u00e7\u00f5es. Com o objetivo de interromper o ciclo e propor pr\u00e1ticas que proporcionar\u00e3o melhor postura e atividades complementares aos cuidados com os quadros cl\u00ednicos, a Prefeitura de Jundia\u00ed, por meio da Unidade de Gest\u00e3o de Promo\u00e7\u00e3o da Sa\u00fade (UGPS), oferece os Grupos de Al\u00edvio da Dor, dispon\u00edveis no Centro de Conviv\u00eancia, Cultura, Trabalho e Gera\u00e7\u00e3o de Renda (Cecco), que est\u00e3o com as inscri\u00e7\u00f5es abertas para as pr\u00f3ximas turmas.<\/p>\n<div id=\"attachment_245654\" style=\"width: 1232px\" class=\"wp-caption aligncenter\"><img loading=\"lazy\" decoding=\"async\" aria-describedby=\"caption-attachment-245654\" class=\"size-full wp-image-245654\" src=\"https:\/\/jundiai.sp.gov.br\/noticias\/wp-content\/uploads\/sites\/32\/2020\/02\/grupo-alivio-da-dor-no-cecco_c_-32.jpg\" alt=\"\" width=\"1222\" height=\"814\" srcset=\"https:\/\/jundiai.sp.gov.br\/noticias\/wp-content\/uploads\/sites\/32\/2020\/02\/grupo-alivio-da-dor-no-cecco_c_-32.jpg 1222w, https:\/\/jundiai.sp.gov.br\/noticias\/wp-content\/uploads\/sites\/32\/2020\/02\/grupo-alivio-da-dor-no-cecco_c_-32-300x200.jpg 300w, https:\/\/jundiai.sp.gov.br\/noticias\/wp-content\/uploads\/sites\/32\/2020\/02\/grupo-alivio-da-dor-no-cecco_c_-32-768x512.jpg 768w, https:\/\/jundiai.sp.gov.br\/noticias\/wp-content\/uploads\/sites\/32\/2020\/02\/grupo-alivio-da-dor-no-cecco_c_-32-450x300.jpg 450w\" sizes=\"auto, (max-width: 1222px) 100vw, 1222px\" \/><p id=\"caption-attachment-245654\" class=\"wp-caption-text\">Grupos de Al\u00edvio da Dor s\u00e3o realizados de forma multiprofissional, com objetivo de melhorar a qualidade de vida das pessoas que sofrem com as dores cr\u00f4nicas<\/p><\/div>\n<p>Linda Feitosa, 62 anos, tem v\u00e1rios problemas na coluna vertebral. &#8220;Tenho lordose cervical e lombar. O m\u00e9dico j\u00e1 me disse que a dor irradia para as costelas e d\u00e1 a sensa\u00e7\u00e3o de aperto. Ultimamente estou sentindo como se queimasse. Estou bastante satisfeita com as primeiras impress\u00f5es com esse grupo. Aprendi muita coisa e as d\u00favidas foram esclarecidas&#8221;, comentou a mulher, interessada em saber sobre os exerc\u00edcios de fortalecimento da musculatura que envolve a coluna, j\u00e1 que a regi\u00e3o fortalecida reduz dores e movimenta\u00e7\u00f5es inadequadas das v\u00e9rtebras.<\/p>\n<p>A primeira turma do ano, iniciada no dia 13 de fevereiro, est\u00e1 no segundo de seus dez encontros. O caminhoneiro aposentado Bol\u00edvar Orlandi, 70 anos, j\u00e1 passou por tr\u00eas cirurgias na coluna. Agora, com osteoporose, n\u00e3o pode se submeter ao procedimento novamente. &#8220;Tenho muitas dores e o m\u00e9dico disse que n\u00e3o tem cura. S\u00e3o cr\u00f4nicas. Por isso a equipe da UBS Corrupira me encaminhou para esse grupo. Para saber o que pode ser feito para melhorar a qualidade de vida&#8221;, comentou.<\/p>\n<p>Segundo a gerente do Cecco, Fernanda Apol\u00f4nio, al\u00e9m das pessoas encaminhadas pelos equipamentos da Aten\u00e7\u00e3o B\u00e1sica, o Grupo de Al\u00edvio da Dor Cr\u00f4nica tamb\u00e9m conta com vagas aberta para demanda espont\u00e2nea. &#8220;Teremos 4 turmas ao longo do ano. As pessoas interessadas podem fazer a sua inscri\u00e7\u00e3o para as vagas futuras. Este ser\u00e1 o terceiro ano do desenvolvimento do trabalho pelo N\u00facleo de Apoio de Sa\u00fade da Fam\u00edlia (NASF), realizado multiprofissionalmente e que tem conquistado \u00f3timos resultados entre os participantes, como a redu\u00e7\u00e3o no consumo de medicamentos espec\u00edficos para dor e melhoria na qualidade de vida&#8221;, destaca.<\/p>\n<p>Os interessados em se inscrever para os pr\u00f3ximos grupos de dor podem entrar em contato com a unidade, que est\u00e1 localizada na Rua Benedito S\u00e9rgio de Oliveira, n\u00ba 220, no Parque Continental. O telefone do servi\u00e7o \u00e9 4537-3351.<\/p>\n<div id=\"attachment_245652\" style=\"width: 1034px\" class=\"wp-caption aligncenter\"><img loading=\"lazy\" decoding=\"async\" aria-describedby=\"caption-attachment-245652\" src=\"https:\/\/jundiai.sp.gov.br\/noticias\/wp-content\/uploads\/sites\/32\/2020\/02\/grupo-alivio-da-dor-no-cecco_c_-10-1280x853.jpg\" alt=\"\" width=\"1024\" height=\"682\" class=\"size-large wp-image-245652\" srcset=\"https:\/\/jundiai.sp.gov.br\/noticias\/wp-content\/uploads\/sites\/32\/2020\/02\/grupo-alivio-da-dor-no-cecco_c_-10-1280x853.jpg 1280w, https:\/\/jundiai.sp.gov.br\/noticias\/wp-content\/uploads\/sites\/32\/2020\/02\/grupo-alivio-da-dor-no-cecco_c_-10-300x200.jpg 300w, https:\/\/jundiai.sp.gov.br\/noticias\/wp-content\/uploads\/sites\/32\/2020\/02\/grupo-alivio-da-dor-no-cecco_c_-10-768x512.jpg 768w, https:\/\/jundiai.sp.gov.br\/noticias\/wp-content\/uploads\/sites\/32\/2020\/02\/grupo-alivio-da-dor-no-cecco_c_-10-450x300.jpg 450w, https:\/\/jundiai.sp.gov.br\/noticias\/wp-content\/uploads\/sites\/32\/2020\/02\/grupo-alivio-da-dor-no-cecco_c_-10.jpg 1323w\" sizes=\"auto, (max-width: 1024px) 100vw, 1024px\" \/><p id=\"caption-attachment-245652\" class=\"wp-caption-text\">Bol\u00edvar Orlandi procurou o grupo para buscar alternativas que melhorem a sua qualidade de vida<\/p><\/div>\n<p><strong>Assessoria de Imprensa<\/strong><br \/>\n<strong>Fotos: Fot\u00f3grafos PMJ<\/strong><\/p>\n<p>&nbsp;<\/p>\n","protected":false},"excerpt":{"rendered":"<p>As dores cr\u00f4nicas s\u00e3o incapacitantes e comprometem a qualidade de vida das pessoas, reduzindo a mobilidade e induzindo ao uso constante de medica\u00e7\u00f5es. Com o objetivo de interromper o ciclo e propor pr\u00e1ticas que proporcionar\u00e3o melhor postura e atividades complementares aos cuidados com os quadros cl\u00ednicos, a Prefeitura de Jundia\u00ed, por meio da Unidade de [&hellip;]<\/p>\n","protected":false},"author":39,"featured_media":245653,"comment_status":"closed","ping_status":"closed","sticky":false,"template":"","format":"standard","meta":{"footnotes":""},"categories":[2],"tags":[1118,981],"ods":[],"class_list":["post-245607","post","type-post","status-publish","format-standard","has-post-thumbnail","hentry","category-noticias","tag-cecco","tag-promocao-da-saude"],"_links":{"self":[{"href":"https:\/\/jundiai.sp.gov.br\/noticias\/wp-json\/wp\/v2\/posts\/245607","targetHints":{"allow":["GET"]}}],"collection":[{"href":"https:\/\/jundiai.sp.gov.br\/noticias\/wp-json\/wp\/v2\/posts"}],"about":[{"href":"https:\/\/jundiai.sp.gov.br\/noticias\/wp-json\/wp\/v2\/types\/post"}],"author":[{"embeddable":true,"href":"https:\/\/jundiai.sp.gov.br\/noticias\/wp-json\/wp\/v2\/users\/39"}],"replies":[{"embeddable":true,"href":"https:\/\/jundiai.sp.gov.br\/noticias\/wp-json\/wp\/v2\/comments?post=245607"}],"version-history":[{"count":11,"href":"https:\/\/jundiai.sp.gov.br\/noticias\/wp-json\/wp\/v2\/posts\/245607\/revisions"}],"predecessor-version":[{"id":245707,"href":"https:\/\/jundiai.sp.gov.br\/noticias\/wp-json\/wp\/v2\/posts\/245607\/revisions\/245707"}],"wp:featuredmedia":[{"embeddable":true,"href":"https:\/\/jundiai.sp.gov.br\/noticias\/wp-json\/wp\/v2\/media\/245653"}],"wp:attachment":[{"href":"https:\/\/jundiai.sp.gov.br\/noticias\/wp-json\/wp\/v2\/media?parent=245607"}],"wp:term":[{"taxonomy":"category","embeddable":true,"href":"https:\/\/jundiai.sp.gov.br\/noticias\/wp-json\/wp\/v2\/categories?post=245607"},{"taxonomy":"post_tag","embeddable":true,"href":"https:\/\/jundiai.sp.gov.br\/noticias\/wp-json\/wp\/v2\/tags?post=245607"},{"taxonomy":"ods","embeddable":true,"href":"https:\/\/jundiai.sp.gov.br\/noticias\/wp-json\/wp\/v2\/ods?post=245607"}],"curies":[{"name":"wp","href":"https:\/\/api.w.org\/{rel}","templated":true}]}}