{"id":245909,"date":"2020-02-26T13:23:34","date_gmt":"2020-02-26T16:23:34","guid":{"rendered":"https:\/\/jundiai.sp.gov.br\/noticias\/?p=245909"},"modified":"2020-02-26T13:23:34","modified_gmt":"2020-02-26T16:23:34","slug":"linha-559-tera-alteracao-de-horarios-a-partir-do-dia-2-de-marco","status":"publish","type":"post","link":"https:\/\/jundiai.sp.gov.br\/noticias\/2020\/02\/26\/linha-559-tera-alteracao-de-horarios-a-partir-do-dia-2-de-marco\/","title":{"rendered":"Linha 559 ter\u00e1 altera\u00e7\u00e3o de hor\u00e1rios a partir do dia 2 de mar\u00e7o"},"content":{"rendered":"<div id=\"attachment_245910\" style=\"width: 1034px\" class=\"wp-caption aligncenter\"><img loading=\"lazy\" decoding=\"async\" aria-describedby=\"caption-attachment-245910\" class=\"size-large wp-image-245910\" src=\"https:\/\/jundiai.sp.gov.br\/noticias\/wp-content\/uploads\/sites\/32\/2020\/02\/movimentacao_onibus-187-1280x854.jpg\" alt=\"Linha 559 (Terminal Col\u00f4nia - Jardim Molinari) ter\u00e1 novos hor\u00e1rios nos dias \u00fateis\" width=\"1024\" height=\"683\" srcset=\"https:\/\/jundiai.sp.gov.br\/noticias\/wp-content\/uploads\/sites\/32\/2020\/02\/movimentacao_onibus-187-1280x854.jpg 1280w, https:\/\/jundiai.sp.gov.br\/noticias\/wp-content\/uploads\/sites\/32\/2020\/02\/movimentacao_onibus-187-300x200.jpg 300w, https:\/\/jundiai.sp.gov.br\/noticias\/wp-content\/uploads\/sites\/32\/2020\/02\/movimentacao_onibus-187-768x513.jpg 768w, https:\/\/jundiai.sp.gov.br\/noticias\/wp-content\/uploads\/sites\/32\/2020\/02\/movimentacao_onibus-187-450x300.jpg 450w, https:\/\/jundiai.sp.gov.br\/noticias\/wp-content\/uploads\/sites\/32\/2020\/02\/movimentacao_onibus-187.jpg 1323w\" sizes=\"auto, (max-width: 1024px) 100vw, 1024px\" \/><p id=\"caption-attachment-245910\" class=\"wp-caption-text\">Linha 559 (Terminal Col\u00f4nia &#8211; Jardim Molinari) ter\u00e1 novos hor\u00e1rios nos dias \u00fateis<\/p><\/div>\n<p>A Unidade de Gest\u00e3o de Mobilidade e Transporte (UGMT) de Jundia\u00ed promover\u00e1 a partir da pr\u00f3xima segunda-feira (2) a altera\u00e7\u00e3o de hor\u00e1rios na linha 559 (Terminal Col\u00f4nia &#8211; Jardim Molinari) nos dias \u00fateis.<\/p>\n<p>No sentido terminal-bairro, o hor\u00e1rio da legenda B \u00e0s 17h50 passa a ser legenda A \u00e0s 18h10, assim como o hor\u00e1rio da legenda C \u00e0s 18h45, que passar\u00e1 a ser 18h50. No sentido bairro-terminal, o hor\u00e1rio da legenda C \u00e0s 18h30 passar\u00e1 para 18h35.<\/p>\n<p><strong>Assessoria de Imprensa<\/strong><br \/>\n<strong>Foto: Fot\u00f3grafos PMJ<\/strong><\/p>\n","protected":false},"excerpt":{"rendered":"<p>A Unidade de Gest\u00e3o de Mobilidade e Transporte (UGMT) de Jundia\u00ed promover\u00e1 a partir da pr\u00f3xima segunda-feira (2) a altera\u00e7\u00e3o de hor\u00e1rios na linha 559 (Terminal Col\u00f4nia &#8211; Jardim Molinari) nos dias \u00fateis. No sentido terminal-bairro, o hor\u00e1rio da legenda B \u00e0s 17h50 passa a ser legenda A \u00e0s 18h10, assim como o hor\u00e1rio da [&hellip;]<\/p>\n","protected":false},"author":54,"featured_media":245910,"comment_status":"closed","ping_status":"closed","sticky":false,"template":"","format":"standard","meta":{"footnotes":""},"categories":[2],"tags":[982,1121],"ods":[],"class_list":["post-245909","post","type-post","status-publish","format-standard","has-post-thumbnail","hentry","category-noticias","tag-mobilidade-e-transporte","tag-mobilidade-total"],"_links":{"self":[{"href":"https:\/\/jundiai.sp.gov.br\/noticias\/wp-json\/wp\/v2\/posts\/245909","targetHints":{"allow":["GET"]}}],"collection":[{"href":"https:\/\/jundiai.sp.gov.br\/noticias\/wp-json\/wp\/v2\/posts"}],"about":[{"href":"https:\/\/jundiai.sp.gov.br\/noticias\/wp-json\/wp\/v2\/types\/post"}],"author":[{"embeddable":true,"href":"https:\/\/jundiai.sp.gov.br\/noticias\/wp-json\/wp\/v2\/users\/54"}],"replies":[{"embeddable":true,"href":"https:\/\/jundiai.sp.gov.br\/noticias\/wp-json\/wp\/v2\/comments?post=245909"}],"version-history":[{"count":1,"href":"https:\/\/jundiai.sp.gov.br\/noticias\/wp-json\/wp\/v2\/posts\/245909\/revisions"}],"predecessor-version":[{"id":245911,"href":"https:\/\/jundiai.sp.gov.br\/noticias\/wp-json\/wp\/v2\/posts\/245909\/revisions\/245911"}],"wp:featuredmedia":[{"embeddable":true,"href":"https:\/\/jundiai.sp.gov.br\/noticias\/wp-json\/wp\/v2\/media\/245910"}],"wp:attachment":[{"href":"https:\/\/jundiai.sp.gov.br\/noticias\/wp-json\/wp\/v2\/media?parent=245909"}],"wp:term":[{"taxonomy":"category","embeddable":true,"href":"https:\/\/jundiai.sp.gov.br\/noticias\/wp-json\/wp\/v2\/categories?post=245909"},{"taxonomy":"post_tag","embeddable":true,"href":"https:\/\/jundiai.sp.gov.br\/noticias\/wp-json\/wp\/v2\/tags?post=245909"},{"taxonomy":"ods","embeddable":true,"href":"https:\/\/jundiai.sp.gov.br\/noticias\/wp-json\/wp\/v2\/ods?post=245909"}],"curies":[{"name":"wp","href":"https:\/\/api.w.org\/{rel}","templated":true}]}}