{"id":246024,"date":"2020-02-27T17:38:54","date_gmt":"2020-02-27T20:38:54","guid":{"rendered":"https:\/\/jundiai.sp.gov.br\/noticias\/?p=246024"},"modified":"2020-02-27T18:20:05","modified_gmt":"2020-02-27T21:20:05","slug":"patrulha-maria-da-penha-aborda-politicas-publicas-em-evento-de-empreendedorismo-do-sebrae","status":"publish","type":"post","link":"https:\/\/jundiai.sp.gov.br\/noticias\/2020\/02\/27\/patrulha-maria-da-penha-aborda-politicas-publicas-em-evento-de-empreendedorismo-do-sebrae\/","title":{"rendered":"Patrulha Maria da Penha aborda pol\u00edticas p\u00fablicas em evento de empreendedorismo do SEBRAE"},"content":{"rendered":"<div id=\"attachment_246025\" style=\"width: 1034px\" class=\"wp-caption aligncenter\"><img loading=\"lazy\" decoding=\"async\" aria-describedby=\"caption-attachment-246025\" class=\"size-large wp-image-246025\" src=\"https:\/\/jundiai.sp.gov.br\/noticias\/wp-content\/uploads\/sites\/32\/2020\/02\/mariadapenha_27fev2020-1280x853.jpg\" alt=\"Inscritas na primeira turma do programa Mil Mulheres receberam certificados\" width=\"1024\" height=\"682\" srcset=\"https:\/\/jundiai.sp.gov.br\/noticias\/wp-content\/uploads\/sites\/32\/2020\/02\/mariadapenha_27fev2020-1280x853.jpg 1280w, https:\/\/jundiai.sp.gov.br\/noticias\/wp-content\/uploads\/sites\/32\/2020\/02\/mariadapenha_27fev2020-300x200.jpg 300w, https:\/\/jundiai.sp.gov.br\/noticias\/wp-content\/uploads\/sites\/32\/2020\/02\/mariadapenha_27fev2020-768x512.jpg 768w, https:\/\/jundiai.sp.gov.br\/noticias\/wp-content\/uploads\/sites\/32\/2020\/02\/mariadapenha_27fev2020-450x300.jpg 450w\" sizes=\"auto, (max-width: 1024px) 100vw, 1024px\" \/><p id=\"caption-attachment-246025\" class=\"wp-caption-text\">Inscritas na primeira turma do programa Mil Mulheres receberam certificados<\/p><\/div>\n<p>Integrantes da equipe especializada Patrulha Guardi\u00e3 Maria da Penha, da Guarda Municipal de Jundia\u00ed, participaram na \u00faltima semana &#8211; na regional do SEBRAE-SP do munic\u00edpio &#8211; da formatura da primeira turma do Programa \u201cMil Mulheres\u201d Construindo Neg\u00f3cios com Impacto.<\/p>\n<p>Os GMs Anderson Santos Carvalho, Ana Paula Dur\u00e3es Pardin, Leopoldo Tiago de Almeida Pontes e Andr\u00e9ia Aparecida de Melo Pontes (esta, coordenadora da Patrulha) estiveram no treinamento a convite do programa Mil Mulheres e compartilharam experi\u00eancias do trabalho da Corpora\u00e7\u00e3o no apoio \u00e0s v\u00edtimas de agress\u00e3o. A equipe tamb\u00e9m explicou o avan\u00e7o da legisla\u00e7\u00e3o que combate este tipo de viol\u00eancia na consolida\u00e7\u00e3o de pol\u00edticas p\u00fablicas de prote\u00e7\u00e3o.<\/p>\n<p>\u201cTemos um longo caminho a percorrer. Fortalecer para denunciar o agressor mais pr\u00f3ximo e os demais que amea\u00e7am, al\u00e9m de atender cada vez mais e melhor para levar a conscientiza\u00e7\u00e3o. \u00c9 preciso que os homens olhem para as mulheres como companheiras, saibam escut\u00e1-las e compreend\u00ea-las\u201d, disse a GM Andr\u00e9ia \u00e0s mulheres participantes do treinamento.<\/p>\n<p>Com p\u00fablico-alvo amplo e foco principal na mulher que busca novos caminhos no empreendedorismo, cerca de 10 mulheres participaram de palestras com os seguintes temas: &#8216;Descomplique sua ideia de neg\u00f3cio&#8217;, &#8216;Descomplique empreendedorismo&#8217;, &#8216;Descomplique Marketing&#8217; e &#8216;Descomplique formaliza\u00e7\u00e3o&#8217;.<\/p>\n<p>A analista de neg\u00f3cios do SEBRAE e gestora do programa Mil Mulheres, Ana Fl\u00e1via Silva Moura, destacou a import\u00e2ncia da mulher em situa\u00e7\u00e3o de vulnerabilidade permanecer no mercado de trabalho. \u201cEste programa \u00e9 desenvolvido em todo o estado de S\u00e3o Paulo pelo SEBRAE e tem o objetivo de levar o empreendedorismo e a lideran\u00e7a para mulheres em situa\u00e7\u00e3o de vulnerabilidade, seja por viol\u00eancia f\u00edsica ou moral, seja por mulheres idosas, ind\u00edgenas ou com defici\u00eancia\u201d, revelou Ana Fl\u00e1via.<\/p>\n<p>Depoimentos emocionantes foram dados durante a entrega de certificados. Uma das participantes, que n\u00e3o quis se identificar, disse que foi uma oportunidade \u00fanica de desenvolver o empreendedorismo. &#8220;Neste treinamento, entendemos a import\u00e2ncia da organiza\u00e7\u00e3o e que podemos ser empreendedoras melhores&#8221;, disse a mulher de 45 anos.<\/p>\n<p>A equipe especializada Guardi\u00e3 Maria da Penha\u00a0atua desde 15 de julho de 2019 e j\u00e1 recebeu um total de 150 medidas protetivas de urg\u00eancia do Minist\u00e9rio P\u00fablico, realizando aproximadamente mil rondas com o prop\u00f3sito de garantir o cumprimento destas medidas.<\/p>\n<p><strong>Assessoria de Imprensa<br \/>\n<\/strong><strong>Foto: Fot\u00f3grafos PMJ<\/strong><\/p>\n","protected":false},"excerpt":{"rendered":"<p>Integrantes da equipe especializada Patrulha Guardi\u00e3 Maria da Penha, da Guarda Municipal de Jundia\u00ed, participaram na \u00faltima semana &#8211; na regional do SEBRAE-SP do munic\u00edpio &#8211; da formatura da primeira turma do Programa \u201cMil Mulheres\u201d Construindo Neg\u00f3cios com Impacto. Os GMs Anderson Santos Carvalho, Ana Paula Dur\u00e3es Pardin, Leopoldo Tiago de Almeida Pontes e Andr\u00e9ia [&hellip;]<\/p>\n","protected":false},"author":54,"featured_media":246025,"comment_status":"closed","ping_status":"closed","sticky":false,"template":"","format":"standard","meta":{"footnotes":""},"categories":[2],"tags":[31,1164,948],"ods":[],"class_list":["post-246024","post","type-post","status-publish","format-standard","has-post-thumbnail","hentry","category-noticias","tag-guarda-municipal","tag-patrulha-guardia-maria-da-penha","tag-seguranca-municipal"],"_links":{"self":[{"href":"https:\/\/jundiai.sp.gov.br\/noticias\/wp-json\/wp\/v2\/posts\/246024","targetHints":{"allow":["GET"]}}],"collection":[{"href":"https:\/\/jundiai.sp.gov.br\/noticias\/wp-json\/wp\/v2\/posts"}],"about":[{"href":"https:\/\/jundiai.sp.gov.br\/noticias\/wp-json\/wp\/v2\/types\/post"}],"author":[{"embeddable":true,"href":"https:\/\/jundiai.sp.gov.br\/noticias\/wp-json\/wp\/v2\/users\/54"}],"replies":[{"embeddable":true,"href":"https:\/\/jundiai.sp.gov.br\/noticias\/wp-json\/wp\/v2\/comments?post=246024"}],"version-history":[{"count":5,"href":"https:\/\/jundiai.sp.gov.br\/noticias\/wp-json\/wp\/v2\/posts\/246024\/revisions"}],"predecessor-version":[{"id":246068,"href":"https:\/\/jundiai.sp.gov.br\/noticias\/wp-json\/wp\/v2\/posts\/246024\/revisions\/246068"}],"wp:featuredmedia":[{"embeddable":true,"href":"https:\/\/jundiai.sp.gov.br\/noticias\/wp-json\/wp\/v2\/media\/246025"}],"wp:attachment":[{"href":"https:\/\/jundiai.sp.gov.br\/noticias\/wp-json\/wp\/v2\/media?parent=246024"}],"wp:term":[{"taxonomy":"category","embeddable":true,"href":"https:\/\/jundiai.sp.gov.br\/noticias\/wp-json\/wp\/v2\/categories?post=246024"},{"taxonomy":"post_tag","embeddable":true,"href":"https:\/\/jundiai.sp.gov.br\/noticias\/wp-json\/wp\/v2\/tags?post=246024"},{"taxonomy":"ods","embeddable":true,"href":"https:\/\/jundiai.sp.gov.br\/noticias\/wp-json\/wp\/v2\/ods?post=246024"}],"curies":[{"name":"wp","href":"https:\/\/api.w.org\/{rel}","templated":true}]}}