{"id":246194,"date":"2020-02-29T16:56:29","date_gmt":"2020-02-29T19:56:29","guid":{"rendered":"https:\/\/jundiai.sp.gov.br\/noticias\/?p=246194"},"modified":"2020-02-29T17:20:51","modified_gmt":"2020-02-29T20:20:51","slug":"obras-de-ampliacao-da-ubs-do-santa-gertrudes-comecam-em-marco","status":"publish","type":"post","link":"https:\/\/jundiai.sp.gov.br\/noticias\/2020\/02\/29\/obras-de-ampliacao-da-ubs-do-santa-gertrudes-comecam-em-marco\/","title":{"rendered":"Obras de amplia\u00e7\u00e3o da UBS do Santa Gertrudes come\u00e7am em mar\u00e7o"},"content":{"rendered":"<p>Moradores do Jardim Santa Gertrudes receberam o prefeito Luiz Fernando Machado, neste s\u00e1bado (29), para acompanhar o an\u00fancio dos investimentos garantidos para o bairro nas \u00e1reas de Sa\u00fade, Educa\u00e7\u00e3o e Seguran\u00e7a. Com in\u00edcio das obras em mar\u00e7o, o prefeito Luiz Fernando Machado assinou a ordem de servi\u00e7o (autoriza\u00e7\u00e3o) para a reforma e amplia\u00e7\u00e3o da UBS Santa Gertrudes.<\/p>\n<p>Al\u00e9m do prefeito, o encontro contou com a presen\u00e7a de gestores da administra\u00e7\u00e3o municipal, Guarda Municipal e Pol\u00edcia Militar, que puderam responder a perguntas e tirar d\u00favidas da popula\u00e7\u00e3o, e do vereador Dika Xique-Xique.<\/p>\n<div id=\"attachment_246200\" style=\"width: 1034px\" class=\"wp-caption aligncenter\"><img loading=\"lazy\" decoding=\"async\" aria-describedby=\"caption-attachment-246200\" class=\"size-large wp-image-246200\" src=\"https:\/\/jundiai.sp.gov.br\/noticias\/wp-content\/uploads\/sites\/32\/2020\/02\/ubs-santa-gertrudes-21-1280x905.jpg\" alt=\"\" width=\"1024\" height=\"724\" srcset=\"https:\/\/jundiai.sp.gov.br\/noticias\/wp-content\/uploads\/sites\/32\/2020\/02\/ubs-santa-gertrudes-21.jpg 1280w, https:\/\/jundiai.sp.gov.br\/noticias\/wp-content\/uploads\/sites\/32\/2020\/02\/ubs-santa-gertrudes-21-300x212.jpg 300w, https:\/\/jundiai.sp.gov.br\/noticias\/wp-content\/uploads\/sites\/32\/2020\/02\/ubs-santa-gertrudes-21-768x543.jpg 768w\" sizes=\"auto, (max-width: 1024px) 100vw, 1024px\" \/><p id=\"caption-attachment-246200\" class=\"wp-caption-text\">Investimentos para renovar a UBS s\u00e3o de R$ 906.800 (do programa Avan\u00e7a Jundia\u00ed) mais R$ 230.000 (recursos pr\u00f3prios da Prefeitura)<\/p><\/div>\n<p>Os investimentos para renovar a UBS s\u00e3o de R$ 906.800 (do programa Avan\u00e7a Jundia\u00ed) mais R$ 230.000 (recursos pr\u00f3prios da Prefeitura). \u201cEstamos levando melhorias para os bairros, em especial nas \u00e1reas de Sa\u00fade e Educa\u00e7\u00e3o, que s\u00e3o prioridade da administra\u00e7\u00e3o e onde \u00e9 investido mais da metade do or\u00e7amento municipal\u201d, destacou o prefeito.<\/p>\n<p>Na \u00e1rea da Educa\u00e7\u00e3o, o prefeito j\u00e1 esteve no bairro duas vezes e retornou, neste s\u00e1bado, para levar respostas aos pais sobre vagas e estrutura. Entre os investimentos anunciados, est\u00e3o R$ 358 mil para reforma e amplia\u00e7\u00e3o da EMEB Mercedes Basile Bonito, cujas obras ter\u00e3o in\u00edcio em mar\u00e7o. A escola ter\u00e1 duas novas salas e ir\u00e1 oferecer cem novas vagas em G4 e G5.<\/p>\n<div id=\"attachment_246201\" style=\"width: 1034px\" class=\"wp-caption aligncenter\"><img loading=\"lazy\" decoding=\"async\" aria-describedby=\"caption-attachment-246201\" class=\"size-large wp-image-246201\" src=\"https:\/\/jundiai.sp.gov.br\/noticias\/wp-content\/uploads\/sites\/32\/2020\/02\/investimentos_santa_gertrudes-35-1136x960.jpg\" alt=\"\" width=\"1024\" height=\"865\" srcset=\"https:\/\/jundiai.sp.gov.br\/noticias\/wp-content\/uploads\/sites\/32\/2020\/02\/investimentos_santa_gertrudes-35-1136x960.jpg 1136w, https:\/\/jundiai.sp.gov.br\/noticias\/wp-content\/uploads\/sites\/32\/2020\/02\/investimentos_santa_gertrudes-35-300x254.jpg 300w, https:\/\/jundiai.sp.gov.br\/noticias\/wp-content\/uploads\/sites\/32\/2020\/02\/investimentos_santa_gertrudes-35-768x649.jpg 768w, https:\/\/jundiai.sp.gov.br\/noticias\/wp-content\/uploads\/sites\/32\/2020\/02\/investimentos_santa_gertrudes-35.jpg 1323w\" sizes=\"auto, (max-width: 1024px) 100vw, 1024px\" \/><p id=\"caption-attachment-246201\" class=\"wp-caption-text\">Prefeito assinou a ordem de servi\u00e7o para in\u00edcio das obras durante encontro com moradores neste s\u00e1bado<\/p><\/div>\n<p>Tamb\u00e9m est\u00e3o sendo aplicados R$ 211.375 em quatro escolas da regi\u00e3o, para manuten\u00e7\u00f5es corretivas. S\u00e3o elas EMEB Carlos Foot (executado); EMEB Wilma Nalin F\u00e1varo (em andamento); EMEB Maria Elisabeth (in\u00edcio no primeiro semestre deste ano) e a pr\u00f3pria EMEB Mercedes, cujas obras de manuten\u00e7\u00e3o j\u00e1 foram executadas.<\/p>\n<p><strong>C\u00e2meras<\/strong><\/p>\n<p>Al\u00e9m dos investimentos anunciados na Educa\u00e7\u00e3o e na Sa\u00fade, o prefeito apresentou o projeto e o cronograma de instala\u00e7\u00e3o do sistema de Muralha Virtual de vigil\u00e2ncia eletr\u00f4nica\u00a0 do Santa\u00a0 Gertrudes. Ser\u00e3o instaladas 18 c\u00e2meras com capacidade para leitura de placas de carros e que disparam alarmes para a Central de Opera\u00e7\u00f5es da Guarda Municipal em casos de ve\u00edculos furtados ou para intercepta\u00e7\u00e3o de ve\u00edculos utilizados em crimes de roubos, furtos e outros delitos. Os investimentos previstos para aquisi\u00e7\u00e3o dos equipamentos est\u00e3o em um conv\u00eanio com o Minist\u00e9rio da Justi\u00e7a e da Seguran\u00e7a P\u00fablica, no valor de mais de R$ 528 mil, assinado pela Prefeitura em 31 de dezembro passado. Neste momento, a prefeitura est\u00e1 preparando o edital para licita\u00e7\u00e3o dos equipamentos e sistemas.<\/p>\n<p>Antes dessa etapa, a prefeitura, por meio da Companhia de Inform\u00e1tica de Jundia\u00ed (CIJUN), instalou a infraestrutura de cabos de fibra \u00f3tica, necess\u00e1ria para instalar o sistema de videomonitoramento por c\u00e2meras, que j\u00e1 tem uma c\u00e2mera monitorando o bairro em fase de testes. Todas as etapas est\u00e3o sendo cumpridas conforme o cronograma estabelecido.<\/p>\n<p>A diretora da EMEB, Solange Maria de Lourdes Mendes, que cedeu o espa\u00e7o da escola para o encontro, agradeceu a presen\u00e7a do prefeito e elogiou o interesse da popula\u00e7\u00e3o. \u201cEstamos aqui para levar sugest\u00f5es e tamb\u00e9m saber o que est\u00e1 sendo feito, principalmente na \u00e1rea da Educa\u00e7\u00e3o, pois s\u00f3 com ela poderemos avan\u00e7ar\u201d, ressaltou.<\/p>\n<p><strong>Assessoria de Imprensa<\/strong><br \/>\n<strong>Fotos: Fot\u00f3grafos PMJ<\/strong><\/p>\n","protected":false},"excerpt":{"rendered":"<p>Moradores do Jardim Santa Gertrudes receberam o prefeito Luiz Fernando Machado, neste s\u00e1bado (29), para acompanhar o an\u00fancio dos investimentos garantidos para o bairro nas \u00e1reas de Sa\u00fade, Educa\u00e7\u00e3o e Seguran\u00e7a. Com in\u00edcio das obras em mar\u00e7o, o prefeito Luiz Fernando Machado assinou a ordem de servi\u00e7o (autoriza\u00e7\u00e3o) para a reforma e amplia\u00e7\u00e3o da UBS [&hellip;]<\/p>\n","protected":false},"author":45,"featured_media":0,"comment_status":"closed","ping_status":"closed","sticky":false,"template":"","format":"standard","meta":{"footnotes":""},"categories":[2],"tags":[6,983,3,1219],"ods":[],"class_list":["post-246194","post","type-post","status-publish","format-standard","hentry","category-noticias","tag-educacao","tag-governo-e-financas","tag-saude","tag-seguranca"],"_links":{"self":[{"href":"https:\/\/jundiai.sp.gov.br\/noticias\/wp-json\/wp\/v2\/posts\/246194","targetHints":{"allow":["GET"]}}],"collection":[{"href":"https:\/\/jundiai.sp.gov.br\/noticias\/wp-json\/wp\/v2\/posts"}],"about":[{"href":"https:\/\/jundiai.sp.gov.br\/noticias\/wp-json\/wp\/v2\/types\/post"}],"author":[{"embeddable":true,"href":"https:\/\/jundiai.sp.gov.br\/noticias\/wp-json\/wp\/v2\/users\/45"}],"replies":[{"embeddable":true,"href":"https:\/\/jundiai.sp.gov.br\/noticias\/wp-json\/wp\/v2\/comments?post=246194"}],"version-history":[{"count":8,"href":"https:\/\/jundiai.sp.gov.br\/noticias\/wp-json\/wp\/v2\/posts\/246194\/revisions"}],"predecessor-version":[{"id":246205,"href":"https:\/\/jundiai.sp.gov.br\/noticias\/wp-json\/wp\/v2\/posts\/246194\/revisions\/246205"}],"wp:attachment":[{"href":"https:\/\/jundiai.sp.gov.br\/noticias\/wp-json\/wp\/v2\/media?parent=246194"}],"wp:term":[{"taxonomy":"category","embeddable":true,"href":"https:\/\/jundiai.sp.gov.br\/noticias\/wp-json\/wp\/v2\/categories?post=246194"},{"taxonomy":"post_tag","embeddable":true,"href":"https:\/\/jundiai.sp.gov.br\/noticias\/wp-json\/wp\/v2\/tags?post=246194"},{"taxonomy":"ods","embeddable":true,"href":"https:\/\/jundiai.sp.gov.br\/noticias\/wp-json\/wp\/v2\/ods?post=246194"}],"curies":[{"name":"wp","href":"https:\/\/api.w.org\/{rel}","templated":true}]}}