{"id":246226,"date":"2020-03-02T12:12:36","date_gmt":"2020-03-02T15:12:36","guid":{"rendered":"https:\/\/jundiai.sp.gov.br\/noticias\/?p=246226"},"modified":"2020-03-05T10:14:34","modified_gmt":"2020-03-05T13:14:34","slug":"evento-celebra-37-anos-do-tombamento-da-serra-do-japi","status":"publish","type":"post","link":"https:\/\/jundiai.sp.gov.br\/noticias\/2020\/03\/02\/evento-celebra-37-anos-do-tombamento-da-serra-do-japi\/","title":{"rendered":"Evento celebra 37 anos do tombamento da Serra do Japi"},"content":{"rendered":"<p>Um encontro entre pesquisadores, especialistas em fauna e flora e o prefeito de Jundia\u00ed, Luiz Fernando Machado, agendado para a pr\u00f3xima sexta-feira (6), \u00e0s 11h no Pa\u00e7o Municipal, marcar\u00e1 os 37 anos de tombamento da Serra do Japi e a apresenta\u00e7\u00e3o de uma pesquisa cujo palco foi o maior patrim\u00f4nio ambiental da Regi\u00e3o.<\/p>\n<p>Tamb\u00e9m participar\u00e3o do evento a superintendente da Funda\u00e7\u00e3o Serra do Japi, Vania Plaza Nunes, o gestor da Unidade de Gest\u00e3o de Planejamento Urbano e Meio Ambiente (UGPUMA), Sin\u00e9sio Scarabello Filho, o diretor do departamento de Meio Ambiente da UGPUMA, Wagner Paiva, e o bi\u00f3logo e professor Felipe Amorim, do Instituto de Bioci\u00eancias da Universidade Estadual Paulista (Unesp) &#8211; c\u00e2mpus de Botucatu. Amorim far\u00e1 a palestra \u201cBons c\u00e9us, que animal poliniza essa planta? Hist\u00f3rias sobre as intera\u00e7\u00f5es entre plantas e polinizadores e como isso afeta as nossas vidas\u201d, que<a href=\"https:\/\/docs.google.com\/forms\/d\/e\/1FAIpQLSeP3Oz8E3TFYIn_UbsUAmhHMIzZADvJGmWgbKnD-hp4o8n2fg\/viewform\"> est\u00e1 com inscri\u00e7\u00f5es abertas<\/a>.<\/p>\n<div id=\"attachment_246228\" style=\"width: 2058px\" class=\"wp-caption alignnone\"><img loading=\"lazy\" decoding=\"async\" aria-describedby=\"caption-attachment-246228\" class=\"size-full wp-image-246228\" src=\"https:\/\/jundiai.sp.gov.br\/noticias\/wp-content\/uploads\/sites\/32\/2020\/03\/serra-do-japi-16.jpg\" alt=\"ombamento da Serra do Japi completa 37 anos em 2020 com palestra sobre pesquisa\" width=\"2048\" height=\"1366\" srcset=\"https:\/\/jundiai.sp.gov.br\/noticias\/wp-content\/uploads\/sites\/32\/2020\/03\/serra-do-japi-16.jpg 2048w, https:\/\/jundiai.sp.gov.br\/noticias\/wp-content\/uploads\/sites\/32\/2020\/03\/serra-do-japi-16-300x200.jpg 300w, https:\/\/jundiai.sp.gov.br\/noticias\/wp-content\/uploads\/sites\/32\/2020\/03\/serra-do-japi-16-768x512.jpg 768w, https:\/\/jundiai.sp.gov.br\/noticias\/wp-content\/uploads\/sites\/32\/2020\/03\/serra-do-japi-16-1280x854.jpg 1280w, https:\/\/jundiai.sp.gov.br\/noticias\/wp-content\/uploads\/sites\/32\/2020\/03\/serra-do-japi-16-450x300.jpg 450w\" sizes=\"auto, (max-width: 2048px) 100vw, 2048px\" \/><p id=\"caption-attachment-246228\" class=\"wp-caption-text\">Tombamento da Serra do Japi completa 37 anos em 2020 com palestra sobre pesquisa<\/p><\/div>\n<p>O encontro ser\u00e1, na verdade, um relato do trabalho realizado. A pesquisa do professor Felipe e de sua equipe, a ser apresentada no Pa\u00e7o, \u00e9 in\u00e9dita e de grande import\u00e2ncia para o conhecimento cient\u00edfico sobre uma planta pouco estudada e que foi encontrada na Serra do Japi: a Scybalium fungiforme. Ficou provado pelo grupo de Amorim que os gamb\u00e1s s\u00e3o fundamentais para a abertura e a poliniza\u00e7\u00e3o desta planta, encontrada em poucas localidades do mundo, entre elas a Serra do Japi.<\/p>\n<p>\u201cJundia\u00ed tem ainda mais motivos para ter orgulho de sua serra. Ela foi palco da pesquisa do professor Felipe e de seus alunos, tema de mat\u00e9ria publicada na vers\u00e3o on-line da revista \u2018Ecology Society of America\u2019, uma das mais conceituadas do planeta\u201d, revelou Vania.<\/p>\n<p>O trabalho comandado por Felipe e os demais pesquisadores da Unesp trouxe a resposta a uma d\u00favida que durava duas d\u00e9cadas: s\u00f3 os roedores, como os ratos, estavam se alimentando da Scybalium fungiforme e ajudando a polinizar outras plantas? A resposta era negativa, pois os gamb\u00e1s tamb\u00e9m faziam este trabalho. A desconfian\u00e7a foi apontada inicialmente pela bi\u00f3loga Patr\u00edcia Morellato, do c\u00e2mpus de Rio Claro da Unesp.<\/p>\n<p>A superintendente ressaltou ainda que, no dia 8 de mar\u00e7o deste ano, ser\u00e1 lembrado o 37\u00ba anivers\u00e1rio de tombamento da Serra do Japi, feito em 1983 pelo Conselho de Defesa do Patrim\u00f4nio Hist\u00f3rico, Art\u00edstico, Arquitet\u00f4nico e Tur\u00edstico (CONDEPHAAT). O \u00f3rg\u00e3o reconheceu que ela tem um valor excepcional n\u00e3o somente para a Regi\u00e3o, mas para o estado de S\u00e3o Paulo e o Brasil.<\/p>\n<p>A resolu\u00e7\u00e3o 11 do documento de tombamento evidencia a necessidade de prote\u00e7\u00e3o da \u00e1rea de mais de 191 quil\u00f4metros quadrados da serra, que inclui os munic\u00edpios de Jundia\u00ed, Cabre\u00fava, Pirapora do Bom Jesus e Cajamar.<\/p>\n<p><b>Palestra<\/b><\/p>\n<p>Estudantes de Jundia\u00ed, Gabriel Mariano e Jo\u00e3o Henrique Servilha fazem parte do grupo do professor Felipe Amorim que observou a Scybalium fungiforme e o comportamento dos gamb\u00e1s da Serra do Japi. Os dois alunos estar\u00e3o na palestra desta sexta-feira. \u201cO tema a ser abordado na palestra mostra a import\u00e2ncia do tombamento da serra para podermos chegar a resultados t\u00e3o relevantes como este\u201d, completou Vania.<\/p>\n<p>\u201cPor abrigar uma fauna bastante diversificada, al\u00e9m de v\u00e1rias esp\u00e9cies de aves e de mam\u00edferos, a serra sempre recebe estudantes, mestrandos e doutorandos, em busca de conhecimento. A prefeitura trata a preserva\u00e7\u00e3o da Serra do Japi, nosso grande patrim\u00f4nio ecol\u00f3gico, com absoluta prioridade\u201d, emendou o prefeito Luiz Fernando Machado.<\/p>\n<p><strong>Assessoria de Imprensa<\/strong><br \/>\n<strong>Fotos: Fot\u00f3grafos PMJ<\/strong><\/p>\n<div id=\"attachment_246240\" style=\"width: 688px\" class=\"wp-caption aligncenter\"><img loading=\"lazy\" decoding=\"async\" aria-describedby=\"caption-attachment-246240\" class=\"size-large wp-image-246240\" src=\"https:\/\/jundiai.sp.gov.br\/noticias\/wp-content\/uploads\/sites\/32\/2020\/03\/convite_evento_tombamento-serradojapi-678x960.jpeg\" alt=\"Apresenta\u00e7\u00e3o da pesquisa ser\u00e1 no dia 6 de mar\u00e7o no Pa\u00e7o Municipal\" width=\"678\" height=\"960\" srcset=\"https:\/\/jundiai.sp.gov.br\/noticias\/wp-content\/uploads\/sites\/32\/2020\/03\/convite_evento_tombamento-serradojapi-678x960.jpeg 678w, https:\/\/jundiai.sp.gov.br\/noticias\/wp-content\/uploads\/sites\/32\/2020\/03\/convite_evento_tombamento-serradojapi-300x425.jpeg 300w, https:\/\/jundiai.sp.gov.br\/noticias\/wp-content\/uploads\/sites\/32\/2020\/03\/convite_evento_tombamento-serradojapi-768x1087.jpeg 768w, https:\/\/jundiai.sp.gov.br\/noticias\/wp-content\/uploads\/sites\/32\/2020\/03\/convite_evento_tombamento-serradojapi.jpeg 904w\" sizes=\"auto, (max-width: 678px) 100vw, 678px\" \/><p id=\"caption-attachment-246240\" class=\"wp-caption-text\">Apresenta\u00e7\u00e3o da pesquisa da equipe do professor Felipe Amorim ser\u00e1 feita no Pa\u00e7o Municipal<\/p><\/div>\n","protected":false},"excerpt":{"rendered":"<p>Um encontro entre pesquisadores, especialistas em fauna e flora e o prefeito de Jundia\u00ed, Luiz Fernando Machado, agendado para a pr\u00f3xima sexta-feira (6), \u00e0s 11h no Pa\u00e7o Municipal, marcar\u00e1 os 37 anos de tombamento da Serra do Japi e a apresenta\u00e7\u00e3o de uma pesquisa cujo palco foi o maior patrim\u00f4nio ambiental da Regi\u00e3o. Tamb\u00e9m participar\u00e3o [&hellip;]<\/p>\n","protected":false},"author":54,"featured_media":246228,"comment_status":"closed","ping_status":"closed","sticky":false,"template":"","format":"standard","meta":{"footnotes":""},"categories":[2],"tags":[574,984],"ods":[],"class_list":["post-246226","post","type-post","status-publish","format-standard","has-post-thumbnail","hentry","category-noticias","tag-fundacao-serra-do-japi","tag-planejamento-urbano-e-meio-ambiente"],"_links":{"self":[{"href":"https:\/\/jundiai.sp.gov.br\/noticias\/wp-json\/wp\/v2\/posts\/246226","targetHints":{"allow":["GET"]}}],"collection":[{"href":"https:\/\/jundiai.sp.gov.br\/noticias\/wp-json\/wp\/v2\/posts"}],"about":[{"href":"https:\/\/jundiai.sp.gov.br\/noticias\/wp-json\/wp\/v2\/types\/post"}],"author":[{"embeddable":true,"href":"https:\/\/jundiai.sp.gov.br\/noticias\/wp-json\/wp\/v2\/users\/54"}],"replies":[{"embeddable":true,"href":"https:\/\/jundiai.sp.gov.br\/noticias\/wp-json\/wp\/v2\/comments?post=246226"}],"version-history":[{"count":9,"href":"https:\/\/jundiai.sp.gov.br\/noticias\/wp-json\/wp\/v2\/posts\/246226\/revisions"}],"predecessor-version":[{"id":246480,"href":"https:\/\/jundiai.sp.gov.br\/noticias\/wp-json\/wp\/v2\/posts\/246226\/revisions\/246480"}],"wp:featuredmedia":[{"embeddable":true,"href":"https:\/\/jundiai.sp.gov.br\/noticias\/wp-json\/wp\/v2\/media\/246228"}],"wp:attachment":[{"href":"https:\/\/jundiai.sp.gov.br\/noticias\/wp-json\/wp\/v2\/media?parent=246226"}],"wp:term":[{"taxonomy":"category","embeddable":true,"href":"https:\/\/jundiai.sp.gov.br\/noticias\/wp-json\/wp\/v2\/categories?post=246226"},{"taxonomy":"post_tag","embeddable":true,"href":"https:\/\/jundiai.sp.gov.br\/noticias\/wp-json\/wp\/v2\/tags?post=246226"},{"taxonomy":"ods","embeddable":true,"href":"https:\/\/jundiai.sp.gov.br\/noticias\/wp-json\/wp\/v2\/ods?post=246226"}],"curies":[{"name":"wp","href":"https:\/\/api.w.org\/{rel}","templated":true}]}}