{"id":246302,"date":"2020-03-03T17:36:37","date_gmt":"2020-03-03T20:36:37","guid":{"rendered":"https:\/\/jundiai.sp.gov.br\/noticias\/?p=246302"},"modified":"2020-03-03T17:36:37","modified_gmt":"2020-03-03T20:36:37","slug":"jundiai-se-torna-integrante-do-pacto-global-das-nacoes-unidas","status":"publish","type":"post","link":"https:\/\/jundiai.sp.gov.br\/noticias\/2020\/03\/03\/jundiai-se-torna-integrante-do-pacto-global-das-nacoes-unidas\/","title":{"rendered":"Jundia\u00ed se torna integrante do Pacto Global das Na\u00e7\u00f5es Unidas"},"content":{"rendered":"<p style=\"font-weight: 400;\">Na \u00faltima sexta (28) Jundia\u00ed se tornou Cidade Signat\u00e1ria do Programa de Cidades do Pacto Global das Na\u00e7\u00f5es Unidas (ONU). O e-mail de aprova\u00e7\u00e3o e a carta de boas-vindas ao prefeito Luiz Fernando Machado foram enviados neste dia.<\/p>\n<p style=\"font-weight: 400;\">O Pacto Global \u00e9 um chamado para que as organiza\u00e7\u00f5es e entidades do mundo se voluntariem em alinhar as suas estrat\u00e9gias e opera\u00e7\u00f5es com os dez princ\u00edpios universalmente aceitos nas \u00e1reas de direitos humanos, trabalho, meio ambiente e anticorrup\u00e7\u00e3o, al\u00e9m de agir para dar suporte aos objetivos da ONU, incluindo os Objetivos de Desenvolvimento do Mil\u00eanio (ODM).<\/p>\n<div id=\"attachment_246307\" style=\"width: 1034px\" class=\"wp-caption aligncenter\"><img loading=\"lazy\" decoding=\"async\" aria-describedby=\"caption-attachment-246307\" class=\"size-large wp-image-246307\" src=\"https:\/\/jundiai.sp.gov.br\/noticias\/wp-content\/uploads\/sites\/32\/2020\/03\/odair_lourencon_e_familia_chacara_nossa_senhora_das_vitorias_traviu-58-1280x853.jpg\" alt=\"\" width=\"1024\" height=\"682\" srcset=\"https:\/\/jundiai.sp.gov.br\/noticias\/wp-content\/uploads\/sites\/32\/2020\/03\/odair_lourencon_e_familia_chacara_nossa_senhora_das_vitorias_traviu-58-1280x853.jpg 1280w, https:\/\/jundiai.sp.gov.br\/noticias\/wp-content\/uploads\/sites\/32\/2020\/03\/odair_lourencon_e_familia_chacara_nossa_senhora_das_vitorias_traviu-58-300x200.jpg 300w, https:\/\/jundiai.sp.gov.br\/noticias\/wp-content\/uploads\/sites\/32\/2020\/03\/odair_lourencon_e_familia_chacara_nossa_senhora_das_vitorias_traviu-58-768x512.jpg 768w, https:\/\/jundiai.sp.gov.br\/noticias\/wp-content\/uploads\/sites\/32\/2020\/03\/odair_lourencon_e_familia_chacara_nossa_senhora_das_vitorias_traviu-58-450x300.jpg 450w, https:\/\/jundiai.sp.gov.br\/noticias\/wp-content\/uploads\/sites\/32\/2020\/03\/odair_lourencon_e_familia_chacara_nossa_senhora_das_vitorias_traviu-58.jpg 1323w\" sizes=\"auto, (max-width: 1024px) 100vw, 1024px\" \/><p id=\"caption-attachment-246307\" class=\"wp-caption-text\">Cultura de uva no Travi\u00fa: uma das metas do Pacto Global \u00e9 a responsabilidade ambiental<\/p><\/div>\n<p style=\"font-weight: 400;\">Entre os dez princ\u00edpios \u2013 derivados da Declara\u00e7\u00e3o Universal dos Direitos Humanos e Conven\u00e7\u00e3o das Na\u00e7\u00f5es Unidas contra a Corrup\u00e7\u00e3o, entre outras \u2013 est\u00e3o a prote\u00e7\u00e3o aos Direitos Humanos, combate ao trabalho infantil, elimina\u00e7\u00e3o da discrimina\u00e7\u00e3o e incentivo a iniciativas que promovam a responsabilidade ambiental.<\/p>\n<p style=\"font-weight: 400;\">Endossado por chefes do Executivo, o Pacto Global da ONU \u00e9 uma plataforma de lideran\u00e7a para o desenvolvimento, implementa\u00e7\u00e3o e divulga\u00e7\u00e3o de pol\u00edticas e pr\u00e1ticas de responsabilidades corporativas. Criado em 2000, \u00e9 a maior iniciativa mundial de responsabilidade corporativa, com mais de 9.000 mil signat\u00e1rios situados em mais de 135 pa\u00edses.<\/p>\n<p style=\"font-weight: 400;\">A p\u00e1gina da Prefeitura de Jundia\u00ed dentro do Pacto pode ser conferida <a href=\"https:\/\/www.unglobalcompact.org\/what-is-gc\/participants\/136160\">aqui<\/a> .<\/p>\n<p><strong><span style=\"font-family: 'Arial',sans-serif;\">Assessoria de Imprensa<\/span><\/strong><span style=\"font-family: 'Arial',sans-serif;\"><br \/>\n<strong>Fotos: Fot\u00f3grafos PMJ<\/strong><\/span><\/p>\n","protected":false},"excerpt":{"rendered":"<p>Na \u00faltima sexta (28) Jundia\u00ed se tornou Cidade Signat\u00e1ria do Programa de Cidades do Pacto Global das Na\u00e7\u00f5es Unidas (ONU). O e-mail de aprova\u00e7\u00e3o e a carta de boas-vindas ao prefeito Luiz Fernando Machado foram enviados neste dia. O Pacto Global \u00e9 um chamado para que as organiza\u00e7\u00f5es e entidades do mundo se voluntariem em [&hellip;]<\/p>\n","protected":false},"author":45,"featured_media":0,"comment_status":"closed","ping_status":"closed","sticky":false,"template":"","format":"standard","meta":{"footnotes":""},"categories":[2],"tags":[62,1247],"ods":[],"class_list":["post-246302","post","type-post","status-publish","format-standard","hentry","category-noticias","tag-casa-civil","tag-cooperacao-internacional"],"_links":{"self":[{"href":"https:\/\/jundiai.sp.gov.br\/noticias\/wp-json\/wp\/v2\/posts\/246302","targetHints":{"allow":["GET"]}}],"collection":[{"href":"https:\/\/jundiai.sp.gov.br\/noticias\/wp-json\/wp\/v2\/posts"}],"about":[{"href":"https:\/\/jundiai.sp.gov.br\/noticias\/wp-json\/wp\/v2\/types\/post"}],"author":[{"embeddable":true,"href":"https:\/\/jundiai.sp.gov.br\/noticias\/wp-json\/wp\/v2\/users\/45"}],"replies":[{"embeddable":true,"href":"https:\/\/jundiai.sp.gov.br\/noticias\/wp-json\/wp\/v2\/comments?post=246302"}],"version-history":[{"count":6,"href":"https:\/\/jundiai.sp.gov.br\/noticias\/wp-json\/wp\/v2\/posts\/246302\/revisions"}],"predecessor-version":[{"id":246349,"href":"https:\/\/jundiai.sp.gov.br\/noticias\/wp-json\/wp\/v2\/posts\/246302\/revisions\/246349"}],"wp:attachment":[{"href":"https:\/\/jundiai.sp.gov.br\/noticias\/wp-json\/wp\/v2\/media?parent=246302"}],"wp:term":[{"taxonomy":"category","embeddable":true,"href":"https:\/\/jundiai.sp.gov.br\/noticias\/wp-json\/wp\/v2\/categories?post=246302"},{"taxonomy":"post_tag","embeddable":true,"href":"https:\/\/jundiai.sp.gov.br\/noticias\/wp-json\/wp\/v2\/tags?post=246302"},{"taxonomy":"ods","embeddable":true,"href":"https:\/\/jundiai.sp.gov.br\/noticias\/wp-json\/wp\/v2\/ods?post=246302"}],"curies":[{"name":"wp","href":"https:\/\/api.w.org\/{rel}","templated":true}]}}