{"id":246333,"date":"2020-03-03T18:18:13","date_gmt":"2020-03-03T21:18:13","guid":{"rendered":"https:\/\/jundiai.sp.gov.br\/noticias\/?p=246333"},"modified":"2020-03-03T18:18:13","modified_gmt":"2020-03-03T21:18:13","slug":"secretario-de-seguranca-de-varzea-visita-central-de-monitoramento-da-gmj","status":"publish","type":"post","link":"https:\/\/jundiai.sp.gov.br\/noticias\/2020\/03\/03\/secretario-de-seguranca-de-varzea-visita-central-de-monitoramento-da-gmj\/","title":{"rendered":"Secret\u00e1rio de Seguran\u00e7a de V\u00e1rzea visita Central de Monitoramento da GMJ"},"content":{"rendered":"<p>A Guarda Municipal de Jundia\u00ed recebeu na tarde desta segunda-feira (2) a visita do secret\u00e1rio de Seguran\u00e7a P\u00fablica de V\u00e1rzea Paulista, Daniel Basson. Al\u00e9m dele, Ricardo Rodrigues, integrante da Pasta, e Jo\u00e3o Pedro, servidor da Fiscaliza\u00e7\u00e3o da Fazenda, acompanharam o encontro. O grupo de V\u00e1rzea foi recebido pelo gestor da Unidade de Gest\u00e3o de Seguran\u00e7a Municipal (UGSM) de Jundia\u00ed, Paulo S\u00e9rgio de Lemos Giacomelli Stel (Jac\u00f3).<\/p>\n<p>O objetivo dos visitantes foi conhecer a alta tecnologia, a funcionalidade e os resultados j\u00e1 alcan\u00e7ados com o trabalho realizado pelos profissionais da Central de Monitoramento Eletr\u00f4nico de C\u00e2meras \u2013 Olho Vivo, da GM de Jundia\u00ed.<\/p>\n<p>Hoje Jundia\u00ed conta com 85 c\u00e2meras fixas e 102 de OCR, que faz a leitura das placas de ve\u00edculos em 36 pontos espalhados pelo munic\u00edpio. Todas as c\u00e2meras s\u00e3o operadas na Central de Monitoramento \u2013 Olho Vivo, da GM de Jundia\u00ed.<\/p>\n<p>O secret\u00e1rio e seus acompanhantes tamb\u00e9m viram de perto os procedimentos do monitoramento inteligente existente em Jundia\u00ed, que se tornou refer\u00eancia pela efici\u00eancia de sua operacionalidade. \u201cAs c\u00e2meras da Central de Monitoramento s\u00e3o ferramentas de alta defini\u00e7\u00e3o, com um grande n\u00famero de ocorr\u00eancias solucionadas a partir do registro de imagens de atitudes suspeitas e tamb\u00e9m de atos delituosos\u201d, lembrou Jac\u00f3.<\/p>\n<div id=\"attachment_246334\" style=\"width: 5194px\" class=\"wp-caption alignnone\"><img loading=\"lazy\" decoding=\"async\" aria-describedby=\"caption-attachment-246334\" class=\"size-full wp-image-246334\" src=\"https:\/\/jundiai.sp.gov.br\/noticias\/wp-content\/uploads\/sites\/32\/2020\/03\/sect_varzea_gm_jundiai.jpg\" alt=\"Daniel Basson (esq.), Jac\u00f3, Ricardo e Jo\u00e3o Pedro estiveram na Central de Monitoramento da GM de Jundia\u00ed\" width=\"5184\" height=\"3456\" srcset=\"https:\/\/jundiai.sp.gov.br\/noticias\/wp-content\/uploads\/sites\/32\/2020\/03\/sect_varzea_gm_jundiai.jpg 5184w, https:\/\/jundiai.sp.gov.br\/noticias\/wp-content\/uploads\/sites\/32\/2020\/03\/sect_varzea_gm_jundiai-300x200.jpg 300w, https:\/\/jundiai.sp.gov.br\/noticias\/wp-content\/uploads\/sites\/32\/2020\/03\/sect_varzea_gm_jundiai-768x512.jpg 768w, https:\/\/jundiai.sp.gov.br\/noticias\/wp-content\/uploads\/sites\/32\/2020\/03\/sect_varzea_gm_jundiai-1280x853.jpg 1280w, https:\/\/jundiai.sp.gov.br\/noticias\/wp-content\/uploads\/sites\/32\/2020\/03\/sect_varzea_gm_jundiai-450x300.jpg 450w\" sizes=\"auto, (max-width: 5184px) 100vw, 5184px\" \/><p id=\"caption-attachment-246334\" class=\"wp-caption-text\">Daniel Basson (esq.), Jac\u00f3, Ricardo e Jo\u00e3o Pedro estiveram na Central de Monitoramento da GM de Jundia\u00ed<\/p><\/div>\n<p>Tamb\u00e9m foi apresentado o trabalho do Centro de Estat\u00edstica e Intelig\u00eancia (CIE), com o monitoramento de c\u00e2meras via OCR (de reconhecimento \u00f3ptico de caracteres das placas de ve\u00edculos). Daniel Basson enalteceu o excelente trabalho da GM jundiaiense e frisou que a integra\u00e7\u00e3o entre as cidades \u00e9 fundamental para o bem da sociedade. \u201cViemos compartilhar as informa\u00e7\u00f5es e temos a certeza que quem ganha \u00e9 a Regi\u00e3o\u201d, comentou.<\/p>\n<p><strong>Assessoria de Imprensa<\/strong><br \/>\n<strong>Foto: Fot\u00f3grafos PMJ<\/strong><\/p>\n","protected":false},"excerpt":{"rendered":"<p>A Guarda Municipal de Jundia\u00ed recebeu na tarde desta segunda-feira (2) a visita do secret\u00e1rio de Seguran\u00e7a P\u00fablica de V\u00e1rzea Paulista, Daniel Basson. Al\u00e9m dele, Ricardo Rodrigues, integrante da Pasta, e Jo\u00e3o Pedro, servidor da Fiscaliza\u00e7\u00e3o da Fazenda, acompanharam o encontro. O grupo de V\u00e1rzea foi recebido pelo gestor da Unidade de Gest\u00e3o de Seguran\u00e7a [&hellip;]<\/p>\n","protected":false},"author":54,"featured_media":0,"comment_status":"closed","ping_status":"closed","sticky":false,"template":"","format":"standard","meta":{"footnotes":""},"categories":[2],"tags":[31,948],"ods":[],"class_list":["post-246333","post","type-post","status-publish","format-standard","hentry","category-noticias","tag-guarda-municipal","tag-seguranca-municipal"],"_links":{"self":[{"href":"https:\/\/jundiai.sp.gov.br\/noticias\/wp-json\/wp\/v2\/posts\/246333","targetHints":{"allow":["GET"]}}],"collection":[{"href":"https:\/\/jundiai.sp.gov.br\/noticias\/wp-json\/wp\/v2\/posts"}],"about":[{"href":"https:\/\/jundiai.sp.gov.br\/noticias\/wp-json\/wp\/v2\/types\/post"}],"author":[{"embeddable":true,"href":"https:\/\/jundiai.sp.gov.br\/noticias\/wp-json\/wp\/v2\/users\/54"}],"replies":[{"embeddable":true,"href":"https:\/\/jundiai.sp.gov.br\/noticias\/wp-json\/wp\/v2\/comments?post=246333"}],"version-history":[{"count":8,"href":"https:\/\/jundiai.sp.gov.br\/noticias\/wp-json\/wp\/v2\/posts\/246333\/revisions"}],"predecessor-version":[{"id":246373,"href":"https:\/\/jundiai.sp.gov.br\/noticias\/wp-json\/wp\/v2\/posts\/246333\/revisions\/246373"}],"wp:attachment":[{"href":"https:\/\/jundiai.sp.gov.br\/noticias\/wp-json\/wp\/v2\/media?parent=246333"}],"wp:term":[{"taxonomy":"category","embeddable":true,"href":"https:\/\/jundiai.sp.gov.br\/noticias\/wp-json\/wp\/v2\/categories?post=246333"},{"taxonomy":"post_tag","embeddable":true,"href":"https:\/\/jundiai.sp.gov.br\/noticias\/wp-json\/wp\/v2\/tags?post=246333"},{"taxonomy":"ods","embeddable":true,"href":"https:\/\/jundiai.sp.gov.br\/noticias\/wp-json\/wp\/v2\/ods?post=246333"}],"curies":[{"name":"wp","href":"https:\/\/api.w.org\/{rel}","templated":true}]}}