{"id":246424,"date":"2020-03-07T17:19:43","date_gmt":"2020-03-07T20:19:43","guid":{"rendered":"https:\/\/jundiai.sp.gov.br\/noticias\/?p=246424"},"modified":"2020-03-07T17:19:43","modified_gmt":"2020-03-07T20:19:43","slug":"no-tamoio-prefeitura-entrega-mais-uma-emeb-revitalizada","status":"publish","type":"post","link":"https:\/\/jundiai.sp.gov.br\/noticias\/2020\/03\/07\/no-tamoio-prefeitura-entrega-mais-uma-emeb-revitalizada\/","title":{"rendered":"No Tamoio, Prefeitura entrega mais uma Emeb revitalizada"},"content":{"rendered":"<p>O prefeito Luiz Fernando Machado entregou, na manh\u00e3 deste s\u00e1bado (7), mais uma unidade escolar adequada aos padr\u00f5es do programa Escola Inovadora. Na regi\u00e3o Leste, Jardim Tamoio, a Escola Municipal de Educa\u00e7\u00e3o B\u00e1sica (Emeb) Professora Cinira Cardona Mazzali agora est\u00e1 totalmente adaptada aos conceitos do programa, que ressalta a import\u00e2ncia de uma boa ambi\u00eancia para aprimoramento das qualidades j\u00e1 oferecidas pela Educa\u00e7\u00e3o Infantil na rede municipal de ensino. Com investimentos de R$ 298 mil, o pr\u00e9dio recebeu interven\u00e7\u00f5es no telhado, pintura geral, al\u00e9m de red\u00e1rio e novos brinquedos com orienta\u00e7\u00e3o \u00e0 natureza e ao desenvolvimento pleno das potencialidades das crian\u00e7as.<\/p>\n<div id=\"attachment_246670\" style=\"width: 1034px\" class=\"wp-caption aligncenter\"><img loading=\"lazy\" decoding=\"async\" aria-describedby=\"caption-attachment-246670\" src=\"https:\/\/jundiai.sp.gov.br\/noticias\/wp-content\/uploads\/sites\/32\/2020\/03\/reforma_cinira_mazzali_cb-90-1280x853.jpg\" alt=\"\" width=\"1024\" height=\"682\" class=\"size-large wp-image-246670\" srcset=\"https:\/\/jundiai.sp.gov.br\/noticias\/wp-content\/uploads\/sites\/32\/2020\/03\/reforma_cinira_mazzali_cb-90-1280x853.jpg 1280w, https:\/\/jundiai.sp.gov.br\/noticias\/wp-content\/uploads\/sites\/32\/2020\/03\/reforma_cinira_mazzali_cb-90-300x200.jpg 300w, https:\/\/jundiai.sp.gov.br\/noticias\/wp-content\/uploads\/sites\/32\/2020\/03\/reforma_cinira_mazzali_cb-90-768x512.jpg 768w, https:\/\/jundiai.sp.gov.br\/noticias\/wp-content\/uploads\/sites\/32\/2020\/03\/reforma_cinira_mazzali_cb-90-450x300.jpg 450w\" sizes=\"auto, (max-width: 1024px) 100vw, 1024px\" \/><p id=\"caption-attachment-246670\" class=\"wp-caption-text\">A Emeb Professora Cinira Carona Mazzali recebeu interven\u00e7\u00f5es no telhado, pintura geral, red\u00e1rio e novos brinquedos, entre outros investimentos<\/p><\/div>\n<p>Inaugurada em 1992, a Emeb atende a 60 crian\u00e7as com idade entre 0 e 3 anos. &#8220;Essa escola j\u00e1 passou por alguns reparos desde que foi inaugurada, mas nunca uma revitaliza\u00e7\u00e3o t\u00e3o grande como desta vez&#8221;, destaca C\u00e9lia Cerqueira de Ara\u00fajo, diretora da unidade desde 2012. &#8220;Essa reforma demonstra o respeito por parte do poder p\u00fablico pelas fam\u00edlias e pela comunidade do Jardim Tamoio. A melhoria das condi\u00e7\u00f5es do pr\u00e9dio auxilia o trabalho pedag\u00f3gico e a organiza\u00e7\u00e3o do espa\u00e7o reflete no bem estar das crian\u00e7as, das fam\u00edlias e da equipe&#8221;, salienta. <\/p>\n<p>&#8220;Acreditamos que uma cidade que \u00e9 boa para suas crian\u00e7as, tamb\u00e9m ser\u00e1 boa para o adulto e para o idoso, por isso que investimos mais de 30% do nosso or\u00e7amento na Educa\u00e7\u00e3o&#8221;, ressalta o prefeito, lembrando que h\u00e1 poucos dias Jundia\u00ed foi citada pela revista Exame como a cidade brasileira que mais se destaca pelos investimentos feitos em Educa\u00e7\u00e3o. &#8220;Aqui nos preocupamos em oferecer uma Educa\u00e7\u00e3o de qualidade, com continuidade\u00a0e de desenvolvimento pleno. Nossas crian\u00e7as, especialmente as que ainda est\u00e3o na fase da Primeir\u00edssima Inf\u00e2ncia &#8211; quando ocorre o desenvolvimento das conex\u00f5es cerebrais &#8211; est\u00e3o recebendo espa\u00e7os como o desta Emeb, com locais onde elas aprendem a conviver harmoniosamente com a natureza, ambientes acolhedores, e professores capacitados para orient\u00e1-las&#8221;, comenta o prefeito.<\/p>\n<p>M\u00e3e do pequeno Brian e integrante do Conselho de Classe da Emeb, Ana Paula Vitorino comentou que, antes da reforma da escola, era grande a preocupa\u00e7\u00e3o quanto \u00e0 seguran\u00e7a da crian\u00e7as dentro do ambiente escolar. &#8220;Nunca duvidamos do conte\u00fado e da capacidade da equipe de professores aqui da escola, mas o dia que choveu forte e as crian\u00e7as precisaram trocar de sala por quest\u00f5es de seguran\u00e7a, acendeu a luz da preocupa\u00e7\u00e3o&#8221;, ressaltou. &#8220;Hoje, al\u00e9m de sabermos que nossos filhos est\u00e3o tendo a oportunidade de receber uma educa\u00e7\u00e3o de qualidade, temos a certeza de que est\u00e3o dentro de um ambiente seguro, que possibilita ampliar o desenvolvimento deles&#8221;, comenta.<\/p>\n<p><strong>Investimentos<\/strong><\/p>\n<p>A Prefeitura de Jundia\u00ed segue com obras de reforma, amplia\u00e7\u00e3o e melhorias nas escolas municipais, com investimentos previstos de R$ 12 milh\u00f5es para 2020, dando continuidade e somando-se aos investimentos realizados nos anos anteriores. Est\u00e3o em andamento interven\u00e7\u00f5es em todas as regi\u00f5es da cidade, com constru\u00e7\u00f5es completas de unidades como a\u00a0Emeb Professor Joaquim Candel\u00e1rio de Freitas, na Hortol\u00e2ndia, e da Professora Fernanda de Favre, no Residencial Jundia\u00ed.<\/p>\n<div id=\"attachment_246669\" style=\"width: 1258px\" class=\"wp-caption aligncenter\"><img loading=\"lazy\" decoding=\"async\" aria-describedby=\"caption-attachment-246669\" src=\"https:\/\/jundiai.sp.gov.br\/noticias\/wp-content\/uploads\/sites\/32\/2020\/03\/cda5333.jpg\" alt=\"\" width=\"1248\" height=\"832\" class=\"size-full wp-image-246669\" srcset=\"https:\/\/jundiai.sp.gov.br\/noticias\/wp-content\/uploads\/sites\/32\/2020\/03\/cda5333.jpg 1248w, https:\/\/jundiai.sp.gov.br\/noticias\/wp-content\/uploads\/sites\/32\/2020\/03\/cda5333-300x200.jpg 300w, https:\/\/jundiai.sp.gov.br\/noticias\/wp-content\/uploads\/sites\/32\/2020\/03\/cda5333-768x512.jpg 768w, https:\/\/jundiai.sp.gov.br\/noticias\/wp-content\/uploads\/sites\/32\/2020\/03\/cda5333-450x300.jpg 450w\" sizes=\"auto, (max-width: 1248px) 100vw, 1248px\" \/><p id=\"caption-attachment-246669\" class=\"wp-caption-text\">O prefeito Luiz Fernando Machado com as professoras, pais e alunos da Emeb do Jardim Tamoio<\/p><\/div>\n<p>Nos pr\u00f3ximos meses ser\u00e3o entregues obras nas Emebs Pedro de Oliveira (Vila Joana), Irm\u00e3 Florida Mestag (Parque S\u00e3o Luiz), Emeb Professora Judith Almeida Curado Arruda (Cidade Nova) e Emeb Professora Fernanda de Favre (Residencial Jundia\u00ed). A maior constru\u00e7\u00e3o em andamento \u00e9 da Emeb Professor Joaquim Candel\u00e1rio de Freitas, na Vila Hortol\u00e2ndia. O pr\u00e9dio contar\u00e1 com tr\u00eas pavimentos, biblioteca, audit\u00f3rio, quadra coberta elevador e totalmente acess\u00edvel, para atendimento de crian\u00e7as no ensino fundamental.<\/p>\n<p><strong>Assessoria de Imprensa<br \/>\nFotos: Fot\u00f3grafos PMJ<\/strong><\/p>\n","protected":false},"excerpt":{"rendered":"<p>O prefeito Luiz Fernando Machado entregou, na manh\u00e3 deste s\u00e1bado (7), mais uma unidade escolar adequada aos padr\u00f5es do programa Escola Inovadora. Na regi\u00e3o Leste, Jardim Tamoio, a Escola Municipal de Educa\u00e7\u00e3o B\u00e1sica (Emeb) Professora Cinira Cardona Mazzali agora est\u00e1 totalmente adaptada aos conceitos do programa, que ressalta a import\u00e2ncia de uma boa ambi\u00eancia para [&hellip;]<\/p>\n","protected":false},"author":39,"featured_media":246668,"comment_status":"closed","ping_status":"closed","sticky":false,"template":"","format":"standard","meta":{"footnotes":""},"categories":[2],"tags":[6,1061],"ods":[],"class_list":["post-246424","post","type-post","status-publish","format-standard","has-post-thumbnail","hentry","category-noticias","tag-educacao","tag-escola-inovadora"],"_links":{"self":[{"href":"https:\/\/jundiai.sp.gov.br\/noticias\/wp-json\/wp\/v2\/posts\/246424","targetHints":{"allow":["GET"]}}],"collection":[{"href":"https:\/\/jundiai.sp.gov.br\/noticias\/wp-json\/wp\/v2\/posts"}],"about":[{"href":"https:\/\/jundiai.sp.gov.br\/noticias\/wp-json\/wp\/v2\/types\/post"}],"author":[{"embeddable":true,"href":"https:\/\/jundiai.sp.gov.br\/noticias\/wp-json\/wp\/v2\/users\/39"}],"replies":[{"embeddable":true,"href":"https:\/\/jundiai.sp.gov.br\/noticias\/wp-json\/wp\/v2\/comments?post=246424"}],"version-history":[{"count":33,"href":"https:\/\/jundiai.sp.gov.br\/noticias\/wp-json\/wp\/v2\/posts\/246424\/revisions"}],"predecessor-version":[{"id":246667,"href":"https:\/\/jundiai.sp.gov.br\/noticias\/wp-json\/wp\/v2\/posts\/246424\/revisions\/246667"}],"wp:featuredmedia":[{"embeddable":true,"href":"https:\/\/jundiai.sp.gov.br\/noticias\/wp-json\/wp\/v2\/media\/246668"}],"wp:attachment":[{"href":"https:\/\/jundiai.sp.gov.br\/noticias\/wp-json\/wp\/v2\/media?parent=246424"}],"wp:term":[{"taxonomy":"category","embeddable":true,"href":"https:\/\/jundiai.sp.gov.br\/noticias\/wp-json\/wp\/v2\/categories?post=246424"},{"taxonomy":"post_tag","embeddable":true,"href":"https:\/\/jundiai.sp.gov.br\/noticias\/wp-json\/wp\/v2\/tags?post=246424"},{"taxonomy":"ods","embeddable":true,"href":"https:\/\/jundiai.sp.gov.br\/noticias\/wp-json\/wp\/v2\/ods?post=246424"}],"curies":[{"name":"wp","href":"https:\/\/api.w.org\/{rel}","templated":true}]}}