{"id":246481,"date":"2020-03-05T12:32:55","date_gmt":"2020-03-05T15:32:55","guid":{"rendered":"https:\/\/jundiai.sp.gov.br\/noticias\/?p=246481"},"modified":"2020-03-05T12:52:13","modified_gmt":"2020-03-05T15:52:13","slug":"cultura-abre-vagas-gratuitas-para-novas-oficinas-e-no-complexo-fepasa","status":"publish","type":"post","link":"https:\/\/jundiai.sp.gov.br\/noticias\/2020\/03\/05\/cultura-abre-vagas-gratuitas-para-novas-oficinas-e-no-complexo-fepasa\/","title":{"rendered":"Cultura abre vagas gratuitas para novas oficinas"},"content":{"rendered":"<p>A Unidade de Gest\u00e3o de Cultura (UGC) abriu mais inscri\u00e7\u00f5es pelo programa de Oficinas Culturais gratuitas. As novas oficinas, realizadas no Complexo Fepasa e em diversos locais da cidade, t\u00eam como p\u00fablico alvo desde crian\u00e7as at\u00e9 adultos.<\/p>\n<p>As inscri\u00e7\u00f5es devem ser feitas no local de realiza\u00e7\u00e3o das atividades a partir desta quinta-feira (05) e ser\u00e3o preenchidas por ordem de chegada, at\u00e9 que as vagas sejam completadas. O in\u00edcio das atividades ser\u00e1 informado ao inscrito por telefone pelos organizadores.<\/p>\n<p>No ato das inscri\u00e7\u00f5es, \u00e9 necess\u00e1rio apresentar documento e c\u00f3pias do RG do interessado (e dos pais ou respons\u00e1veis, para os casos de menores de idade) e do comprovante de endere\u00e7o.<\/p>\n<p><strong>Confira as vagas:<\/strong><\/p>\n<p><strong>Oficina de Percuss\u00e3o Corporal (20 vagas)<\/strong><br \/>\nLocal das inscri\u00e7\u00f5es e de realiza\u00e7\u00e3o do curso: Complexo Fepasa (avenida Uni\u00e3o dos Ferrovi\u00e1rios, 1760)<br \/>\nProfessor: Giovanni Pereira<br \/>\nRealiza\u00e7\u00e3o do curso: \u00e0s segundas-feiras, das 19h \u00e0s 21h<br \/>\nP\u00fablico: acima de 15 anos<br \/>\nInscri\u00e7\u00f5es no local: de segunda a sexta-feira, das 9h \u00e0s 16h;<\/p>\n<p><strong>Oficina DJ (20 vagas)<\/strong><br \/>\nLocal das inscri\u00e7\u00f5es e de realiza\u00e7\u00e3o do curso: Centro Comunit\u00e1rio Fazenda Grande (rua Daniel da Silva, 222, Fazenda Grande)<br \/>\nProfessor: Paulo Santos &#8211; DJ Jocker<br \/>\nRealiza\u00e7\u00e3o do curso: \u00e0s sextas-feiras, das 19h \u00e0s 21h<br \/>\nP\u00fablico: acima de 13 anos<br \/>\nInscri\u00e7\u00f5es no local: de segunda a sexta-feira, das 19h \u00e0s 20h;<\/p>\n<p><strong>Oficina de Circo (15 vagas)<\/strong><br \/>\nLocal da realiza\u00e7\u00e3o do curso: Centro Comunit\u00e1rio da Vila Hortol\u00e2ndia (rua Professora Geralda Berthola Facca, 399, vila Hortol\u00e2ndia)<br \/>\nInscri\u00e7\u00f5es pelos telefones: 4582-7890 e 96385-7652 (que tamb\u00e9m atende por WhatsApp)<br \/>\nProfessor: Ulisses Vertuan<br \/>\nRealiza\u00e7\u00e3o do curso: \u00e0s ter\u00e7as-feiras, das 18h \u00e0s 19h30<br \/>\nP\u00fablico: entre sete e 12 anos;<\/p>\n<p><strong>Oficina de Maracatu (20 vagas)<\/strong><br \/>\nLocal das inscri\u00e7\u00f5es e de realiza\u00e7\u00e3o do curso: CEU das Artes Vista Alegre (rua Cabo Edvaldo Quirino Santana, 46-110) \u2013 telefone: 4815-3662<br \/>\nProfessores: Karina Mitiko e David Lito<br \/>\nRealiza\u00e7\u00e3o do curso: \u00e0s segundas-feiras, das 18h \u00e0s 20h<br \/>\nP\u00fablico: acima de 13 anos<br \/>\nInscri\u00e7\u00f5es no local: de segunda a sexta-feira, das 9h \u00e0s 17h.<\/p>\n<div id=\"attachment_246484\" style=\"width: 1270px\" class=\"wp-caption aligncenter\"><img loading=\"lazy\" decoding=\"async\" aria-describedby=\"caption-attachment-246484\" class=\"size-full wp-image-246484\" src=\"https:\/\/jundiai.sp.gov.br\/noticias\/wp-content\/uploads\/sites\/32\/2020\/03\/oficina_circo.jpeg\" alt=\"Pra\u00e7a a c\u00e9u aberto, com p\u00fablico em roda assistindo \u00e0 apresenta\u00e7\u00e3o de palha\u00e7os\" width=\"1260\" height=\"857\" srcset=\"https:\/\/jundiai.sp.gov.br\/noticias\/wp-content\/uploads\/sites\/32\/2020\/03\/oficina_circo.jpeg 1260w, https:\/\/jundiai.sp.gov.br\/noticias\/wp-content\/uploads\/sites\/32\/2020\/03\/oficina_circo-300x204.jpeg 300w, https:\/\/jundiai.sp.gov.br\/noticias\/wp-content\/uploads\/sites\/32\/2020\/03\/oficina_circo-768x522.jpeg 768w\" sizes=\"auto, (max-width: 1260px) 100vw, 1260px\" \/><p id=\"caption-attachment-246484\" class=\"wp-caption-text\">Novas vagas s\u00e3o para as oficinas de circo, percuss\u00e3o corporal, DJ e maracatu<\/p><\/div>\n<p><strong>Assessoria de Imprensa<br \/>\nFoto: Arquivo PMJ<\/strong><\/p>\n","protected":false},"excerpt":{"rendered":"<p>As inscri\u00e7\u00f5es para as oficinas de circo, percuss\u00e3o corporal, DJ e maracatu devem ser feitas no local de realiza\u00e7\u00e3o das atividades a partir desta quinta-feira (05)<\/p>\n","protected":false},"author":14,"featured_media":246484,"comment_status":"closed","ping_status":"closed","sticky":false,"template":"","format":"standard","meta":{"footnotes":""},"categories":[2],"tags":[894,29,449,763],"ods":[],"class_list":["post-246481","post","type-post","status-publish","format-standard","has-post-thumbnail","hentry","category-noticias","tag-ceu-das-artes-do-vista-alegre","tag-cultura","tag-espaco-expressa","tag-oficinas-culturais"],"_links":{"self":[{"href":"https:\/\/jundiai.sp.gov.br\/noticias\/wp-json\/wp\/v2\/posts\/246481","targetHints":{"allow":["GET"]}}],"collection":[{"href":"https:\/\/jundiai.sp.gov.br\/noticias\/wp-json\/wp\/v2\/posts"}],"about":[{"href":"https:\/\/jundiai.sp.gov.br\/noticias\/wp-json\/wp\/v2\/types\/post"}],"author":[{"embeddable":true,"href":"https:\/\/jundiai.sp.gov.br\/noticias\/wp-json\/wp\/v2\/users\/14"}],"replies":[{"embeddable":true,"href":"https:\/\/jundiai.sp.gov.br\/noticias\/wp-json\/wp\/v2\/comments?post=246481"}],"version-history":[{"count":7,"href":"https:\/\/jundiai.sp.gov.br\/noticias\/wp-json\/wp\/v2\/posts\/246481\/revisions"}],"predecessor-version":[{"id":246499,"href":"https:\/\/jundiai.sp.gov.br\/noticias\/wp-json\/wp\/v2\/posts\/246481\/revisions\/246499"}],"wp:featuredmedia":[{"embeddable":true,"href":"https:\/\/jundiai.sp.gov.br\/noticias\/wp-json\/wp\/v2\/media\/246484"}],"wp:attachment":[{"href":"https:\/\/jundiai.sp.gov.br\/noticias\/wp-json\/wp\/v2\/media?parent=246481"}],"wp:term":[{"taxonomy":"category","embeddable":true,"href":"https:\/\/jundiai.sp.gov.br\/noticias\/wp-json\/wp\/v2\/categories?post=246481"},{"taxonomy":"post_tag","embeddable":true,"href":"https:\/\/jundiai.sp.gov.br\/noticias\/wp-json\/wp\/v2\/tags?post=246481"},{"taxonomy":"ods","embeddable":true,"href":"https:\/\/jundiai.sp.gov.br\/noticias\/wp-json\/wp\/v2\/ods?post=246481"}],"curies":[{"name":"wp","href":"https:\/\/api.w.org\/{rel}","templated":true}]}}