{"id":246865,"date":"2020-03-10T13:55:21","date_gmt":"2020-03-10T16:55:21","guid":{"rendered":"https:\/\/jundiai.sp.gov.br\/noticias\/?p=246865"},"modified":"2020-03-10T13:55:21","modified_gmt":"2020-03-10T16:55:21","slug":"dois-ciclistas-de-jundiai-vencem-prova-em-itirapina-no-interior-de-sao-paulo","status":"publish","type":"post","link":"https:\/\/jundiai.sp.gov.br\/noticias\/2020\/03\/10\/dois-ciclistas-de-jundiai-vencem-prova-em-itirapina-no-interior-de-sao-paulo\/","title":{"rendered":"Dois ciclistas de Jundia\u00ed vencem prova em Itirapina, no interior de S\u00e3o Paulo"},"content":{"rendered":"<div id=\"attachment_246866\" style=\"width: 1034px\" class=\"wp-caption aligncenter\"><img loading=\"lazy\" decoding=\"async\" aria-describedby=\"caption-attachment-246866\" class=\"size-large wp-image-246866\" src=\"https:\/\/jundiai.sp.gov.br\/noticias\/wp-content\/uploads\/sites\/32\/2020\/03\/vicente_timejundiai-1280x853.jpg\" alt=\"Vicente Zippinotti faturou o ouro na categoria J\u00fanior da etapa de Itirapina da Copa Soul\" width=\"1024\" height=\"682\" srcset=\"https:\/\/jundiai.sp.gov.br\/noticias\/wp-content\/uploads\/sites\/32\/2020\/03\/vicente_timejundiai-1280x853.jpg 1280w, https:\/\/jundiai.sp.gov.br\/noticias\/wp-content\/uploads\/sites\/32\/2020\/03\/vicente_timejundiai-300x200.jpg 300w, https:\/\/jundiai.sp.gov.br\/noticias\/wp-content\/uploads\/sites\/32\/2020\/03\/vicente_timejundiai-768x512.jpg 768w, https:\/\/jundiai.sp.gov.br\/noticias\/wp-content\/uploads\/sites\/32\/2020\/03\/vicente_timejundiai-450x300.jpg 450w, https:\/\/jundiai.sp.gov.br\/noticias\/wp-content\/uploads\/sites\/32\/2020\/03\/vicente_timejundiai.jpg 1323w\" sizes=\"auto, (max-width: 1024px) 100vw, 1024px\" \/><p id=\"caption-attachment-246866\" class=\"wp-caption-text\">Vicente Zippinotti faturou o ouro na categoria J\u00fanior da etapa de Itirapina da Copa Soul<\/p><\/div>\n<p>Os atletas Henrique Paix\u00e3o e Vicente Zippinotti, do TIME Jundia\u00ed de Ciclismo, venceram no \u00faltimo domingo (8) suas categorias na segunda etapa da Copa Soul de Mountain Bike 2020, que aconteceu em Itirapina, no interior paulista, a 159 quil\u00f4metros de Jundia\u00ed.<\/p>\n<p>Henrique subiu no lugar mais alto do p\u00f3dio na categoria Master A1 e Vicente faturou o ouro na categoria J\u00fanior.<\/p>\n<div id=\"attachment_246870\" style=\"width: 1290px\" class=\"wp-caption aligncenter\"><img loading=\"lazy\" decoding=\"async\" aria-describedby=\"caption-attachment-246870\" class=\"size-full wp-image-246870\" src=\"https:\/\/jundiai.sp.gov.br\/noticias\/wp-content\/uploads\/sites\/32\/2020\/03\/ciclismo_timejundiai.jpeg\" alt=\"Lucas, Carlos Henrique e Vicente comemoram bons resultados do TIME Jundia\u00ed\" width=\"1280\" height=\"960\" srcset=\"https:\/\/jundiai.sp.gov.br\/noticias\/wp-content\/uploads\/sites\/32\/2020\/03\/ciclismo_timejundiai.jpeg 1280w, https:\/\/jundiai.sp.gov.br\/noticias\/wp-content\/uploads\/sites\/32\/2020\/03\/ciclismo_timejundiai-300x225.jpeg 300w, https:\/\/jundiai.sp.gov.br\/noticias\/wp-content\/uploads\/sites\/32\/2020\/03\/ciclismo_timejundiai-768x576.jpeg 768w\" sizes=\"auto, (max-width: 1280px) 100vw, 1280px\" \/><p id=\"caption-attachment-246870\" class=\"wp-caption-text\">Lucas, Carlos Henrique e Vicente comemoram bons resultados do TIME Jundia\u00ed<\/p><\/div>\n<p>Outros integrantes da equipe da Unidade de Gest\u00e3o de Esporte e Lazer (UGEL) de Jundia\u00ed inscritos na prova, Lucas Arakaki e Bruno Calimani ficaram respectivamente em quinto (categoria Sub-23) e sexto lugar (Elite) no evento de Itirapina.<\/p>\n<p>\u201cA Copa Soul foi uma prova nova para nosso grupo e o circuito pegou alguns atletas de surpresa. Dos 50 quil\u00f4metros do percurso, 40 foram com muita areia no piso. Mais parecia o deserto do Saara. Principalmente os ciclistas mais novos tiveram dificuldades, mas os resultados acabaram sendo muito satisfat\u00f3rios\u201d, disse Edm\u00edlson de Souza Lima (Deda), t\u00e9cnico do TIME Jundia\u00ed de Ciclismo.<\/p>\n<p><strong>Assessoria de Imprensa<\/strong><br \/>\n<strong>Fotos: Fot\u00f3grafos PMJ<\/strong><\/p>\n","protected":false},"excerpt":{"rendered":"<p>Os atletas Henrique Paix\u00e3o e Vicente Zippinotti, do TIME Jundia\u00ed de Ciclismo, venceram no \u00faltimo domingo (8) suas categorias na segunda etapa da Copa Soul de Mountain Bike 2020, que aconteceu em Itirapina, no interior paulista, a 159 quil\u00f4metros de Jundia\u00ed. Henrique subiu no lugar mais alto do p\u00f3dio na categoria Master A1 e Vicente [&hellip;]<\/p>\n","protected":false},"author":54,"featured_media":246870,"comment_status":"closed","ping_status":"closed","sticky":false,"template":"","format":"standard","meta":{"footnotes":""},"categories":[2],"tags":[1045],"ods":[],"class_list":["post-246865","post","type-post","status-publish","format-standard","has-post-thumbnail","hentry","category-noticias","tag-time-jundiai"],"_links":{"self":[{"href":"https:\/\/jundiai.sp.gov.br\/noticias\/wp-json\/wp\/v2\/posts\/246865","targetHints":{"allow":["GET"]}}],"collection":[{"href":"https:\/\/jundiai.sp.gov.br\/noticias\/wp-json\/wp\/v2\/posts"}],"about":[{"href":"https:\/\/jundiai.sp.gov.br\/noticias\/wp-json\/wp\/v2\/types\/post"}],"author":[{"embeddable":true,"href":"https:\/\/jundiai.sp.gov.br\/noticias\/wp-json\/wp\/v2\/users\/54"}],"replies":[{"embeddable":true,"href":"https:\/\/jundiai.sp.gov.br\/noticias\/wp-json\/wp\/v2\/comments?post=246865"}],"version-history":[{"count":3,"href":"https:\/\/jundiai.sp.gov.br\/noticias\/wp-json\/wp\/v2\/posts\/246865\/revisions"}],"predecessor-version":[{"id":246872,"href":"https:\/\/jundiai.sp.gov.br\/noticias\/wp-json\/wp\/v2\/posts\/246865\/revisions\/246872"}],"wp:featuredmedia":[{"embeddable":true,"href":"https:\/\/jundiai.sp.gov.br\/noticias\/wp-json\/wp\/v2\/media\/246870"}],"wp:attachment":[{"href":"https:\/\/jundiai.sp.gov.br\/noticias\/wp-json\/wp\/v2\/media?parent=246865"}],"wp:term":[{"taxonomy":"category","embeddable":true,"href":"https:\/\/jundiai.sp.gov.br\/noticias\/wp-json\/wp\/v2\/categories?post=246865"},{"taxonomy":"post_tag","embeddable":true,"href":"https:\/\/jundiai.sp.gov.br\/noticias\/wp-json\/wp\/v2\/tags?post=246865"},{"taxonomy":"ods","embeddable":true,"href":"https:\/\/jundiai.sp.gov.br\/noticias\/wp-json\/wp\/v2\/ods?post=246865"}],"curies":[{"name":"wp","href":"https:\/\/api.w.org\/{rel}","templated":true}]}}