{"id":247046,"date":"2020-03-11T18:39:22","date_gmt":"2020-03-11T21:39:22","guid":{"rendered":"https:\/\/jundiai.sp.gov.br\/noticias\/?p=247046"},"modified":"2020-03-11T18:39:22","modified_gmt":"2020-03-11T21:39:22","slug":"jundiai-tem-1455-mil-pessoas-como-publico-alvo-da-vacinacao-contra-influenza","status":"publish","type":"post","link":"https:\/\/jundiai.sp.gov.br\/noticias\/2020\/03\/11\/jundiai-tem-1455-mil-pessoas-como-publico-alvo-da-vacinacao-contra-influenza\/","title":{"rendered":"Jundia\u00ed tem 145,5 mil pessoas como p\u00fablico-alvo da vacina\u00e7\u00e3o contra Influenza"},"content":{"rendered":"<p>A Campanha Nacional de Vacina\u00e7\u00e3o contra Influenza foi antecipada, neste ano pelo Minist\u00e9rio da Sa\u00fade (MS), em virtude da circula\u00e7\u00e3o do Novo Coronav\u00edrus. Com o decreto de pandemia determinado pela Organiza\u00e7\u00e3o Mundial da Sa\u00fade (OMS), na tarde desta quarta-feira (11), a medida \u00e9 fundamental para facilitar a identifica\u00e7\u00e3o do COVID-19 entre as popula\u00e7\u00f5es mais suscept\u00edveis. Em Jundia\u00ed o p\u00fablico-alvo determinado soma 145,5 mil pessoas. A oferta da dose ter\u00e1 in\u00edcio no dia 23, em todos os equipamentos da Aten\u00e7\u00e3o B\u00e1sica, durante o hor\u00e1rio de funcionamento de cada servi\u00e7o.<\/p>\n<p>De acordo com a enfermeira da Vigil\u00e2ncia Epidemiol\u00f3gica (VE), Maria do Carmo Possidente, a determina\u00e7\u00e3o do p\u00fablico \u00e9 nacional, sendo os primeiros a ser atendidos os idosos, com 60 anos ou mais e trabalhadores de Sa\u00fade, a partir do dia 23. &#8220;Esse \u00e9 o maior p\u00fablico, com mais de 50 mil pessoas, que deve procurar o servi\u00e7o de sa\u00fade mais pr\u00f3ximo para se imunizar. Desta forma, com o aumento da circula\u00e7\u00e3o do COVID-19 no Brasil, caso a pessoa apresente sintomas caracter\u00edsticos gripais e j\u00e1 esteja vacinada, as demais cepas de v\u00edrus s\u00e3o descartadas, facilitando a identifica\u00e7\u00e3o&#8221;, detalha.<\/p>\n<div id=\"attachment_247057\" style=\"width: 1270px\" class=\"wp-caption aligncenter\"><img loading=\"lazy\" decoding=\"async\" aria-describedby=\"caption-attachment-247057\" class=\"size-full wp-image-247057\" src=\"https:\/\/jundiai.sp.gov.br\/noticias\/wp-content\/uploads\/sites\/32\/2020\/03\/gripe1.jpg\" alt=\"\" width=\"1260\" height=\"949\" srcset=\"https:\/\/jundiai.sp.gov.br\/noticias\/wp-content\/uploads\/sites\/32\/2020\/03\/gripe1.jpg 1260w, https:\/\/jundiai.sp.gov.br\/noticias\/wp-content\/uploads\/sites\/32\/2020\/03\/gripe1-300x226.jpg 300w, https:\/\/jundiai.sp.gov.br\/noticias\/wp-content\/uploads\/sites\/32\/2020\/03\/gripe1-768x578.jpg 768w\" sizes=\"auto, (max-width: 1260px) 100vw, 1260px\" \/><p id=\"caption-attachment-247057\" class=\"wp-caption-text\">Pessoas com 60 anos ou mais ser\u00e3o as primeiras a receber a vacina contra influenza, a partir do dia 23 de mar\u00e7o; profissionais da sa\u00fade tamb\u00e9m ser\u00e3o imunizados a partir deste per\u00edodo<\/p><\/div>\n<p>A partir do dia 16 de abril, ser\u00e3o os professores e profissionais das for\u00e7as de seguran\u00e7as e salvamento. As crian\u00e7as entre 6 meses e menores de 6 anos, doentes cr\u00f4nicos, pessoas com 55 anos ou mais, gr\u00e1vidas, m\u00e3es no p\u00f3s-parto, popula\u00e7\u00e3o ind\u00edgena e portadores de condi\u00e7\u00f5es especiais, ter\u00e3o as vacinas liberadas a partir de 9 de maio.<\/p>\n<p>O &#8216;Dia D&#8217; da campanha ser\u00e1 no s\u00e1bado, 9 de maio. As vacinas estar\u00e3o dispon\u00edveis em todas as 35 unidades b\u00e1sicas espalhadas na cidade, durante o hor\u00e1rio de funcionamento de cada servi\u00e7o, inclusive no terceiro turno, dispon\u00edvel nas UBSs Tamoio, Hortol\u00e2ndia, Agapeama e na Cl\u00ednica da Fam\u00edlia.<\/p>\n<p><strong>Assessoria de Imprensa<br \/>\nFotos: Fot\u00f3grafos PMJ<\/strong><\/p>\n","protected":false},"excerpt":{"rendered":"<p>A Campanha Nacional de Vacina\u00e7\u00e3o contra Influenza foi antecipada, neste ano pelo Minist\u00e9rio da Sa\u00fade (MS), em virtude da circula\u00e7\u00e3o do Novo Coronav\u00edrus. Com o decreto de pandemia determinado pela Organiza\u00e7\u00e3o Mundial da Sa\u00fade (OMS), na tarde desta quarta-feira (11), a medida \u00e9 fundamental para facilitar a identifica\u00e7\u00e3o do COVID-19 entre as popula\u00e7\u00f5es mais suscept\u00edveis. [&hellip;]<\/p>\n","protected":false},"author":39,"featured_media":247058,"comment_status":"closed","ping_status":"closed","sticky":false,"template":"","format":"standard","meta":{"footnotes":""},"categories":[2],"tags":[1500,981],"ods":[],"class_list":["post-247046","post","type-post","status-publish","format-standard","has-post-thumbnail","hentry","category-noticias","tag-coronavirus","tag-promocao-da-saude"],"_links":{"self":[{"href":"https:\/\/jundiai.sp.gov.br\/noticias\/wp-json\/wp\/v2\/posts\/247046","targetHints":{"allow":["GET"]}}],"collection":[{"href":"https:\/\/jundiai.sp.gov.br\/noticias\/wp-json\/wp\/v2\/posts"}],"about":[{"href":"https:\/\/jundiai.sp.gov.br\/noticias\/wp-json\/wp\/v2\/types\/post"}],"author":[{"embeddable":true,"href":"https:\/\/jundiai.sp.gov.br\/noticias\/wp-json\/wp\/v2\/users\/39"}],"replies":[{"embeddable":true,"href":"https:\/\/jundiai.sp.gov.br\/noticias\/wp-json\/wp\/v2\/comments?post=247046"}],"version-history":[{"count":10,"href":"https:\/\/jundiai.sp.gov.br\/noticias\/wp-json\/wp\/v2\/posts\/247046\/revisions"}],"predecessor-version":[{"id":247060,"href":"https:\/\/jundiai.sp.gov.br\/noticias\/wp-json\/wp\/v2\/posts\/247046\/revisions\/247060"}],"wp:featuredmedia":[{"embeddable":true,"href":"https:\/\/jundiai.sp.gov.br\/noticias\/wp-json\/wp\/v2\/media\/247058"}],"wp:attachment":[{"href":"https:\/\/jundiai.sp.gov.br\/noticias\/wp-json\/wp\/v2\/media?parent=247046"}],"wp:term":[{"taxonomy":"category","embeddable":true,"href":"https:\/\/jundiai.sp.gov.br\/noticias\/wp-json\/wp\/v2\/categories?post=247046"},{"taxonomy":"post_tag","embeddable":true,"href":"https:\/\/jundiai.sp.gov.br\/noticias\/wp-json\/wp\/v2\/tags?post=247046"},{"taxonomy":"ods","embeddable":true,"href":"https:\/\/jundiai.sp.gov.br\/noticias\/wp-json\/wp\/v2\/ods?post=247046"}],"curies":[{"name":"wp","href":"https:\/\/api.w.org\/{rel}","templated":true}]}}